{"id":111472,"date":"2022-10-30T09:32:59","date_gmt":"2022-10-30T14:32:59","guid":{"rendered":"http:\/\/elcuartopoder.com.mx\/nw\/?p=111472"},"modified":"2022-10-30T09:33:03","modified_gmt":"2022-10-30T14:33:03","slug":"un-pastor-cristiano-es-acusado-de-abusar-de-una-menor-de-edad-en-varias-ocasiones-durante-el-ultimo-ano","status":"publish","type":"post","link":"http:\/\/elcuartopoder.com.mx\/nw\/policiacas\/un-pastor-cristiano-es-acusado-de-abusar-de-una-menor-de-edad-en-varias-ocasiones-durante-el-ultimo-ano\/","title":{"rendered":"Un pastor cristiano es acusado de abusar de una menor de edad en varias ocasiones durante el \u00faltimo a\u00f1o"},"content":{"rendered":"\n<p>El pastor\u00a0<strong>Carlos \u201cN\u201d, de la iglesia Casa de Oraci\u00f3n<\/strong>, ubicada en\u00a0<strong>Coatepec<\/strong>, en la\u00a0<strong>regi\u00f3n<\/strong>\u00a0capital de\u00a0<strong>Veracruz<\/strong>, fue denunciado en la Fiscal\u00eda General del Estado (FGE) por presunto abuso sexual en agravio de\u00a0una adolescente.\u00a0El padre de la v\u00edctima se\u00f1al\u00f3 que el religioso se aprovech\u00f3 de la menor al interior del templo, durante casi 12 meses, desde que ella ten\u00eda 15 a\u00f1os.\u00a0<\/p>\n\n\n\n<p>La querella fue presentada en la&nbsp;<strong>Fiscal\u00eda<\/strong>&nbsp;<strong>Primera<\/strong>&nbsp;<strong>Especializada<\/strong>&nbsp;en la Investigaci\u00f3n de Delitos de Violencia contra la Familia, Mujeres, Ni\u00f1as y Ni\u00f1os y Trata de Personas y qued\u00f3 asentada en la carpeta de investigaci\u00f3n n\u00famero COA\/DXII\/FEMUJ\/FE1\/133\/2022.&nbsp; El tutor de la menor, cuya identidad tambi\u00e9n es resguardada, relat\u00f3 que, el pasado 6 de abril, su hija, de 16 a\u00f1os, le dijo que&nbsp;<strong>el pastor hab\u00eda tocado varias veces su cuerpo<\/strong>, bajo la ropa.<\/p>\n\n\n\n<p>La \u00faltima vez esto sucedi\u00f3 el pasado 27 de marzo, alrededor de las diez de la ma\u00f1ana, al interior de la&nbsp;<strong>iglesia<\/strong>&nbsp;<strong>cristiana<\/strong>. La joven recuerda la fecha porque es cumplea\u00f1os de su mam\u00e1.&nbsp;La v\u00edctima descart\u00f3 que&nbsp;<strong>Carlos \u201cN\u201d&nbsp;<\/strong>la hubiese penetrado y se\u00f1al\u00f3 que solo le tocaba las piernas, su trasero y sus pechos.&nbsp;<\/p>\n\n\n\n<figure class=\"wp-block-image\"><img decoding=\"async\" src=\"https:\/\/heraldodemexico.com.mx\/u\/fotografias\/m\/2022\/10\/28\/f768x1-605715_605842_31.jpeg\" alt=\"\"\/><figcaption>Los hechos habr\u00edan ocurrido dentro del templo<\/figcaption><\/figure>\n\n\n\n<p>En primera instancia, la menor cont\u00f3 lo ocurrido a su madre, quien no le crey\u00f3, pero&nbsp;<strong>ahora su familia la respalda<\/strong>, por ello, se procedi\u00f3 legalmente contra el presunto agresor.&nbsp;Otras mujeres adultas han comentado a esta familia haber padecido situaciones similares presuntamente cometidas por el pastor de la&nbsp;<strong>Iglesia Cristiana Casa de Oraci\u00f3n<\/strong>, ubicada sobre la calle Justo Sierra n\u00famero 64, en la zona centro del&nbsp;<strong>pueblo<\/strong>&nbsp;<strong>m\u00e1gico<\/strong>.&nbsp;<\/p>\n\n\n\n<p><strong>Carlos \u201cN\u201d&nbsp;<\/strong>ostenta el cargo eclesi\u00e1stico de \u201c<strong>ap\u00f3stol<\/strong>\u201d dentro de la&nbsp;<strong>Iglesia<\/strong>&nbsp;<strong>Cristiana<\/strong>&nbsp;en el municipio de&nbsp;<strong>Coatepec<\/strong>, donde ha permanecido al menos durante 30 a\u00f1os.&nbsp;Esto se suma a la serie de casos en que han sido se\u00f1alados miembros de distintas religiones por este tipo de delitos.&nbsp;<\/p>\n\n\n\n<p>Cabe recordar que el l\u00edder de la iglesia mexicana\u00a0<strong>La Luz del Mundo, Naas\u00f3n Joaqu\u00edn Garc\u00eda<\/strong>, fue sentenciado a m\u00e1s de 16 a\u00f1os en una prisi\u00f3n de California, Estados Unidos, por abusar sexualmente de tres ni\u00f1as.<\/p>\n\n\n\n<p>Fuente: heraldodemexico<\/p>\n","protected":false},"excerpt":{"rendered":"<p>El pastor\u00a0Carlos \u201cN\u201d, de la iglesia Casa de Oraci\u00f3n, ubicada en\u00a0Coatepec, en la\u00a0regi\u00f3n\u00a0capital de\u00a0Veracruz, fue denunciado en la Fiscal\u00eda General del Estado (FGE) por presunto abuso sexual en agravio de\u00a0una adolescente.\u00a0El padre de la v\u00edctima se\u00f1al\u00f3 que el religioso se aprovech\u00f3 de la menor al interior del templo, durante casi 12 meses, desde que ella [&hellip;]<\/p>\n","protected":false},"author":2,"featured_media":111473,"comment_status":"open","ping_status":"open","sticky":false,"template":"","format":"standard","meta":{"footnotes":""},"categories":[23],"tags":[],"class_list":["post-111472","post","type-post","status-publish","format-standard","has-post-thumbnail","hentry","category-policiacas"],"_links":{"self":[{"href":"http:\/\/elcuartopoder.com.mx\/nw\/wp-json\/wp\/v2\/posts\/111472","targetHints":{"allow":["GET"]}}],"collection":[{"href":"http:\/\/elcuartopoder.com.mx\/nw\/wp-json\/wp\/v2\/posts"}],"about":[{"href":"http:\/\/elcuartopoder.com.mx\/nw\/wp-json\/wp\/v2\/types\/post"}],"author":[{"embeddable":true,"href":"http:\/\/elcuartopoder.com.mx\/nw\/wp-json\/wp\/v2\/users\/2"}],"replies":[{"embeddable":true,"href":"http:\/\/elcuartopoder.com.mx\/nw\/wp-json\/wp\/v2\/comments?post=111472"}],"version-history":[{"count":1,"href":"http:\/\/elcuartopoder.com.mx\/nw\/wp-json\/wp\/v2\/posts\/111472\/revisions"}],"predecessor-version":[{"id":111474,"href":"http:\/\/elcuartopoder.com.mx\/nw\/wp-json\/wp\/v2\/posts\/111472\/revisions\/111474"}],"wp:featuredmedia":[{"embeddable":true,"href":"http:\/\/elcuartopoder.com.mx\/nw\/wp-json\/wp\/v2\/media\/111473"}],"wp:attachment":[{"href":"http:\/\/elcuartopoder.com.mx\/nw\/wp-json\/wp\/v2\/media?parent=111472"}],"wp:term":[{"taxonomy":"category","embeddable":true,"href":"http:\/\/elcuartopoder.com.mx\/nw\/wp-json\/wp\/v2\/categories?post=111472"},{"taxonomy":"post_tag","embeddable":true,"href":"http:\/\/elcuartopoder.com.mx\/nw\/wp-json\/wp\/v2\/tags?post=111472"}],"curies":[{"name":"wp","href":"https:\/\/api.w.org\/{rel}","templated":true}]}}