{"id":111800,"date":"2022-11-07T14:28:00","date_gmt":"2022-11-07T19:28:00","guid":{"rendered":"http:\/\/elcuartopoder.com.mx\/nw\/?p=111800"},"modified":"2022-11-07T14:28:04","modified_gmt":"2022-11-07T19:28:04","slug":"un-acapulqueno-de-61-anos-murio-y-dono-sus-corneas-para-devolverle-la-vista-a-alguien-mas","status":"publish","type":"post","link":"http:\/\/elcuartopoder.com.mx\/nw\/varios\/un-acapulqueno-de-61-anos-murio-y-dono-sus-corneas-para-devolverle-la-vista-a-alguien-mas\/","title":{"rendered":"Un acapulque\u00f1o de 61 a\u00f1os muri\u00f3 y don\u00f3 sus c\u00f3rneas para devolverle la vista a alguien m\u00e1s"},"content":{"rendered":"\n<p>M\u00e9dicos del Instituto Mexicano del Seguro Social (<strong>IMSS<\/strong>) en&nbsp;<strong>Guerrero<\/strong>&nbsp;lograron la novena procuraci\u00f3n de \u00f3rganos y tejidos en este 2022, para beneficiar en esta ocasi\u00f3n a dos pacientes tras la donaci\u00f3n de c\u00f3rneas de un hombre acapulque\u00f1o de 61 a\u00f1os.<\/p>\n\n\n\n<p>Los familiares del masculino, quien falleci\u00f3 por complicaciones de&nbsp;<strong>Enfermedad<\/strong>&nbsp;<strong>Renal<\/strong>&nbsp;<strong>Cr\u00f3nica<\/strong>, fueron informados sobre la importancia de la donaci\u00f3n, que contribuye a mejorar la calidad de vida &nbsp;de otras personas.<\/p>\n\n\n\n<p>El coordinador hospitalario de&nbsp;<strong>Donaci\u00f3n de \u00d3rganos y Tejidos<\/strong>&nbsp;con fines de Trasplante del Hospital General Regional (<strong>HGR<\/strong>) No. 1 \u201cVicente Guerrero\u201d, Anwar Hern\u00e1ndez Paz y Puente, destac\u00f3 la atenci\u00f3n multidisciplinaria que se realiza para cada una de las procuraciones.<\/p>\n\n\n\n<figure class=\"wp-block-image\"><img decoding=\"async\" src=\"https:\/\/heraldodemexico.com.mx\/u\/fotografias\/m\/2022\/11\/6\/f768x1-611175_611302_142.jpeg\" alt=\"\"\/><figcaption>fueron llevadas hasta La Raza.&nbsp;<\/figcaption><\/figure>\n\n\n\n<p>\u201cLas c\u00f3rneas fueron procuradas por especialistas del HGR, gracias a un trabajo multidisciplinario de trabajo social, m\u00e9dicos de Medicina Interna, asistentes m\u00e9dicos y personal de&nbsp;<strong>Patolog\u00eda<\/strong>, con lo que se logr\u00f3 procurar estas c\u00f3rneas\u201d, expres\u00f3.<\/p>\n\n\n\n<p>Los&nbsp;<strong>tejidos<\/strong>&nbsp;<strong>corneales<\/strong>&nbsp;fueron trasladados v\u00eda terrestre al Hospital de Especialidades Centro M\u00e9dico Nacional (<strong>HE<\/strong>&nbsp;<strong>CMN<\/strong>) \u201c<strong>La<\/strong>&nbsp;<strong>Raza<\/strong>\u201d para su trasplante inmediato a dos pacientes.<\/p>\n\n\n\n<p>Para ser donador voluntario de \u00f3rganos y tejidos, cualquier persona que as\u00ed lo desee puede consultar la p\u00e1gina de internet del CENATRA: https:\/\/www.gob.mx\/cenatra o visitar la p\u00e1gina del IMSS en la liga: http:\/\/www.imss.gob.mx\/salud-en-linea\/donacion-organos se podr\u00e1 registrar la persona interesada para acreditarse como donadora voluntaria.\u00a0 \u00a0 \u00a0\u00a0<\/p>\n\n\n\n<p>Fuente: heraldodemexico<\/p>\n","protected":false},"excerpt":{"rendered":"<p>M\u00e9dicos del Instituto Mexicano del Seguro Social (IMSS) en&nbsp;Guerrero&nbsp;lograron la novena procuraci\u00f3n de \u00f3rganos y tejidos en este 2022, para beneficiar en esta ocasi\u00f3n a dos pacientes tras la donaci\u00f3n de c\u00f3rneas de un hombre acapulque\u00f1o de 61 a\u00f1os. Los familiares del masculino, quien falleci\u00f3 por complicaciones de&nbsp;Enfermedad&nbsp;Renal&nbsp;Cr\u00f3nica, fueron informados sobre la importancia de la [&hellip;]<\/p>\n","protected":false},"author":2,"featured_media":111801,"comment_status":"open","ping_status":"open","sticky":false,"template":"","format":"standard","meta":{"footnotes":""},"categories":[64],"tags":[],"class_list":["post-111800","post","type-post","status-publish","format-standard","has-post-thumbnail","hentry","category-varios"],"_links":{"self":[{"href":"http:\/\/elcuartopoder.com.mx\/nw\/wp-json\/wp\/v2\/posts\/111800","targetHints":{"allow":["GET"]}}],"collection":[{"href":"http:\/\/elcuartopoder.com.mx\/nw\/wp-json\/wp\/v2\/posts"}],"about":[{"href":"http:\/\/elcuartopoder.com.mx\/nw\/wp-json\/wp\/v2\/types\/post"}],"author":[{"embeddable":true,"href":"http:\/\/elcuartopoder.com.mx\/nw\/wp-json\/wp\/v2\/users\/2"}],"replies":[{"embeddable":true,"href":"http:\/\/elcuartopoder.com.mx\/nw\/wp-json\/wp\/v2\/comments?post=111800"}],"version-history":[{"count":1,"href":"http:\/\/elcuartopoder.com.mx\/nw\/wp-json\/wp\/v2\/posts\/111800\/revisions"}],"predecessor-version":[{"id":111802,"href":"http:\/\/elcuartopoder.com.mx\/nw\/wp-json\/wp\/v2\/posts\/111800\/revisions\/111802"}],"wp:featuredmedia":[{"embeddable":true,"href":"http:\/\/elcuartopoder.com.mx\/nw\/wp-json\/wp\/v2\/media\/111801"}],"wp:attachment":[{"href":"http:\/\/elcuartopoder.com.mx\/nw\/wp-json\/wp\/v2\/media?parent=111800"}],"wp:term":[{"taxonomy":"category","embeddable":true,"href":"http:\/\/elcuartopoder.com.mx\/nw\/wp-json\/wp\/v2\/categories?post=111800"},{"taxonomy":"post_tag","embeddable":true,"href":"http:\/\/elcuartopoder.com.mx\/nw\/wp-json\/wp\/v2\/tags?post=111800"}],"curies":[{"name":"wp","href":"https:\/\/api.w.org\/{rel}","templated":true}]}}