{"id":111809,"date":"2022-11-07T14:35:05","date_gmt":"2022-11-07T19:35:05","guid":{"rendered":"http:\/\/elcuartopoder.com.mx\/nw\/?p=111809"},"modified":"2022-11-07T14:35:10","modified_gmt":"2022-11-07T19:35:10","slug":"covid-19-3-nuevos-sintomas-de-la-enfermedad-que-debes-conocer","status":"publish","type":"post","link":"http:\/\/elcuartopoder.com.mx\/nw\/entretenimiento\/salud\/covid-19-3-nuevos-sintomas-de-la-enfermedad-que-debes-conocer\/","title":{"rendered":"Covid-19: 3 nuevos s\u00edntomas de la enfermedad que debes conocer"},"content":{"rendered":"\n<p>Con la pandemia de\u00a0Covid-19\u00a0todav\u00eda latente, y con las campa\u00f1as de vacunaci\u00f3n vigentes\u00a0en gran parte del mundo, esta semana un inmun\u00f3logo dio a conocer que\u00a0<strong>expertos en la enfermedad se encontraban especialmente vigilante ante tres nuevos s\u00edntomas\u00a0<\/strong>que podr\u00edan implicar un posible contagio, \u00e9stos destacan porque no eran tan comunes\u00a0con las variantes previas a\u00a0\u00f3micron, ni con aquellas que antecedieron con otras denominaciones.<\/p>\n\n\n\n<p>Es un hecho que una de las cuestiones m\u00e1s relativas en torno al Covid es la dificultad para que las personas puedan distinguir los s\u00edntomas y descartar una gripe o un catarro com\u00fan.\u00a0<strong>En pasadas variantes los s\u00edntomas eran m\u00e1s intensos,\u00a0como\u00a0la p\u00e9rdida de gusto u olfato<\/strong>, sin embargo, conforme nuevas cepas se van dando a conocer, \u00e9stos han ido apareciendo o desapareciendo dela lista de s\u00edntomas de la\u00a0enfermedad.<\/p>\n\n\n\n<p>Cabe destacar que es un hecho que los contagios han aumentado con la&nbsp;prevalencia de la BA.5, y que el n\u00famero de casos detectados&nbsp;por BQ.1 y XBB se incrementan cada d\u00eda. Estas son mutaciones m\u00e1s contagiosas que las predecesoras, ya que por ejemplo<strong>&nbsp;para el caso de la BQ.1 y la XBB,&nbsp;presentes ya en 65 pa\u00edses, el porcentaje se ha fijado en un 30% m\u00e1s<\/strong>. Mientras que la incidencia, se&nbsp;ha pasado de 800 casos cada 100 mil habitantes a principios de octubre a mil 900 casos a finales del mes pasado.<\/p>\n\n\n\n<h2 class=\"wp-block-heading\">3 nuevos s\u00edntomas de la enfermedad&nbsp;<\/h2>\n\n\n\n<figure class=\"wp-block-image\"><img decoding=\"async\" src=\"https:\/\/heraldodemexico.com.mx\/u\/fotografias\/m\/2022\/8\/24\/f768x1-563984_564111_5050.jpg\" alt=\"\"\/><figcaption>Las campa\u00f1as de vacunaci\u00f3n contin\u00faan en gran parte del mundo. FOTO: EFE<\/figcaption><\/figure>\n\n\n\n<p>Las campa\u00f1as de vacunaci\u00f3n contin\u00faan en gran parte del mundo y con ella las dependencias de salud locales, as\u00ed\u00a0como las mismas personas, siguen estando\u00a0<strong>permanentemente vigilantes ante los s\u00edntomas que pudieran desvelar un posible,\u00a0posibles, s\u00edntomas<\/strong>\u00a0de un\u00a0contagio de la enfermedad. En d\u00edas recientes se han dado a conocer tres nuevos s\u00edntomas que no eran tan comunes en variantes previas.<\/p>\n\n\n\n<p>De todos los s\u00edntomas que siguen vigentes, tres de ellos est\u00e1n fuertemente relacionados con los \u00faltimos linajes identificados de \u00f3micron, inform\u00f3 el&nbsp;inmun\u00f3logo y catedr\u00e1tico&nbsp;<strong>Alfredo Corell: p\u00e9rdida de apetito, afon\u00eda y taquicardia<\/strong>, mismos que no eran tan comunes&nbsp;con las variantes previas al&nbsp;\u00f3micron&nbsp;ni&nbsp;con sus antecesoras de otras denominaciones.&nbsp;<\/p>\n\n\n\n<figure class=\"wp-block-image\"><img decoding=\"async\" src=\"https:\/\/heraldodemexico.com.mx\/u\/fotografias\/m\/2022\/8\/10\/f768x1-555537_555664_5050.png\" alt=\"\"\/><figcaption>Las autoridades sanitarias mantienen su insistencia en&nbsp;abordar una vacunaci\u00f3n conjunta frente a covid y gripe. FOTO: Especial<\/figcaption><\/figure>\n\n\n\n<p>Alfredo Corell indic\u00f3 adem\u00e1s que s\u00ed se comparten con otras afecciones s\u00edntomas como son congesti\u00f3n nasal, tos seca, cefaleas,\u00a0fiebre y dolores musculares. Todo esto en un contexto en el cual l<strong>as autoridades sanitarias mantienen su insistencia en\u00a0abordar una vacunaci\u00f3n conjunta<\/strong>\u00a0frente a covid y gripe.<\/p>\n\n\n\n<p>Sugerencia que se realiza con especial \u00e9nfasis\u00a0en aquellas\u00a0personas mayores de 60 a\u00f1os as\u00ed como los menores de esa edad que presenten enfermedades cr\u00f3nicas. De acuerdo con los informes recientes que han emitido las autoridades de salud,\u00a0<strong>el objetivo es que aunque estas nuevas mutaciones puedan escapar a la protecci\u00f3n total de la vacuna<\/strong>, si se produce un contagio, el desarrollo de la enfermedad sea m\u00e1s moderado.<\/p>\n\n\n\n<p>Fuente: heraldodemexico<\/p>\n","protected":false},"excerpt":{"rendered":"<p>Con la pandemia de\u00a0Covid-19\u00a0todav\u00eda latente, y con las campa\u00f1as de vacunaci\u00f3n vigentes\u00a0en gran parte del mundo, esta semana un inmun\u00f3logo dio a conocer que\u00a0expertos en la enfermedad se encontraban especialmente vigilante ante tres nuevos s\u00edntomas\u00a0que podr\u00edan implicar un posible contagio, \u00e9stos destacan porque no eran tan comunes\u00a0con las variantes previas a\u00a0\u00f3micron, ni con aquellas que [&hellip;]<\/p>\n","protected":false},"author":2,"featured_media":111810,"comment_status":"open","ping_status":"open","sticky":false,"template":"","format":"standard","meta":{"footnotes":""},"categories":[56],"tags":[],"class_list":["post-111809","post","type-post","status-publish","format-standard","has-post-thumbnail","hentry","category-salud"],"_links":{"self":[{"href":"http:\/\/elcuartopoder.com.mx\/nw\/wp-json\/wp\/v2\/posts\/111809","targetHints":{"allow":["GET"]}}],"collection":[{"href":"http:\/\/elcuartopoder.com.mx\/nw\/wp-json\/wp\/v2\/posts"}],"about":[{"href":"http:\/\/elcuartopoder.com.mx\/nw\/wp-json\/wp\/v2\/types\/post"}],"author":[{"embeddable":true,"href":"http:\/\/elcuartopoder.com.mx\/nw\/wp-json\/wp\/v2\/users\/2"}],"replies":[{"embeddable":true,"href":"http:\/\/elcuartopoder.com.mx\/nw\/wp-json\/wp\/v2\/comments?post=111809"}],"version-history":[{"count":1,"href":"http:\/\/elcuartopoder.com.mx\/nw\/wp-json\/wp\/v2\/posts\/111809\/revisions"}],"predecessor-version":[{"id":111811,"href":"http:\/\/elcuartopoder.com.mx\/nw\/wp-json\/wp\/v2\/posts\/111809\/revisions\/111811"}],"wp:featuredmedia":[{"embeddable":true,"href":"http:\/\/elcuartopoder.com.mx\/nw\/wp-json\/wp\/v2\/media\/111810"}],"wp:attachment":[{"href":"http:\/\/elcuartopoder.com.mx\/nw\/wp-json\/wp\/v2\/media?parent=111809"}],"wp:term":[{"taxonomy":"category","embeddable":true,"href":"http:\/\/elcuartopoder.com.mx\/nw\/wp-json\/wp\/v2\/categories?post=111809"},{"taxonomy":"post_tag","embeddable":true,"href":"http:\/\/elcuartopoder.com.mx\/nw\/wp-json\/wp\/v2\/tags?post=111809"}],"curies":[{"name":"wp","href":"https:\/\/api.w.org\/{rel}","templated":true}]}}