{"id":111837,"date":"2022-11-08T09:38:52","date_gmt":"2022-11-08T14:38:52","guid":{"rendered":"http:\/\/elcuartopoder.com.mx\/nw\/?p=111837"},"modified":"2022-11-08T09:38:56","modified_gmt":"2022-11-08T14:38:56","slug":"augusto-fernandez-campeon-del-mundo-de-moto2","status":"publish","type":"post","link":"http:\/\/elcuartopoder.com.mx\/nw\/entretenimiento\/deportes\/augusto-fernandez-campeon-del-mundo-de-moto2\/","title":{"rendered":"Augusto Fern\u00e1ndez, campe\u00f3n del mundo de Moto2"},"content":{"rendered":"\n<p><strong>Augusto Fern\u00e1ndez Guerra<\/strong>\u00a0(Madrid, 1997) es el nuevo campe\u00f3n del mundo en Moto2 demostrando la buena salud del motociclismo balear (aunque naci\u00f3 en Madrid se traslad\u00f3 muy pronto y creci\u00f3 en Mallorca) despu\u00e9s de que hace dos semanas fuera\u00a0<strong>Izan Guevara<\/strong>\u00a0el que\u00a0alzara el t\u00edtulo en Moto3. \u00abMe siento fuerte\u00bb, advert\u00eda durante este fin de semana y lo demostr\u00f3 en los libres y en las clasificaciones, saliendo tercero en la parrilla y con una ventaja de 9,5 puntos respecto a su m\u00e1ximo contrincante,\u00a0<strong>Ai Ogura<\/strong>, que part\u00eda quinto. Pero la pelea solo dur\u00f3 siete vueltas, el tiempo que tard\u00f3 el japon\u00e9s en caerse al suelo, cuando rodaba tercero despu\u00e9s de ser adelantado por\u00a0<strong>Pedro Acosta<\/strong>\u00a0y justo por delante de Augusto. A falta de 17 vueltas, el piloto mallorqu\u00edn ya se sab\u00eda campe\u00f3n y estaba moment\u00e1neamente en el podio. Pod\u00eda ir a por la carrera porque ya no ten\u00eda nada que perder. Era campe\u00f3n del mundo. Al final Augusto qued\u00f3 segundo, por detr\u00e1s de Acosta, ganador de la carrera.<\/p>\n\n\n\n<p>Al igual que la pr\u00e1ctica totalidad de los pilotos del paddock, su pasi\u00f3n por las motos y la velocidad comenz\u00f3 desde muy peque\u00f1o y a los<strong>&nbsp;ocho a\u00f1os<\/strong>&nbsp;ya estaba compitiendo y llam\u00f3 la atenci\u00f3n al ganar los campeonatos regionales en la categor\u00eda de 65cc y luego en la de 85cc. El joven talento se puso en manos en Jos\u00e9 Manuel Lorenzo, padre y entrenador del campeon\u00edsimo<strong>&nbsp;Jorge Lorenzo<\/strong>, el mejor piloto balear de la historia. De la mano de Lorenzo pas\u00f3 a la categor\u00eda de 500cc en 2013, cuando compiti\u00f3 en el Campeonato Internacional de la Copa Junior Europea con una Honda CBR 500R. Compartiendo calendario con el Campeonato del Mundo de&nbsp;<strong>Superbikes<\/strong>, termin\u00f3 segundo en su primera temporada antes de conseguir el t\u00edtulo en apenas su segunda campa\u00f1a.about:blank<\/p>\n\n\n\n<p>Tras ser nombrado &#8216;Rookie del A\u00f1o&#8217; en la categor\u00eda de Stock 600 del Campeonato del Mundo de Superbikes en 2015, Augusto se gan\u00f3 una plaza en el Campeonato del Mundo de&nbsp;<strong>Moto2 para la temporada 2017<\/strong>. Debut\u00f3 en Mugello y termin\u00f3 dos veces en los puntos. Su trayectoria llam\u00f3 la atenci\u00f3n del Pons HP40, que le pidi\u00f3 que sustituyera a H\u00e9ctor Barber\u00e1. El equipo espa\u00f1ol hab\u00eda rescindido el contrato a su piloto estrella despu\u00e9s de que diera positivo en un control de alcoholemia y Augusto Fern\u00e1ndez fue el beneficiado indirecto de ello, aunque supo aprovechar la oportunidad: termin\u00f3 entre los ocho primeros en tres ocasiones, e incluso estuvo a punto de debutar en el podio del Mundial durante el GP de Jap\u00f3n.<\/p>\n\n\n\n<p>2019 fue su punto de inflexi\u00f3n y su temporada m\u00e1s decisiva. Era su tercera temporada en Moto2, gan\u00f3 tres carreras y subi\u00f3 dos veces m\u00e1s al podio, terminando la campa\u00f1a en el quinto lugar de la general. Pero<strong>\u00a0una lesi\u00f3n<\/strong>\u00a0se cruz\u00f3 en su camino. \u00abLa operaci\u00f3n ha ido muy bien y ya estoy impaciente por poder volver a subirme a la moto. Aunque estoy un poco dolorido me encuentro bien y ya estoy impaciente por poder volver a subirme a la moto en Valencia. Seguir\u00e9 todas las indicaciones m\u00e9dicas para llegar en la mejor forma posible y poder dar lo mejor de m\u00ed en las tres \u00faltimas carreras del a\u00f1o\u00bb, explicaba el piloto en las redes sociales. El\u00a0<strong>doctor Xavier Mir<\/strong>\u00a0fue el encargado de la intervenci\u00f3n quir\u00fargica en su antebrazo derecho para solucionar las dolencias sufridas a ra\u00edz del s\u00edndrome compartimental.<\/p>\n\n\n\n<p>Demostr\u00f3 haberse recuperado muy bien. 2021 vino cargado con seis podios y otro quinto puesto en la general del Mundial de la categor\u00eda intermedia. No hab\u00eda ganado ninguna carrera pero hab\u00eda quedado entre los tres primeros en seis de las \u00faltimos nueve carreras. El siguiente objetivo era ganar el t\u00edtulo. Este a\u00f1o dio el salto al<strong>&nbsp;Red Bull KTM Ajo<\/strong>&nbsp;y ha logrado su sue\u00f1o. Llegaba a Valencia con cuatro victorias, ocho podios y la vitola de favorito para alzar el t\u00edtulo. Adem\u00e1s, con la tranquilidad de tener su futuro resuelto. Fern\u00e1ndez ser\u00e1 el compa\u00f1ero de&nbsp;<strong>Pol Espargar\u00f3<\/strong>&nbsp;en el flamante GASGAS Factory Racing Team en MotoGP la pr\u00f3xima temporada.<\/p>\n\n\n\n<p>Rebas\u00f3 la l\u00ednea de meta dejando ir la moto y haciendo una postura de\u00a0<strong>yoga<\/strong>\u00a0bajo la bandera a cuadros. Era un gui\u00f1o hacia su madre, que le ayud\u00f3 a superar las adversidades con la meditaci\u00f3n. Y mientras Augusto Fern\u00e1ndez lloraba sobre la moto y prend\u00eda una traca valenciana en la pista, su padre tampoco pod\u00eda contener la emoci\u00f3n. \u00abMe tengo que pellizcar para cre\u00e9rmelo. La familia hemos sufrido mucho\u00bb, apuntaba Agusto padre. Tras celebrarlo con dos amigos\u00a0<strong>disfrazados de conejo<\/strong>\u00a0y dar una \u00faltima vuelta de honor, el campe\u00f3n lleg\u00f3 al parque cerrado, quem\u00f3 rueda y recibi\u00f3 la felicitaci\u00f3n de Acosta y de su equipo. \u00abEs incre\u00edble, no tengo palabras para describirlo, solo quiero darle las gracias a todo el equipo, a todas las personas que me han apoyado.\u00a0<strong>A\u00fan no me lo creo<\/strong>. Tengo que asimilarlo. Quer\u00eda conseguir la victoria pero Pedro Acosta ha estado incre\u00edble hoy\u00bb, coment\u00f3 el piloto.<\/p>\n\n\n\n<p>Fuente: ABC<\/p>\n","protected":false},"excerpt":{"rendered":"<p>Augusto Fern\u00e1ndez Guerra\u00a0(Madrid, 1997) es el nuevo campe\u00f3n del mundo en Moto2 demostrando la buena salud del motociclismo balear (aunque naci\u00f3 en Madrid se traslad\u00f3 muy pronto y creci\u00f3 en Mallorca) despu\u00e9s de que hace dos semanas fuera\u00a0Izan Guevara\u00a0el que\u00a0alzara el t\u00edtulo en Moto3. \u00abMe siento fuerte\u00bb, advert\u00eda durante este fin de semana y lo [&hellip;]<\/p>\n","protected":false},"author":2,"featured_media":111838,"comment_status":"open","ping_status":"open","sticky":false,"template":"","format":"standard","meta":{"footnotes":""},"categories":[7],"tags":[],"class_list":["post-111837","post","type-post","status-publish","format-standard","has-post-thumbnail","hentry","category-deportes"],"_links":{"self":[{"href":"http:\/\/elcuartopoder.com.mx\/nw\/wp-json\/wp\/v2\/posts\/111837","targetHints":{"allow":["GET"]}}],"collection":[{"href":"http:\/\/elcuartopoder.com.mx\/nw\/wp-json\/wp\/v2\/posts"}],"about":[{"href":"http:\/\/elcuartopoder.com.mx\/nw\/wp-json\/wp\/v2\/types\/post"}],"author":[{"embeddable":true,"href":"http:\/\/elcuartopoder.com.mx\/nw\/wp-json\/wp\/v2\/users\/2"}],"replies":[{"embeddable":true,"href":"http:\/\/elcuartopoder.com.mx\/nw\/wp-json\/wp\/v2\/comments?post=111837"}],"version-history":[{"count":1,"href":"http:\/\/elcuartopoder.com.mx\/nw\/wp-json\/wp\/v2\/posts\/111837\/revisions"}],"predecessor-version":[{"id":111839,"href":"http:\/\/elcuartopoder.com.mx\/nw\/wp-json\/wp\/v2\/posts\/111837\/revisions\/111839"}],"wp:featuredmedia":[{"embeddable":true,"href":"http:\/\/elcuartopoder.com.mx\/nw\/wp-json\/wp\/v2\/media\/111838"}],"wp:attachment":[{"href":"http:\/\/elcuartopoder.com.mx\/nw\/wp-json\/wp\/v2\/media?parent=111837"}],"wp:term":[{"taxonomy":"category","embeddable":true,"href":"http:\/\/elcuartopoder.com.mx\/nw\/wp-json\/wp\/v2\/categories?post=111837"},{"taxonomy":"post_tag","embeddable":true,"href":"http:\/\/elcuartopoder.com.mx\/nw\/wp-json\/wp\/v2\/tags?post=111837"}],"curies":[{"name":"wp","href":"https:\/\/api.w.org\/{rel}","templated":true}]}}