{"id":111861,"date":"2022-11-08T10:54:50","date_gmt":"2022-11-08T15:54:50","guid":{"rendered":"http:\/\/elcuartopoder.com.mx\/nw\/?p=111861"},"modified":"2022-11-08T10:54:52","modified_gmt":"2022-11-08T15:54:52","slug":"titular-de-sedarpe-invita-a-caneros-a-sumarse-al-nuevo-acuerdo","status":"publish","type":"post","link":"http:\/\/elcuartopoder.com.mx\/nw\/estatales\/titular-de-sedarpe-invita-a-caneros-a-sumarse-al-nuevo-acuerdo\/","title":{"rendered":"Titular de SEDARPE invita a ca\u00f1eros a sumarse al Nuevo Acuerdo"},"content":{"rendered":"\n<p>Javier Rojo G\u00f3mez.- Para convocar al sector ca\u00f1ero a participar en el Nuevo Acuerdo por el Bienestar y Desarrollo de Quintana Roo promueve la prosperidad compartida, la secretaria de Desarrollo Agropecuario, Rural y Pesca (SEDARPE), Linda Saray Cobos Castro, se reuni\u00f3 con sus integrantes a fin de sumar a todas las voces y propuestas que permitan avanzar para lograr en Quintana Roo la prosperidad compartida.<\/p>\n\n\n\n<p>En este encuentro con los presidentes de la Confederaci\u00f3n Nacional de Productores Rurales (CNPR) y de la Uni\u00f3n Local de Productores de Ca\u00f1a de Az\u00facar (ULPCA), Benjam\u00edn Guti\u00e9rrez Reyes y Evaristo G\u00f3mez D\u00edaz respectivamente, dieron a conocer que el domingo inici\u00f3 la zafra 2022-2023 con lo que se espera una buena cosecha.<\/p>\n\n\n\n<p>Linda Cobos invit\u00f3 a las y los productores a contribuir y sumar esfuerzos para construir este Nuevo Acuerdo para mejorar la planeaci\u00f3n de los programas y enfrentar los retos que implica el cambio clim\u00e1tico para atender la actividad ca\u00f1era.<\/p>\n\n\n\n<p>Durante la reuni\u00f3n en la que tambi\u00e9n particip\u00f3 el representante de la SADER en el estado, la Directora de la CNA, investigadores del INIFAP y empresarios del Ingenio San Rafael de Puct\u00e9, dijo que es indispensable e importante trabajar en equipo y sumar esfuerzos para hacer m\u00e1s eficiente el manejo de los recursos p\u00fablicos en las acciones que demandan todas y todos los productores.<\/p>\n\n\n\n<p>Posterior a la reuni\u00f3n, se realiz\u00f3 un recorrido por la zona ca\u00f1era en donde se habl\u00f3 de la importancia de mejorar o rehabilitar los caminos y atender la limpieza de los drenes para facilitar el movimiento del flujo de agua.<\/p>\n\n\n\n<figure class=\"wp-block-image\"><a href=\"http:\/\/cgc.qroo.gob.mx\/cjg\/wp-content\/uploads\/2022\/11\/SEDARPE-Can%CC%83eros-02.jpeg\"><img decoding=\"async\" src=\"http:\/\/cgc.qroo.gob.mx\/cjg\/wp-content\/uploads\/2022\/11\/SEDARPE-Can%CC%83eros-02-585x323.jpeg\" alt=\"\" title=\"SEDARPE \u2013 Ca\u00f1eros 02\"\/><\/a><\/figure>\n","protected":false},"excerpt":{"rendered":"<p>Javier Rojo G\u00f3mez.- Para convocar al sector ca\u00f1ero a participar en el Nuevo Acuerdo por el Bienestar y Desarrollo de Quintana Roo promueve la prosperidad compartida, la secretaria de Desarrollo Agropecuario, Rural y Pesca (SEDARPE), Linda Saray Cobos Castro, se reuni\u00f3 con sus integrantes a fin de sumar a todas las voces y propuestas que [&hellip;]<\/p>\n","protected":false},"author":2,"featured_media":111862,"comment_status":"open","ping_status":"open","sticky":false,"template":"","format":"standard","meta":{"footnotes":""},"categories":[60],"tags":[],"class_list":["post-111861","post","type-post","status-publish","format-standard","has-post-thumbnail","hentry","category-estatales"],"_links":{"self":[{"href":"http:\/\/elcuartopoder.com.mx\/nw\/wp-json\/wp\/v2\/posts\/111861","targetHints":{"allow":["GET"]}}],"collection":[{"href":"http:\/\/elcuartopoder.com.mx\/nw\/wp-json\/wp\/v2\/posts"}],"about":[{"href":"http:\/\/elcuartopoder.com.mx\/nw\/wp-json\/wp\/v2\/types\/post"}],"author":[{"embeddable":true,"href":"http:\/\/elcuartopoder.com.mx\/nw\/wp-json\/wp\/v2\/users\/2"}],"replies":[{"embeddable":true,"href":"http:\/\/elcuartopoder.com.mx\/nw\/wp-json\/wp\/v2\/comments?post=111861"}],"version-history":[{"count":1,"href":"http:\/\/elcuartopoder.com.mx\/nw\/wp-json\/wp\/v2\/posts\/111861\/revisions"}],"predecessor-version":[{"id":111863,"href":"http:\/\/elcuartopoder.com.mx\/nw\/wp-json\/wp\/v2\/posts\/111861\/revisions\/111863"}],"wp:featuredmedia":[{"embeddable":true,"href":"http:\/\/elcuartopoder.com.mx\/nw\/wp-json\/wp\/v2\/media\/111862"}],"wp:attachment":[{"href":"http:\/\/elcuartopoder.com.mx\/nw\/wp-json\/wp\/v2\/media?parent=111861"}],"wp:term":[{"taxonomy":"category","embeddable":true,"href":"http:\/\/elcuartopoder.com.mx\/nw\/wp-json\/wp\/v2\/categories?post=111861"},{"taxonomy":"post_tag","embeddable":true,"href":"http:\/\/elcuartopoder.com.mx\/nw\/wp-json\/wp\/v2\/tags?post=111861"}],"curies":[{"name":"wp","href":"https:\/\/api.w.org\/{rel}","templated":true}]}}