{"id":111882,"date":"2022-11-09T15:57:07","date_gmt":"2022-11-09T20:57:07","guid":{"rendered":"http:\/\/elcuartopoder.com.mx\/nw\/?p=111882"},"modified":"2022-11-09T15:57:11","modified_gmt":"2022-11-09T20:57:11","slug":"morena-denuncia-a-lorenzo-cordova-por-uso-indebido-de-recursos-publicos","status":"publish","type":"post","link":"http:\/\/elcuartopoder.com.mx\/nw\/nacionales\/morena-denuncia-a-lorenzo-cordova-por-uso-indebido-de-recursos-publicos\/","title":{"rendered":"Morena denuncia a Lorenzo C\u00f3rdova por uso indebido de recursos p\u00fablicos"},"content":{"rendered":"\n<p>El Movimiento de Regeneraci\u00f3n Nacional (Morena), denunci\u00f3 ante el \u00d3rgano Interno de Control al consejero presidente del\u00a0<strong>Instituto Nacional Electoral<\/strong>\u00a0(INE),\u00a0Lorenzo C\u00f3rdova\u00a0por uso presuntamente hacer uso indebido de recursos p\u00fablicos y promoci\u00f3n personalizada en las encuestas que el \u00f3rgano electoral realiz\u00f3, el instituto rechaz\u00f3 las acusaciones.<\/p>\n\n\n\n<p>El diputado federal&nbsp;<strong>Mario Llergo<\/strong>, representante de Morena ante el INE, present\u00f3 la tarde de este lunes la denuncia en contra de C\u00f3rdova por posibles responsabilidades administrativas, a trav\u00e9s de las encuestas realizadas por el INE en las que se hicieron preguntas sobre el consejero presidente.<\/p>\n\n\n\n<p>\u201cEl coordinador de Comunicaci\u00f3n Social, Rub\u00e9n \u00c1lvarez hab\u00eda instruido levantar encuestas para conocer la opini\u00f3n del pueblo sobre la reforma electoral y sobre la imagen del consejero presidente, violando con ello, los principios de transparencia, econom\u00eda y otros, de la funci\u00f3n electoral\u201d se\u00f1ala la denuncia.<\/p>\n\n\n\n<h2 class=\"wp-block-heading\"><strong>Piden determinar faltas administrativas<\/strong><\/h2>\n\n\n\n<h2 class=\"wp-block-heading\">El documento est\u00e1 sustentado con material period\u00edstico y entrevistas a los consejeros electorales en medios de comunicaci\u00f3n; as\u00ed como las encuestas en las que se\u00f1ala, se evidencia una falta de&nbsp;base normativa y prop\u00f3sito para mandar realizar encuestas que midan el grado de aceptaci\u00f3n de miembros del instituto como el consejero presidente.&nbsp;&nbsp;<\/h2>\n\n\n\n<p>\u201cPor ello, solicitamos al \u00d3rgano Interno de Control del INE investigue y en su caso, determina faltas administrativas graves en contra de C\u00f3rdova y su coordinador de Comunicaci\u00f3n social. El primer, de gira en Costa Rica mientras en M\u00e9xico se cuestiona su investidura\u201d, public\u00f3 en su cuenta de Twitter el legislador.&nbsp;<\/p>\n\n\n\n<p>En la denuncia, el partido cuestion\u00f3 sobre el objetivo de las preguntas directas sobre C\u00f3rdova. \u201cOtra pregunta fue sobre si los encuestados conoc\u00edan al Consejero Presidente, el 60 por ciento dijo que no: el 26 por ciento dijo que escucha hablar de \u00e9l y el 14 por ciento que s\u00ed lo conoce\u201d. &nbsp;&nbsp;<\/p>\n\n\n\n<p>Adem\u00e1s, considera que existe ausencia de certeza respecto al uso de recursos p\u00fablicos, toda vez que \u00fanicamente se conoce que el INE pag\u00f3&nbsp;<strong>un mill\u00f3n 401 mil 660 pesos por contratos en 2022<\/strong>, 681 mil 732 pesos centrado en Enkoll para pagar un sondeo por los niveles de confianza del instituto. Y en 2022 un contrato por 445 mil pesos por tres encuestas.<\/p>\n\n\n\n<p>En respuesta, a trav\u00e9s de una tarjeta informativa, el director de Comunicaci\u00f3n Social del instituto,&nbsp;<strong>Rub\u00e9n \u00c1lvarez<\/strong>&nbsp;detall\u00f3 que de enero de 2012 a octubre de 2012 se han realizado 12 levantamientos: nueve telef\u00f3nicos con&nbsp;<strong>400 entrevistas<\/strong>&nbsp;y tres en vivienda con mil 600 entrevistas y que \u00e9stas, se dieron por un proceso de contrataci\u00f3n abierto.<\/p>\n\n\n\n<figure class=\"wp-block-image\"><img decoding=\"async\" src=\"https:\/\/heraldodemexico.com.mx\/u\/fotografias\/m\/2022\/9\/30\/f768x1-587597_587724_5050.jpg\" alt=\"\"\/><figcaption>El diputado Mario Llergo present\u00f3 la denuncia la tarde de este lunes&nbsp;<br>FOTO: Especial<\/figcaption><\/figure>\n\n\n\n<p>Refiere que las encuestas se publicaron en el portal de transparencia del INE el 28 de abril y 15 de octubre pasados y no dos meses antes como aseguraron los consejeros. Respecto a las preguntas directas sobre C\u00f3rdova, se\u00f1al\u00f3 que en el desempe\u00f1o y valoraci\u00f3n de una instituci\u00f3n, est\u00e1 la forma en que es percibida p\u00fablicamente la persona titular de dicha instituci\u00f3n y esto es as\u00ed por diversas razones.<\/p>\n\n\n\n<blockquote class=\"wp-block-quote is-layout-flow wp-block-quote-is-layout-flow\"><p>\u201cQuien preside o encabeza una instituci\u00f3n es quien tiene a su cargo funciones de representaci\u00f3n en diversos espacios institucionales, vocer\u00eda y de toda de decisiones. Por lo tanto, p\u00fablicamente se construye un estrecho v\u00ednculo en la forma en que la poblaci\u00f3n percibe a una instituci\u00f3n y a quien la encabeza\u201d, se\u00f1al\u00f3.<\/p><\/blockquote>\n\n\n\n<p>Por ello, los ataques personalizados a la figura del consejero presidente, \u201cresultaba \u00fatil y pertinente conocer el grado de reconocimiento ante la ciudadan\u00eda para evaluar una potencial afectaci\u00f3n a la instituci\u00f3n\u201d, se\u00f1al\u00f3 el titular de Comunicaci\u00f3n Social del INE.\u00a0<\/p>\n\n\n\n<p>Fuente: heraldodemexico<\/p>\n","protected":false},"excerpt":{"rendered":"<p>El Movimiento de Regeneraci\u00f3n Nacional (Morena), denunci\u00f3 ante el \u00d3rgano Interno de Control al consejero presidente del\u00a0Instituto Nacional Electoral\u00a0(INE),\u00a0Lorenzo C\u00f3rdova\u00a0por uso presuntamente hacer uso indebido de recursos p\u00fablicos y promoci\u00f3n personalizada en las encuestas que el \u00f3rgano electoral realiz\u00f3, el instituto rechaz\u00f3 las acusaciones. El diputado federal&nbsp;Mario Llergo, representante de Morena ante el INE, present\u00f3 [&hellip;]<\/p>\n","protected":false},"author":2,"featured_media":111883,"comment_status":"open","ping_status":"open","sticky":false,"template":"","format":"standard","meta":{"footnotes":""},"categories":[55],"tags":[],"class_list":["post-111882","post","type-post","status-publish","format-standard","has-post-thumbnail","hentry","category-nacionales"],"_links":{"self":[{"href":"http:\/\/elcuartopoder.com.mx\/nw\/wp-json\/wp\/v2\/posts\/111882","targetHints":{"allow":["GET"]}}],"collection":[{"href":"http:\/\/elcuartopoder.com.mx\/nw\/wp-json\/wp\/v2\/posts"}],"about":[{"href":"http:\/\/elcuartopoder.com.mx\/nw\/wp-json\/wp\/v2\/types\/post"}],"author":[{"embeddable":true,"href":"http:\/\/elcuartopoder.com.mx\/nw\/wp-json\/wp\/v2\/users\/2"}],"replies":[{"embeddable":true,"href":"http:\/\/elcuartopoder.com.mx\/nw\/wp-json\/wp\/v2\/comments?post=111882"}],"version-history":[{"count":1,"href":"http:\/\/elcuartopoder.com.mx\/nw\/wp-json\/wp\/v2\/posts\/111882\/revisions"}],"predecessor-version":[{"id":111884,"href":"http:\/\/elcuartopoder.com.mx\/nw\/wp-json\/wp\/v2\/posts\/111882\/revisions\/111884"}],"wp:featuredmedia":[{"embeddable":true,"href":"http:\/\/elcuartopoder.com.mx\/nw\/wp-json\/wp\/v2\/media\/111883"}],"wp:attachment":[{"href":"http:\/\/elcuartopoder.com.mx\/nw\/wp-json\/wp\/v2\/media?parent=111882"}],"wp:term":[{"taxonomy":"category","embeddable":true,"href":"http:\/\/elcuartopoder.com.mx\/nw\/wp-json\/wp\/v2\/categories?post=111882"},{"taxonomy":"post_tag","embeddable":true,"href":"http:\/\/elcuartopoder.com.mx\/nw\/wp-json\/wp\/v2\/tags?post=111882"}],"curies":[{"name":"wp","href":"https:\/\/api.w.org\/{rel}","templated":true}]}}