{"id":111891,"date":"2022-11-10T10:29:21","date_gmt":"2022-11-10T15:29:21","guid":{"rendered":"http:\/\/elcuartopoder.com.mx\/nw\/?p=111891"},"modified":"2022-11-10T10:29:23","modified_gmt":"2022-11-10T15:29:23","slug":"gobierno-municipal-comprometido-con-mejorar-calidad-de-vida-de-cancunenses","status":"publish","type":"post","link":"http:\/\/elcuartopoder.com.mx\/nw\/municipales\/gobierno-municipal-comprometido-con-mejorar-calidad-de-vida-de-cancunenses\/","title":{"rendered":"<strong>GOBIERNO MUNICIPAL COMPROMETIDO CON MEJORAR CALIDAD DE VIDA DE CANCUNENSES<\/strong>"},"content":{"rendered":"\n<p>M\u00e1s de 400 personas atendidas en Jornada Comunitaria de Desarrollo Social<\/p>\n\n\n\n<p><strong>Canc\u00fan, Q.Roo.-<\/strong>\u00a0Con el objetivo de buscar la integraci\u00f3n de las familias m\u00e1s vulnerables, as\u00ed como acercar diversos servicios para mejorar la calidad de vida de las y los ciudadanos, el gobierno de Benito Ju\u00e1rez encabezado por la Presidenta Municipal, Ana Patricia Peralta, llev\u00f3 a cabo la Jornada Comunitaria de Desarrollo Social en el Centro de Desarrollo Comunitario de la Supermanzana 220, donde se atendieron a 450 ciudadanos y ciudadanas.<\/p>\n\n\n\n<p>Al constatar los servicios que se ofrecen en esta jornada a cargo de la Secretar\u00eda de Desarrollo Social y Econ\u00f3mico, la Primera Autoridad Municipal, destac\u00f3 que se atendieron en las cuatro anteriores ediciones a mil 850 personas, por lo que reiter\u00f3 su compromiso de velar por los que menos tienen y cerrar las brechas de desigualdad, por lo que se otorgan mejores oportunidades a quienes m\u00e1s lo necesiten.<\/p>\n\n\n\n<p>Destac\u00f3 que se ofrecen de manera gratuita servicios y atenci\u00f3n personalizada por parte de diferentes dependencias como las direcciones de Salud Municipal, Tr\u00e1nsito Municipal, Desarrollo Social, el Instituto Municipal de la Mujer (IMM), el Instituto Municipal Contra las Adicciones, entre otras, as\u00ed como los Centros de Desarrollo Comunitario.<\/p>\n\n\n\n<p>Adem\u00e1s, Ana Patricia Peralta invit\u00f3 a los ciudadanos a que participen en estas acciones que hace el Gobierno Municipal donde encontraran nutri\u00f3logo, enfermero, dentista, m\u00e9dico general, Trabajo Social, corte de cabello, esmaltado de u\u00f1as, planchado de cejas, examen de la vista, Mesa de Valores, atenci\u00f3n jur\u00eddica y psicol\u00f3gica e informaci\u00f3n y asesor\u00edas contra las adicciones, entre otros servicios.<\/p>\n\n\n\n<p>durante su recorrido, escuch\u00f3 y atendi\u00f3 a cada uno de las y los cancunenses que se le acercaron a ella, a quienes dijo que su trabajo es mejorar la calidad de vida de la poblaci\u00f3n del municipio de Benito Ju\u00e1rez, a trav\u00e9s de un gobierno municipal comprometido, eficaz, sensible, inclusivo e incluyente que otorgue apoyos y servicios de calidad para obtener el bienestar social.<\/p>\n\n\n\n<figure class=\"wp-block-gallery has-nested-images columns-default is-cropped wp-block-gallery-1 is-layout-flex wp-block-gallery-is-layout-flex\">\n<figure class=\"wp-block-image size-large\"><img loading=\"lazy\" decoding=\"async\" width=\"1024\" height=\"684\" data-id=\"111897\" src=\"http:\/\/elcuartopoder.com.mx\/nw\/wp-content\/uploads\/2022\/11\/01-4-1024x684.jpg\" alt=\"\" class=\"wp-image-111897\" srcset=\"http:\/\/elcuartopoder.com.mx\/nw\/wp-content\/uploads\/2022\/11\/01-4-1024x684.jpg 1024w, http:\/\/elcuartopoder.com.mx\/nw\/wp-content\/uploads\/2022\/11\/01-4-300x200.jpg 300w, http:\/\/elcuartopoder.com.mx\/nw\/wp-content\/uploads\/2022\/11\/01-4-768x513.jpg 768w, http:\/\/elcuartopoder.com.mx\/nw\/wp-content\/uploads\/2022\/11\/01-4-696x465.jpg 696w, http:\/\/elcuartopoder.com.mx\/nw\/wp-content\/uploads\/2022\/11\/01-4.jpg 1280w\" sizes=\"auto, (max-width: 1024px) 100vw, 1024px\" \/><\/figure>\n\n\n\n<figure class=\"wp-block-image size-large\"><img loading=\"lazy\" decoding=\"async\" width=\"1024\" height=\"684\" data-id=\"111895\" src=\"http:\/\/elcuartopoder.com.mx\/nw\/wp-content\/uploads\/2022\/11\/02-4-1024x684.jpg\" alt=\"\" class=\"wp-image-111895\" srcset=\"http:\/\/elcuartopoder.com.mx\/nw\/wp-content\/uploads\/2022\/11\/02-4-1024x684.jpg 1024w, http:\/\/elcuartopoder.com.mx\/nw\/wp-content\/uploads\/2022\/11\/02-4-300x200.jpg 300w, http:\/\/elcuartopoder.com.mx\/nw\/wp-content\/uploads\/2022\/11\/02-4-768x513.jpg 768w, http:\/\/elcuartopoder.com.mx\/nw\/wp-content\/uploads\/2022\/11\/02-4-696x465.jpg 696w, http:\/\/elcuartopoder.com.mx\/nw\/wp-content\/uploads\/2022\/11\/02-4.jpg 1280w\" sizes=\"auto, (max-width: 1024px) 100vw, 1024px\" \/><\/figure>\n\n\n\n<figure class=\"wp-block-image size-large\"><img loading=\"lazy\" decoding=\"async\" width=\"1024\" height=\"721\" data-id=\"111896\" src=\"http:\/\/elcuartopoder.com.mx\/nw\/wp-content\/uploads\/2022\/11\/03-4-1024x721.jpg\" alt=\"\" class=\"wp-image-111896\" srcset=\"http:\/\/elcuartopoder.com.mx\/nw\/wp-content\/uploads\/2022\/11\/03-4-1024x721.jpg 1024w, http:\/\/elcuartopoder.com.mx\/nw\/wp-content\/uploads\/2022\/11\/03-4-300x211.jpg 300w, http:\/\/elcuartopoder.com.mx\/nw\/wp-content\/uploads\/2022\/11\/03-4-768x541.jpg 768w, http:\/\/elcuartopoder.com.mx\/nw\/wp-content\/uploads\/2022\/11\/03-4-100x70.jpg 100w, http:\/\/elcuartopoder.com.mx\/nw\/wp-content\/uploads\/2022\/11\/03-4-696x490.jpg 696w, http:\/\/elcuartopoder.com.mx\/nw\/wp-content\/uploads\/2022\/11\/03-4.jpg 1280w\" sizes=\"auto, (max-width: 1024px) 100vw, 1024px\" \/><\/figure>\n\n\n\n<figure class=\"wp-block-image size-large\"><img loading=\"lazy\" decoding=\"async\" width=\"1024\" height=\"682\" data-id=\"111892\" src=\"http:\/\/elcuartopoder.com.mx\/nw\/wp-content\/uploads\/2022\/11\/04-4-1024x682.jpg\" alt=\"\" class=\"wp-image-111892\" srcset=\"http:\/\/elcuartopoder.com.mx\/nw\/wp-content\/uploads\/2022\/11\/04-4-1024x682.jpg 1024w, http:\/\/elcuartopoder.com.mx\/nw\/wp-content\/uploads\/2022\/11\/04-4-300x200.jpg 300w, http:\/\/elcuartopoder.com.mx\/nw\/wp-content\/uploads\/2022\/11\/04-4-768x512.jpg 768w, http:\/\/elcuartopoder.com.mx\/nw\/wp-content\/uploads\/2022\/11\/04-4-696x464.jpg 696w, http:\/\/elcuartopoder.com.mx\/nw\/wp-content\/uploads\/2022\/11\/04-4.jpg 1280w\" sizes=\"auto, (max-width: 1024px) 100vw, 1024px\" \/><\/figure>\n\n\n\n<figure class=\"wp-block-image size-large\"><img loading=\"lazy\" decoding=\"async\" width=\"1024\" height=\"682\" data-id=\"111894\" src=\"http:\/\/elcuartopoder.com.mx\/nw\/wp-content\/uploads\/2022\/11\/05-4-1024x682.jpg\" alt=\"\" class=\"wp-image-111894\" srcset=\"http:\/\/elcuartopoder.com.mx\/nw\/wp-content\/uploads\/2022\/11\/05-4-1024x682.jpg 1024w, http:\/\/elcuartopoder.com.mx\/nw\/wp-content\/uploads\/2022\/11\/05-4-300x200.jpg 300w, http:\/\/elcuartopoder.com.mx\/nw\/wp-content\/uploads\/2022\/11\/05-4-768x512.jpg 768w, http:\/\/elcuartopoder.com.mx\/nw\/wp-content\/uploads\/2022\/11\/05-4-696x464.jpg 696w, http:\/\/elcuartopoder.com.mx\/nw\/wp-content\/uploads\/2022\/11\/05-4.jpg 1280w\" sizes=\"auto, (max-width: 1024px) 100vw, 1024px\" \/><\/figure>\n\n\n\n<figure class=\"wp-block-image size-large\"><img loading=\"lazy\" decoding=\"async\" width=\"1024\" height=\"682\" data-id=\"111893\" src=\"http:\/\/elcuartopoder.com.mx\/nw\/wp-content\/uploads\/2022\/11\/06-4-1024x682.jpg\" alt=\"\" class=\"wp-image-111893\" srcset=\"http:\/\/elcuartopoder.com.mx\/nw\/wp-content\/uploads\/2022\/11\/06-4-1024x682.jpg 1024w, http:\/\/elcuartopoder.com.mx\/nw\/wp-content\/uploads\/2022\/11\/06-4-300x200.jpg 300w, http:\/\/elcuartopoder.com.mx\/nw\/wp-content\/uploads\/2022\/11\/06-4-768x512.jpg 768w, http:\/\/elcuartopoder.com.mx\/nw\/wp-content\/uploads\/2022\/11\/06-4-696x464.jpg 696w, http:\/\/elcuartopoder.com.mx\/nw\/wp-content\/uploads\/2022\/11\/06-4.jpg 1280w\" sizes=\"auto, (max-width: 1024px) 100vw, 1024px\" \/><\/figure>\n\n\n\n<figure class=\"wp-block-image size-large\"><img loading=\"lazy\" decoding=\"async\" width=\"1024\" height=\"610\" data-id=\"111898\" src=\"http:\/\/elcuartopoder.com.mx\/nw\/wp-content\/uploads\/2022\/11\/07-3-1024x610.jpg\" alt=\"\" class=\"wp-image-111898\" srcset=\"http:\/\/elcuartopoder.com.mx\/nw\/wp-content\/uploads\/2022\/11\/07-3-1024x610.jpg 1024w, http:\/\/elcuartopoder.com.mx\/nw\/wp-content\/uploads\/2022\/11\/07-3-300x179.jpg 300w, http:\/\/elcuartopoder.com.mx\/nw\/wp-content\/uploads\/2022\/11\/07-3-768x457.jpg 768w, http:\/\/elcuartopoder.com.mx\/nw\/wp-content\/uploads\/2022\/11\/07-3-696x414.jpg 696w, http:\/\/elcuartopoder.com.mx\/nw\/wp-content\/uploads\/2022\/11\/07-3.jpg 1280w\" sizes=\"auto, (max-width: 1024px) 100vw, 1024px\" \/><\/figure>\n\n\n\n<figure class=\"wp-block-image size-large\"><img loading=\"lazy\" decoding=\"async\" width=\"1024\" height=\"682\" data-id=\"111900\" src=\"http:\/\/elcuartopoder.com.mx\/nw\/wp-content\/uploads\/2022\/11\/08-2-1024x682.jpg\" alt=\"\" class=\"wp-image-111900\" srcset=\"http:\/\/elcuartopoder.com.mx\/nw\/wp-content\/uploads\/2022\/11\/08-2-1024x682.jpg 1024w, http:\/\/elcuartopoder.com.mx\/nw\/wp-content\/uploads\/2022\/11\/08-2-300x200.jpg 300w, http:\/\/elcuartopoder.com.mx\/nw\/wp-content\/uploads\/2022\/11\/08-2-768x512.jpg 768w, http:\/\/elcuartopoder.com.mx\/nw\/wp-content\/uploads\/2022\/11\/08-2-696x464.jpg 696w, http:\/\/elcuartopoder.com.mx\/nw\/wp-content\/uploads\/2022\/11\/08-2.jpg 1280w\" sizes=\"auto, (max-width: 1024px) 100vw, 1024px\" \/><\/figure>\n\n\n\n<figure class=\"wp-block-image size-large\"><img loading=\"lazy\" decoding=\"async\" width=\"1024\" height=\"682\" data-id=\"111899\" src=\"http:\/\/elcuartopoder.com.mx\/nw\/wp-content\/uploads\/2022\/11\/09-2-1024x682.jpg\" alt=\"\" class=\"wp-image-111899\" srcset=\"http:\/\/elcuartopoder.com.mx\/nw\/wp-content\/uploads\/2022\/11\/09-2-1024x682.jpg 1024w, http:\/\/elcuartopoder.com.mx\/nw\/wp-content\/uploads\/2022\/11\/09-2-300x200.jpg 300w, http:\/\/elcuartopoder.com.mx\/nw\/wp-content\/uploads\/2022\/11\/09-2-768x512.jpg 768w, http:\/\/elcuartopoder.com.mx\/nw\/wp-content\/uploads\/2022\/11\/09-2-696x464.jpg 696w, http:\/\/elcuartopoder.com.mx\/nw\/wp-content\/uploads\/2022\/11\/09-2.jpg 1280w\" sizes=\"auto, (max-width: 1024px) 100vw, 1024px\" \/><\/figure>\n\n\n\n<figure class=\"wp-block-image size-large\"><img loading=\"lazy\" decoding=\"async\" width=\"1024\" height=\"710\" data-id=\"111901\" src=\"http:\/\/elcuartopoder.com.mx\/nw\/wp-content\/uploads\/2022\/11\/10-1-1024x710.jpg\" alt=\"\" class=\"wp-image-111901\" srcset=\"http:\/\/elcuartopoder.com.mx\/nw\/wp-content\/uploads\/2022\/11\/10-1-1024x710.jpg 1024w, http:\/\/elcuartopoder.com.mx\/nw\/wp-content\/uploads\/2022\/11\/10-1-300x208.jpg 300w, http:\/\/elcuartopoder.com.mx\/nw\/wp-content\/uploads\/2022\/11\/10-1-768x533.jpg 768w, http:\/\/elcuartopoder.com.mx\/nw\/wp-content\/uploads\/2022\/11\/10-1-100x70.jpg 100w, http:\/\/elcuartopoder.com.mx\/nw\/wp-content\/uploads\/2022\/11\/10-1-218x150.jpg 218w, http:\/\/elcuartopoder.com.mx\/nw\/wp-content\/uploads\/2022\/11\/10-1-696x483.jpg 696w, http:\/\/elcuartopoder.com.mx\/nw\/wp-content\/uploads\/2022\/11\/10-1.jpg 1280w\" sizes=\"auto, (max-width: 1024px) 100vw, 1024px\" \/><\/figure>\n<\/figure>\n","protected":false},"excerpt":{"rendered":"<p>M\u00e1s de 400 personas atendidas en Jornada Comunitaria de Desarrollo Social Canc\u00fan, Q.Roo.-\u00a0Con el objetivo de buscar la integraci\u00f3n de las familias m\u00e1s vulnerables, as\u00ed como acercar diversos servicios para mejorar la calidad de vida de las y los ciudadanos, el gobierno de Benito Ju\u00e1rez encabezado por la Presidenta Municipal, Ana Patricia Peralta, llev\u00f3 a [&hellip;]<\/p>\n","protected":false},"author":2,"featured_media":111894,"comment_status":"open","ping_status":"open","sticky":false,"template":"","format":"standard","meta":{"footnotes":""},"categories":[6],"tags":[],"class_list":["post-111891","post","type-post","status-publish","format-standard","has-post-thumbnail","hentry","category-municipales"],"_links":{"self":[{"href":"http:\/\/elcuartopoder.com.mx\/nw\/wp-json\/wp\/v2\/posts\/111891","targetHints":{"allow":["GET"]}}],"collection":[{"href":"http:\/\/elcuartopoder.com.mx\/nw\/wp-json\/wp\/v2\/posts"}],"about":[{"href":"http:\/\/elcuartopoder.com.mx\/nw\/wp-json\/wp\/v2\/types\/post"}],"author":[{"embeddable":true,"href":"http:\/\/elcuartopoder.com.mx\/nw\/wp-json\/wp\/v2\/users\/2"}],"replies":[{"embeddable":true,"href":"http:\/\/elcuartopoder.com.mx\/nw\/wp-json\/wp\/v2\/comments?post=111891"}],"version-history":[{"count":1,"href":"http:\/\/elcuartopoder.com.mx\/nw\/wp-json\/wp\/v2\/posts\/111891\/revisions"}],"predecessor-version":[{"id":111902,"href":"http:\/\/elcuartopoder.com.mx\/nw\/wp-json\/wp\/v2\/posts\/111891\/revisions\/111902"}],"wp:featuredmedia":[{"embeddable":true,"href":"http:\/\/elcuartopoder.com.mx\/nw\/wp-json\/wp\/v2\/media\/111894"}],"wp:attachment":[{"href":"http:\/\/elcuartopoder.com.mx\/nw\/wp-json\/wp\/v2\/media?parent=111891"}],"wp:term":[{"taxonomy":"category","embeddable":true,"href":"http:\/\/elcuartopoder.com.mx\/nw\/wp-json\/wp\/v2\/categories?post=111891"},{"taxonomy":"post_tag","embeddable":true,"href":"http:\/\/elcuartopoder.com.mx\/nw\/wp-json\/wp\/v2\/tags?post=111891"}],"curies":[{"name":"wp","href":"https:\/\/api.w.org\/{rel}","templated":true}]}}