{"id":111914,"date":"2022-11-10T10:42:00","date_gmt":"2022-11-10T15:42:00","guid":{"rendered":"http:\/\/elcuartopoder.com.mx\/nw\/?p=111914"},"modified":"2022-11-10T10:42:04","modified_gmt":"2022-11-10T15:42:04","slug":"vincularan-a-proceso-a-chuponcito-por-acoso-sexual","status":"publish","type":"post","link":"http:\/\/elcuartopoder.com.mx\/nw\/entretenimiento\/espectaculos\/vincularan-a-proceso-a-chuponcito-por-acoso-sexual\/","title":{"rendered":"Vincular\u00e1n a proceso a \u2018Chuponcito\u2019 por acoso sexual"},"content":{"rendered":"\n<p>El comediante Jos\u00e9 Alfredo \u201cN\u201d, conocido como \u2018<strong>Chuponcito<\/strong>\u2019, quien salt\u00f3 a la fama gracias a su participaci\u00f3n en el programa \u2018Se Vale\u2019, ser\u00e1 vinculado a proceso por uno de los procesos legales que enfrenta por presunto&nbsp;<strong>acoso sexual<\/strong>.<\/p>\n\n\n\n<p>Durante el programa Ventaneando se dio a conocer el avance del caso de&nbsp;<strong>Carla Oaxaca<\/strong>. Seg\u00fan se inform\u00f3, el comediante deber\u00e1 enfrentar el proceso legal.<\/p>\n\n\n\n<p>Carla Oaxaca se\u00f1al\u00f3 que se sent\u00eda de la decisi\u00f3n de las autoridades y que pronto el comediante ser\u00e1 notificado del avance.<\/p>\n\n\n\n<p>Apunt\u00f3 que considera que la justicia s\u00ed existe y que s\u00f3lo esperar\u00e1 a que la sentencia llegue:<\/p>\n\n\n\n<p>\u201cTuve que recurrir a la tercera instancia. Se vincular\u00e1 a proceso, ser\u00e1 notificado para poder iniciar un juicio y que se decida la sentencia a la que se tenga que llegar. Estoy satisfecha. S\u00e9 que la justicia s\u00ed existe\u201d, dijo.<\/p>\n\n\n\n<p>Hasta ahora, \u2018<strong>Chuponcito<\/strong>\u2019 no ha hablado sobre el tema; no obstante, el famoso ha negado los se\u00f1alamientos en su contra en repetidas ocasiones.<\/p>\n\n\n\n<p><strong>\u00bfQui\u00e9n es Carla Oaxaca?<\/strong><\/p>\n\n\n\n<p>Carla Oaxaca era manager del comediante, y fue a finales del 2020 cuando se dio a conocer que \u2018<strong>Chuponcito<\/strong>\u2019 enfrentaba una demanda por acoso sexual, luego de que su ex asistente lo acus\u00f3.<\/p>\n\n\n\n<p>Los hechos, seg\u00fan&nbsp;<strong>Carla Oaxaca<\/strong>, ocurrieron desde 2017 hasta 2020. Asegur\u00f3 que fue v\u00edctima de&nbsp;<strong>violencia sexual<\/strong>.<\/p>\n\n\n\n<p>Carla Oaxaca dijo que el comediante le mandaba mensajes de acoso, la tocaba de forma morbosa e incluso en alg\u00fan momento intent\u00f3 besarla.<\/p>\n\n\n\n<p>Adem\u00e1s de que, seg\u00fan se\u00f1al\u00f3, fue despedida de manera injustificada.<\/p>\n\n\n\n<p>Fuente: Milenio&nbsp;<\/p>\n","protected":false},"excerpt":{"rendered":"<p>El comediante Jos\u00e9 Alfredo \u201cN\u201d, conocido como \u2018Chuponcito\u2019, quien salt\u00f3 a la fama gracias a su participaci\u00f3n en el programa \u2018Se Vale\u2019, ser\u00e1 vinculado a proceso por uno de los procesos legales que enfrenta por presunto&nbsp;acoso sexual. Durante el programa Ventaneando se dio a conocer el avance del caso de&nbsp;Carla Oaxaca. Seg\u00fan se inform\u00f3, el [&hellip;]<\/p>\n","protected":false},"author":2,"featured_media":111915,"comment_status":"open","ping_status":"open","sticky":false,"template":"","format":"standard","meta":{"footnotes":""},"categories":[11],"tags":[],"class_list":["post-111914","post","type-post","status-publish","format-standard","has-post-thumbnail","hentry","category-espectaculos"],"_links":{"self":[{"href":"http:\/\/elcuartopoder.com.mx\/nw\/wp-json\/wp\/v2\/posts\/111914","targetHints":{"allow":["GET"]}}],"collection":[{"href":"http:\/\/elcuartopoder.com.mx\/nw\/wp-json\/wp\/v2\/posts"}],"about":[{"href":"http:\/\/elcuartopoder.com.mx\/nw\/wp-json\/wp\/v2\/types\/post"}],"author":[{"embeddable":true,"href":"http:\/\/elcuartopoder.com.mx\/nw\/wp-json\/wp\/v2\/users\/2"}],"replies":[{"embeddable":true,"href":"http:\/\/elcuartopoder.com.mx\/nw\/wp-json\/wp\/v2\/comments?post=111914"}],"version-history":[{"count":1,"href":"http:\/\/elcuartopoder.com.mx\/nw\/wp-json\/wp\/v2\/posts\/111914\/revisions"}],"predecessor-version":[{"id":111916,"href":"http:\/\/elcuartopoder.com.mx\/nw\/wp-json\/wp\/v2\/posts\/111914\/revisions\/111916"}],"wp:featuredmedia":[{"embeddable":true,"href":"http:\/\/elcuartopoder.com.mx\/nw\/wp-json\/wp\/v2\/media\/111915"}],"wp:attachment":[{"href":"http:\/\/elcuartopoder.com.mx\/nw\/wp-json\/wp\/v2\/media?parent=111914"}],"wp:term":[{"taxonomy":"category","embeddable":true,"href":"http:\/\/elcuartopoder.com.mx\/nw\/wp-json\/wp\/v2\/categories?post=111914"},{"taxonomy":"post_tag","embeddable":true,"href":"http:\/\/elcuartopoder.com.mx\/nw\/wp-json\/wp\/v2\/tags?post=111914"}],"curies":[{"name":"wp","href":"https:\/\/api.w.org\/{rel}","templated":true}]}}