{"id":112124,"date":"2022-11-16T17:54:26","date_gmt":"2022-11-16T22:54:26","guid":{"rendered":"http:\/\/elcuartopoder.com.mx\/nw\/?p=112124"},"modified":"2022-11-16T17:56:24","modified_gmt":"2022-11-16T22:56:24","slug":"realiza-el-centro-estatal-de-conciliacion-laboral-la-semana-de-la-conciliacion","status":"publish","type":"post","link":"http:\/\/elcuartopoder.com.mx\/nw\/destacadas\/realiza-el-centro-estatal-de-conciliacion-laboral-la-semana-de-la-conciliacion\/","title":{"rendered":"Realiza el Centro Estatal de Conciliaci\u00f3n Laboral la \u201cSemana de la Conciliaci\u00f3n\u201d"},"content":{"rendered":"\n<p class=\"wp-block-paragraph\">Chetumal.- Para que las y los trabajadores del Estado conozcan sus derechos y obligaciones a fin de tener un mejor bienestar social y econ\u00f3mico, el Centro Estatal de Conciliaci\u00f3n Laboral realiz\u00f3 la \u201c\u201cPrimera Semana de la Conciliaci\u00f3n\u201d, inform\u00f3 la secretaria del Trabajo y Previsi\u00f3n Social, Flor Ruiz Cosio.<\/p>\n\n\n\n<p class=\"wp-block-paragraph\">Fueron 290 personas las que recibieron la capacitaci\u00f3n denominada \u201cProcedimiento de Conciliaci\u00f3n Prejudicial\u201d en los municipios de Benito Ju\u00e1rez, Solidaridad y Oth\u00f3n P. Blanco y en la que participaron empresarios, patrones, trabajadores, sindicatos y alumnos de diferentes universidades del 7 al 15 del presente mes.<\/p>\n\n\n\n<p class=\"wp-block-paragraph\">Ruiz Cosio explic\u00f3 que mediante estas capacitaciones se da cumplimiento al Nuevo Acuerdo por el Bienestar y Desarrollo de Quintana Roo que impulsa la gobernadora Mara Lezama Espinosa y a la reforma de Justicia Laboral, cuyo objetivo es la resoluci\u00f3n de los conflictos en un plazo menor a los 45 d\u00edas.<\/p>\n\n\n\n<p class=\"wp-block-paragraph\">Ruiz Cosio destac\u00f3 que el trabajo realizado por el Centro Estatal de Conciliaci\u00f3n Laboral (CECL) se han atendido a 15 mil 461 usuarios en las tres delegaciones.<\/p>\n\n\n\n<p class=\"wp-block-paragraph\">Asimismo, dijo que durante este a\u00f1o se han efectuado un total de 7 mil 65 procedimientos de conciliaci\u00f3n, de los cuales 4 mil 787 fueron convenios de conciliaci\u00f3n y 2 mil 317 ratificaciones de convenios.<\/p>\n\n\n\n<p class=\"wp-block-paragraph\">Y mediante el Centro de Conciliaci\u00f3n Laboral ha logrado sumar m\u00e1s de 190 millones de pesos en los convenios de conciliaci\u00f3n concluidos en todo el Estado, finaliz\u00f3.<\/p>\n\n\n\n<figure class=\"wp-block-gallery has-nested-images columns-default is-cropped wp-block-gallery-1 is-layout-flex wp-block-gallery-is-layout-flex\">\n<figure class=\"wp-block-image size-large\"><img loading=\"lazy\" decoding=\"async\" width=\"1024\" height=\"966\" data-id=\"112130\" src=\"http:\/\/elcuartopoder.com.mx\/nw\/wp-content\/uploads\/2022\/11\/STyPS-Conciliacion-02-1-1024x966.jpeg\" alt=\"\" class=\"wp-image-112130\" srcset=\"http:\/\/elcuartopoder.com.mx\/nw\/wp-content\/uploads\/2022\/11\/STyPS-Conciliacion-02-1-1024x966.jpeg 1024w, http:\/\/elcuartopoder.com.mx\/nw\/wp-content\/uploads\/2022\/11\/STyPS-Conciliacion-02-1-300x283.jpeg 300w, http:\/\/elcuartopoder.com.mx\/nw\/wp-content\/uploads\/2022\/11\/STyPS-Conciliacion-02-1-768x725.jpeg 768w, http:\/\/elcuartopoder.com.mx\/nw\/wp-content\/uploads\/2022\/11\/STyPS-Conciliacion-02-1-696x657.jpeg 696w, http:\/\/elcuartopoder.com.mx\/nw\/wp-content\/uploads\/2022\/11\/STyPS-Conciliacion-02-1.jpeg 1280w\" sizes=\"auto, (max-width: 1024px) 100vw, 1024px\" \/><\/figure>\n\n\n\n<figure class=\"wp-block-image size-large\"><img loading=\"lazy\" decoding=\"async\" width=\"1024\" height=\"653\" data-id=\"112131\" src=\"http:\/\/elcuartopoder.com.mx\/nw\/wp-content\/uploads\/2022\/11\/STyPS-Conciliacion-03-1024x653.jpeg\" alt=\"\" class=\"wp-image-112131\" srcset=\"http:\/\/elcuartopoder.com.mx\/nw\/wp-content\/uploads\/2022\/11\/STyPS-Conciliacion-03-1024x653.jpeg 1024w, http:\/\/elcuartopoder.com.mx\/nw\/wp-content\/uploads\/2022\/11\/STyPS-Conciliacion-03-300x191.jpeg 300w, http:\/\/elcuartopoder.com.mx\/nw\/wp-content\/uploads\/2022\/11\/STyPS-Conciliacion-03-768x490.jpeg 768w, http:\/\/elcuartopoder.com.mx\/nw\/wp-content\/uploads\/2022\/11\/STyPS-Conciliacion-03-696x444.jpeg 696w, http:\/\/elcuartopoder.com.mx\/nw\/wp-content\/uploads\/2022\/11\/STyPS-Conciliacion-03.jpeg 1280w\" sizes=\"auto, (max-width: 1024px) 100vw, 1024px\" \/><\/figure>\n\n\n\n<figure class=\"wp-block-image size-large\"><img loading=\"lazy\" decoding=\"async\" width=\"1024\" height=\"653\" data-id=\"112129\" src=\"http:\/\/elcuartopoder.com.mx\/nw\/wp-content\/uploads\/2022\/11\/STyPS-Conciliacion-05-1024x653.jpeg\" alt=\"\" class=\"wp-image-112129\" srcset=\"http:\/\/elcuartopoder.com.mx\/nw\/wp-content\/uploads\/2022\/11\/STyPS-Conciliacion-05-1024x653.jpeg 1024w, http:\/\/elcuartopoder.com.mx\/nw\/wp-content\/uploads\/2022\/11\/STyPS-Conciliacion-05-300x191.jpeg 300w, http:\/\/elcuartopoder.com.mx\/nw\/wp-content\/uploads\/2022\/11\/STyPS-Conciliacion-05-768x490.jpeg 768w, http:\/\/elcuartopoder.com.mx\/nw\/wp-content\/uploads\/2022\/11\/STyPS-Conciliacion-05-696x444.jpeg 696w, http:\/\/elcuartopoder.com.mx\/nw\/wp-content\/uploads\/2022\/11\/STyPS-Conciliacion-05.jpeg 1280w\" sizes=\"auto, (max-width: 1024px) 100vw, 1024px\" \/><\/figure>\n<\/figure>\n\n\n\n<p class=\"wp-block-paragraph\">Fuente: CGC<\/p>\n","protected":false},"excerpt":{"rendered":"<p>Chetumal.- Para que las y los trabajadores del Estado conozcan sus derechos y obligaciones a fin de tener un mejor bienestar social y econ\u00f3mico, el Centro Estatal de Conciliaci\u00f3n Laboral realiz\u00f3 la \u201c\u201cPrimera Semana de la Conciliaci\u00f3n\u201d, inform\u00f3 la secretaria del Trabajo y Previsi\u00f3n Social, Flor Ruiz Cosio. Fueron 290 personas las que recibieron la [&hellip;]<\/p>\n","protected":false},"author":2,"featured_media":112125,"comment_status":"open","ping_status":"open","sticky":false,"template":"","format":"standard","meta":{"footnotes":""},"categories":[59],"tags":[],"class_list":["post-112124","post","type-post","status-publish","format-standard","has-post-thumbnail","hentry","category-destacadas"],"_links":{"self":[{"href":"http:\/\/elcuartopoder.com.mx\/nw\/wp-json\/wp\/v2\/posts\/112124","targetHints":{"allow":["GET"]}}],"collection":[{"href":"http:\/\/elcuartopoder.com.mx\/nw\/wp-json\/wp\/v2\/posts"}],"about":[{"href":"http:\/\/elcuartopoder.com.mx\/nw\/wp-json\/wp\/v2\/types\/post"}],"author":[{"embeddable":true,"href":"http:\/\/elcuartopoder.com.mx\/nw\/wp-json\/wp\/v2\/users\/2"}],"replies":[{"embeddable":true,"href":"http:\/\/elcuartopoder.com.mx\/nw\/wp-json\/wp\/v2\/comments?post=112124"}],"version-history":[{"count":2,"href":"http:\/\/elcuartopoder.com.mx\/nw\/wp-json\/wp\/v2\/posts\/112124\/revisions"}],"predecessor-version":[{"id":112132,"href":"http:\/\/elcuartopoder.com.mx\/nw\/wp-json\/wp\/v2\/posts\/112124\/revisions\/112132"}],"wp:featuredmedia":[{"embeddable":true,"href":"http:\/\/elcuartopoder.com.mx\/nw\/wp-json\/wp\/v2\/media\/112125"}],"wp:attachment":[{"href":"http:\/\/elcuartopoder.com.mx\/nw\/wp-json\/wp\/v2\/media?parent=112124"}],"wp:term":[{"taxonomy":"category","embeddable":true,"href":"http:\/\/elcuartopoder.com.mx\/nw\/wp-json\/wp\/v2\/categories?post=112124"},{"taxonomy":"post_tag","embeddable":true,"href":"http:\/\/elcuartopoder.com.mx\/nw\/wp-json\/wp\/v2\/tags?post=112124"}],"curies":[{"name":"wp","href":"https:\/\/api.w.org\/{rel}","templated":true}]}}