{"id":112133,"date":"2022-11-16T17:58:03","date_gmt":"2022-11-16T22:58:03","guid":{"rendered":"http:\/\/elcuartopoder.com.mx\/nw\/?p=112133"},"modified":"2022-11-16T17:58:07","modified_gmt":"2022-11-16T22:58:07","slug":"trabaja-mara-lezama-por-un-quintana-roo-de-paz-para-las-mujeres","status":"publish","type":"post","link":"http:\/\/elcuartopoder.com.mx\/nw\/estatales\/trabaja-mara-lezama-por-un-quintana-roo-de-paz-para-las-mujeres\/","title":{"rendered":"Trabaja Mara Lezama por un Quintana Roo de Paz para las Mujeres"},"content":{"rendered":"\n<p class=\"wp-block-paragraph\">Chetumal. \u2013 Para que cada una de las y los servidores p\u00fablicos del gobierno del estado cuenten con las herramientas necesarias para realizar su labor con perspectiva de g\u00e9nero, la gobernadora Mara Lezama Espinosa puso en marcha el Programa de Capacitaci\u00f3n en L\u00ednea \u201cPor un Quintana Roo de Paz para las Mujeres\u201d.<\/p>\n\n\n\n<p class=\"wp-block-paragraph\">Durante el evento realizado en el auditorio de la Escuela Judicial, Mara Lezama expres\u00f3 que esta perspectiva nutre el Nuevo Acuerdo por el Bienestar y el Desarrollo de Quintana Roo, que ser\u00e1 el documento rector de la pol\u00edtica p\u00fablica que cambiar\u00e1 paradigmas, sensibilizar\u00e1 las necesidades y obst\u00e1culos estructurales que hasta hace poco hab\u00edan dejado en una posici\u00f3n vulnerable a miles de mujeres quintanarroenses.<\/p>\n\n\n\n<p class=\"wp-block-paragraph\">Ante funcionarios y funcionarias, la titular del Ejecutivo fue clara al se\u00f1alar que desterrar la cultura machista enquistada en los prejuicios de las personas y hasta en las instituciones no ser\u00e1 f\u00e1cil, \u201cpero tenemos y vamos a hacerlo, porque la correcta implementaci\u00f3n del Nuevo Acuerdo requiere si o si, perspectiva de g\u00e9nero\u201d.<\/p>\n\n\n\n<p class=\"wp-block-paragraph\">El curso ser\u00e1 impartido por el Instituto Quintanarroense de la Mujer, instancia rectora de la pol\u00edtica de Igualdad Sustantiva y No Violencia contra las Mujeres y Ni\u00f1as en el Estado, y avalado por la Secretar\u00eda de la Contralor\u00eda del Estado, qui\u00e9n es la instituci\u00f3n que realizar\u00e1 la evaluaci\u00f3n permanente de que toda la administraci\u00f3n gubernamental cumpla con este proceso.<\/p>\n\n\n\n<p class=\"wp-block-paragraph\">Durante el lanzamiento de la plataforma en l\u00ednea la titular del IQM Mar\u00eda Hadad Castillo, refrend\u00f3 su compromiso de garantizar la igualdad sustantiva y combatir la violencia de g\u00e9nero, para transformar la vida de las mujeres quintanarroenses.<\/p>\n\n\n\n<p class=\"wp-block-paragraph\">Este curso en l\u00ednea est\u00e1 dirigido a las servidoras y servidores p\u00fablicos de las 14 dependencias, 29 entidades y 6 organismos aut\u00f3nomos que conforman la administraci\u00f3n p\u00fablica; y est\u00e1 integrada en 4 m\u00f3dulos: Igualdad y Perspectiva de G\u00e9nero, Lenguaje incluyente sin sexismo, Derechos Humanos de las Mujeres, Acceso a las Mujeres a una Vida Libre de Violencia para Construir la Paz.<\/p>\n\n\n\n<figure class=\"wp-block-image\"><a href=\"http:\/\/cgc.qroo.gob.mx\/cjg\/wp-content\/uploads\/2022\/11\/ML-Paz-02.jpeg\"><img decoding=\"async\" src=\"http:\/\/cgc.qroo.gob.mx\/cjg\/wp-content\/uploads\/2022\/11\/ML-Paz-02-585x280.jpeg\" alt=\"\" title=\"ML \u2013 Paz 02\"\/><\/a><\/figure>\n\n\n\n<figure class=\"wp-block-image\"><a href=\"http:\/\/cgc.qroo.gob.mx\/cjg\/wp-content\/uploads\/2022\/11\/ML-Paz-03.jpeg\"><img decoding=\"async\" src=\"http:\/\/cgc.qroo.gob.mx\/cjg\/wp-content\/uploads\/2022\/11\/ML-Paz-03-585x390.jpeg\" alt=\"\" title=\"ML \u2013 Paz 03\"\/><\/a><\/figure>\n\n\n\n<figure class=\"wp-block-image\"><a href=\"http:\/\/cgc.qroo.gob.mx\/cjg\/wp-content\/uploads\/2022\/11\/ML-Paz-04.jpeg\"><img decoding=\"async\" src=\"http:\/\/cgc.qroo.gob.mx\/cjg\/wp-content\/uploads\/2022\/11\/ML-Paz-04-585x390.jpeg\" alt=\"\" title=\"ML \u2013 Paz 04\"\/><\/a><\/figure>\n\n\n\n<figure class=\"wp-block-image\"><a href=\"http:\/\/cgc.qroo.gob.mx\/cjg\/wp-content\/uploads\/2022\/11\/ML-Paz-05.jpeg\"><img decoding=\"async\" src=\"http:\/\/cgc.qroo.gob.mx\/cjg\/wp-content\/uploads\/2022\/11\/ML-Paz-05-585x390.jpeg\" alt=\"\" title=\"ML \u2013 Paz 05\"\/><\/a><\/figure>\n\n\n\n<figure class=\"wp-block-image\"><a href=\"http:\/\/cgc.qroo.gob.mx\/cjg\/wp-content\/uploads\/2022\/11\/ML-Paz-06.jpeg\"><img decoding=\"async\" src=\"http:\/\/cgc.qroo.gob.mx\/cjg\/wp-content\/uploads\/2022\/11\/ML-Paz-06-585x390.jpeg\" alt=\"\" title=\"ML \u2013 Paz 06\"\/><\/a><\/figure>\n\n\n\n<p class=\"wp-block-paragraph\">Esta capacitaci\u00f3n tiene una duraci\u00f3n de 16 horas cumpliendo con la Norma Oficial en la materia, y cuenta con actividades din\u00e1micas, interactivas y herramientas de an\u00e1lisis que son una constante durante cada m\u00f3dulo.<\/p>\n","protected":false},"excerpt":{"rendered":"<p>Chetumal. \u2013 Para que cada una de las y los servidores p\u00fablicos del gobierno del estado cuenten con las herramientas necesarias para realizar su labor con perspectiva de g\u00e9nero, la gobernadora Mara Lezama Espinosa puso en marcha el Programa de Capacitaci\u00f3n en L\u00ednea \u201cPor un Quintana Roo de Paz para las Mujeres\u201d. Durante el evento [&hellip;]<\/p>\n","protected":false},"author":2,"featured_media":112134,"comment_status":"open","ping_status":"open","sticky":false,"template":"","format":"standard","meta":{"footnotes":""},"categories":[60],"tags":[],"class_list":["post-112133","post","type-post","status-publish","format-standard","has-post-thumbnail","hentry","category-estatales"],"_links":{"self":[{"href":"http:\/\/elcuartopoder.com.mx\/nw\/wp-json\/wp\/v2\/posts\/112133","targetHints":{"allow":["GET"]}}],"collection":[{"href":"http:\/\/elcuartopoder.com.mx\/nw\/wp-json\/wp\/v2\/posts"}],"about":[{"href":"http:\/\/elcuartopoder.com.mx\/nw\/wp-json\/wp\/v2\/types\/post"}],"author":[{"embeddable":true,"href":"http:\/\/elcuartopoder.com.mx\/nw\/wp-json\/wp\/v2\/users\/2"}],"replies":[{"embeddable":true,"href":"http:\/\/elcuartopoder.com.mx\/nw\/wp-json\/wp\/v2\/comments?post=112133"}],"version-history":[{"count":1,"href":"http:\/\/elcuartopoder.com.mx\/nw\/wp-json\/wp\/v2\/posts\/112133\/revisions"}],"predecessor-version":[{"id":112135,"href":"http:\/\/elcuartopoder.com.mx\/nw\/wp-json\/wp\/v2\/posts\/112133\/revisions\/112135"}],"wp:featuredmedia":[{"embeddable":true,"href":"http:\/\/elcuartopoder.com.mx\/nw\/wp-json\/wp\/v2\/media\/112134"}],"wp:attachment":[{"href":"http:\/\/elcuartopoder.com.mx\/nw\/wp-json\/wp\/v2\/media?parent=112133"}],"wp:term":[{"taxonomy":"category","embeddable":true,"href":"http:\/\/elcuartopoder.com.mx\/nw\/wp-json\/wp\/v2\/categories?post=112133"},{"taxonomy":"post_tag","embeddable":true,"href":"http:\/\/elcuartopoder.com.mx\/nw\/wp-json\/wp\/v2\/tags?post=112133"}],"curies":[{"name":"wp","href":"https:\/\/api.w.org\/{rel}","templated":true}]}}