{"id":112139,"date":"2022-11-16T18:11:58","date_gmt":"2022-11-16T23:11:58","guid":{"rendered":"http:\/\/elcuartopoder.com.mx\/nw\/?p=112139"},"modified":"2022-11-16T18:12:00","modified_gmt":"2022-11-16T23:12:00","slug":"nadal-tampoco-puede-con-aliassime-y-queda-fuera-de-la-copa-de-maestros","status":"publish","type":"post","link":"http:\/\/elcuartopoder.com.mx\/nw\/entretenimiento\/deportes\/nadal-tampoco-puede-con-aliassime-y-queda-fuera-de-la-copa-de-maestros\/","title":{"rendered":"Nadal tampoco puede con Aliassime y queda fuera de la Copa de Maestros"},"content":{"rendered":"\n<p class=\"wp-block-paragraph\">Se jugaba\u00a0<strong>Rafael Nadal<\/strong>\u00a0la continuidad en el torneo y, por ende, la consecuci\u00f3n del n\u00famero 1 al final de la Copa de Maestros, contra\u00a0<strong>Felix Auger-Aliassime<\/strong>, pupilo de su t\u00edo. Por eso sali\u00f3 un Nadal a la caza del rival; por eso, y porque ante Taylor Fritz tuvo una buena toma de contacto de c\u00f3mo estaba y qu\u00e9 necesitaba. Lo que siempre le sirve al balear para sentirse en su sitio y comenzar a mejorar. Pero todo se diluy\u00f3 de una forma extra\u00f1a, inveros\u00edmiles y numerosos los errores de Nadal, que permitieron a un Aliassime lleno de respeto al inicio, soltarse cuando deb\u00eda para sumar la primera victoria en su casillero en este torneo tras una hora y 57 minutos.<\/p>\n\n\n\n<p class=\"wp-block-paragraph\">Las cuentas de clasificarse y mantener la posibilidad de encaramarse a la primera posici\u00f3n de la ATP se diluyeron en el partido de la noche entre Fritz y Ruud. Pero ya lo ten\u00eda imposible en su cabeza. \u00abSon momentos tristes, decepcionantes, hab\u00eda entrenado bien, con ilusi\u00f3n, pero no ha sido suficiente. Yo no conozco otra manera de poner remedio que trabajando\u00bb, explic\u00f3 el balear, en una frase que dice mucho de lo que significa Nadal en el mundo del tenis.<\/p>\n\n\n\n<p class=\"wp-block-paragraph\">De estilo m\u00e1s amable que Fritz, Aliassime se retuerce m\u00e1s ante el rev\u00e9s de Nadal; menos directo que el estadounidense, envuelve la pelota sin que esta haga tanto da\u00f1o al juego del balear. Un primer golpe ganador de rev\u00e9s cruzado mostraron ya esa versi\u00f3n m\u00e1s agresiva de Nadal; tambi\u00e9n la movilidad de piernas para marear al canadiense; tambi\u00e9n esos pu\u00f1os desde el inicio para jugar tambi\u00e9n con la cabeza del rival. Tambi\u00e9n esa primer opci\u00f3n de break en el primer juego. Intenciones.<\/p>\n\n\n\n<p class=\"wp-block-paragraph\">Volvi\u00f3 a ara\u00f1ar en el quinto juego. Sufr\u00eda Aliassime con sus segundos servicios. Fueron otras dos bolas de break que Nadal no aprovech\u00f3 porque el canadiense tiene un ca\u00f1\u00f3n como primer saque. Y todo lo que se observaba como una opci\u00f3n m\u00e1s que probable para que el balear acabara mordiendo, result\u00f3 a la contra. En el octavo juego, con bolas nuevas, Nadal se desenchuf\u00f3 con un 40-0 a favor. Dos dobles faltas, un rev\u00e9s que no pasa la red, una derecha larga. Demasiados regalos para Aliassime, impert\u00e9rrito siempre, pero&nbsp;<strong>ya madurado en la \u00e9lite<\/strong>. Servicio firme en el juego definitivo para llevarse el set, y complicar la situaci\u00f3n del balear en esta Copa de Maestros siempre tan dif\u00edcil.<\/p>\n\n\n\n<p class=\"wp-block-paragraph\">La ebullici\u00f3n de Nadal se fue apagando, con errores impropios que condenaron el segundo set desde el inicio. Una bola que se ve\u00eda que iba larga la toc\u00f3 Nadal sin fuerza. Lamento al aire y saque ofrecido al canadiense, que supo aguantar, aprovechar y ampliar esos bajones de energ\u00eda y de efectividad del 2 del mundo.<\/p>\n\n\n\n<p class=\"wp-block-paragraph\">Hab\u00eda cara de preocupaci\u00f3n en el balear, consciente de que perd\u00eda espacio en la pista y no sal\u00edan las ideas. \u00ab\u00a1Qu\u00e9 mal!\u00bb, se repet\u00eda. Ante los huecos, Aliassime se fue colando dentro de la pista y jugando a placer. Hasta tuvo una bola de 4-1 y saque que levant\u00f3 Nadal con orgullo y con un grito al aire en el que disip\u00f3 toda la rabia contenida. No casa bien el \u00a1Qu\u00e9 mal! en los c\u00e1nones de juego del balear. De ah\u00ed que se agarrara al encuentro para hacer una de las cosas en las que es maestro indiscutible aunque nunca haya mordido este t\u00edtulo:&nbsp;<strong>aguantar y meter dudas<\/strong>&nbsp;en la mente del rival.<\/p>\n\n\n\n<p class=\"wp-block-paragraph\">Las puso. Tembl\u00f3 Aliassime, una bola de break en contra que se gan\u00f3 Nadal. Pero el canadiense saca bien, muy bien. Con ese 1&#8217;93 de altura al que le a\u00f1ade un salto tremendo para que la pelota vuelve envenenada hacia los \u00e1ngulos, adem\u00e1s. Despej\u00f3 el peligro (cuatro bolas en todo el partido) y apel\u00f3 a la paciencia ante un Nadal que, fiel a su costumbre, no iba a dejarse ganar en absoluto: su siguiente turno de saque, en blanco.<\/p>\n\n\n\n<p class=\"wp-block-paragraph\">De ah\u00ed que un siempre comedido Aliassime, jam\u00e1s un aspaviento, lanzara un alarido de euforia cuando logr\u00f3 despegarse y firmar el 5-3. Sigui\u00f3 concentrado, y sigui\u00f3 peleando Nadal, que tiene 14 a\u00f1os m\u00e1s que su rival y ha jugado muchos m\u00e1s partidos. De todos ellos ha aprendido que metiendo una bola m\u00e1s en juego, tiene una nueva oportunidad de que todo cambie a su favor, por muy mal que se vean las cosas. Sobre todo porque Aliassime ya hab\u00eda temblado antes con su servicio.<\/p>\n\n\n\n<figure class=\"wp-block-image\"><img decoding=\"async\" src=\"https:\/\/s2.abcstatics.com\/abc\/www\/multimedia\/deportes\/2022\/11\/15\/aliassime-afp-U38172662548DUl-624x350@abc.jpg\" alt=\"Aliassime, durante un saque\"\/><figcaption>Aliassime, durante un saque&nbsp;AFP<\/figcaption><\/figure>\n\n\n\n<p class=\"wp-block-paragraph\">Pero este Aliassime, el de los tres t\u00edtulos consecutivos (Florencia, Amberes, Basilea) de 22 a\u00f1os y con todo por delante, tambi\u00e9n ha visto muchos partidos del espa\u00f1ol. Tambi\u00e9n ha sufrido estos temblores. Ya no. O no al menos hoy. Dos buen\u00edsimos saques. Un remate certero. Otro saque excelso y victoria ante Nadal, que ya piensa en 2023.<\/p>\n\n\n\n<h3 class=\"wp-block-heading\">Carlos Alcaraz, n\u00famero 1 del a\u00f1o<\/h3>\n\n\n\n<p class=\"wp-block-paragraph\">Depend\u00eda el balear de casi un milagro, una sucesi\u00f3n de resultados que no se dieron desde el inicio. El set que gan\u00f3 Casper Ruud a Taylor Fritz en el partido de la noche, lo dej\u00f3 fuera del torneo, sin posibilidades de clasificaci\u00f3n para las semifinales. Pero ni siquiera esper\u00f3 a ese resultado para confirmar que ya tiene la cabeza en 2023: \u00abMa\u00f1ana empieza mi temporada 2023. Tengo que seguir trabajando para estar con opciones el a\u00f1o que viene. Hay un par de cosas positivas, he jugado dos torneos en dos semanas, es algo positivo. No he olvidado c\u00f3mo jugar al tenis, necesito recuperar buenas sensaciones y la mentalidad fuerte que necesito para estar en el nivel que quiero estar, que no s\u00e9 si podr\u00e9 recuperar pero voy a luchar por ello hasta el final\u00bb, confirm\u00f3 en rueda de prensa.<\/p>\n","protected":false},"excerpt":{"rendered":"<p>Se jugaba\u00a0Rafael Nadal\u00a0la continuidad en el torneo y, por ende, la consecuci\u00f3n del n\u00famero 1 al final de la Copa de Maestros, contra\u00a0Felix Auger-Aliassime, pupilo de su t\u00edo. Por eso sali\u00f3 un Nadal a la caza del rival; por eso, y porque ante Taylor Fritz tuvo una buena toma de contacto de c\u00f3mo estaba y [&hellip;]<\/p>\n","protected":false},"author":2,"featured_media":112140,"comment_status":"open","ping_status":"open","sticky":false,"template":"","format":"standard","meta":{"footnotes":""},"categories":[7],"tags":[],"class_list":["post-112139","post","type-post","status-publish","format-standard","has-post-thumbnail","hentry","category-deportes"],"_links":{"self":[{"href":"http:\/\/elcuartopoder.com.mx\/nw\/wp-json\/wp\/v2\/posts\/112139","targetHints":{"allow":["GET"]}}],"collection":[{"href":"http:\/\/elcuartopoder.com.mx\/nw\/wp-json\/wp\/v2\/posts"}],"about":[{"href":"http:\/\/elcuartopoder.com.mx\/nw\/wp-json\/wp\/v2\/types\/post"}],"author":[{"embeddable":true,"href":"http:\/\/elcuartopoder.com.mx\/nw\/wp-json\/wp\/v2\/users\/2"}],"replies":[{"embeddable":true,"href":"http:\/\/elcuartopoder.com.mx\/nw\/wp-json\/wp\/v2\/comments?post=112139"}],"version-history":[{"count":1,"href":"http:\/\/elcuartopoder.com.mx\/nw\/wp-json\/wp\/v2\/posts\/112139\/revisions"}],"predecessor-version":[{"id":112141,"href":"http:\/\/elcuartopoder.com.mx\/nw\/wp-json\/wp\/v2\/posts\/112139\/revisions\/112141"}],"wp:featuredmedia":[{"embeddable":true,"href":"http:\/\/elcuartopoder.com.mx\/nw\/wp-json\/wp\/v2\/media\/112140"}],"wp:attachment":[{"href":"http:\/\/elcuartopoder.com.mx\/nw\/wp-json\/wp\/v2\/media?parent=112139"}],"wp:term":[{"taxonomy":"category","embeddable":true,"href":"http:\/\/elcuartopoder.com.mx\/nw\/wp-json\/wp\/v2\/categories?post=112139"},{"taxonomy":"post_tag","embeddable":true,"href":"http:\/\/elcuartopoder.com.mx\/nw\/wp-json\/wp\/v2\/tags?post=112139"}],"curies":[{"name":"wp","href":"https:\/\/api.w.org\/{rel}","templated":true}]}}