{"id":112142,"date":"2022-11-17T10:56:25","date_gmt":"2022-11-17T15:56:25","guid":{"rendered":"http:\/\/elcuartopoder.com.mx\/nw\/?p=112142"},"modified":"2022-11-17T10:56:27","modified_gmt":"2022-11-17T15:56:27","slug":"selectivo-de-nado-sincronizado-de-solidaridad-con-siete-preseas-en-un-evento-nacional","status":"publish","type":"post","link":"http:\/\/elcuartopoder.com.mx\/nw\/entretenimiento\/deportes\/selectivo-de-nado-sincronizado-de-solidaridad-con-siete-preseas-en-un-evento-nacional\/","title":{"rendered":"Selectivo de nado sincronizado de Solidaridad, con siete preseas en un evento nacional"},"content":{"rendered":"\n<p class=\"wp-block-paragraph\">Las preseas doradas fueron obtenidas en equipos, categor\u00eda infantil, conformado por Gabriela Perlestain, Yvanna Rodr\u00edguez, Renata Barroso y Mia Palombini; en rutina tem\u00e1tica; y Gael Gonz\u00e1lez en solo varonil.<\/p>\n\n\n\n<div class=\"wp-block-image\"><figure class=\"aligncenter\"><a href=\"https:\/\/noticaribe.com.mx\/wp\/wp-content\/uploads\/2022\/11\/NADOnado-sincronizado-2.jpg\"><img decoding=\"async\" src=\"https:\/\/noticaribe.com.mx\/wp\/wp-content\/uploads\/2022\/11\/NADOnado-sincronizado-2.jpg\" alt=\"\" class=\"wp-image-598518\"\/><\/a><\/figure><\/div>\n\n\n\n<p class=\"wp-block-paragraph\">Gabriela Perlestain Santiago se adjudic\u00f3 la plata en la categor\u00eda infantil, modalidad solo, y el equipo juvenil, integrado por Gabriela Perlestain, Rebeca Hern\u00e1ndez, Yvanna Rodr\u00edguez, Renata Barroso y Mia Palombini. Los bronces los aportaron Gabriela Perlestain en figuras infantil y Lia Soto en figuras iniciante a infantiles.<\/p>\n\n\n\n<div class=\"wp-block-image\"><figure class=\"aligncenter\"><a href=\"https:\/\/noticaribe.com.mx\/wp\/wp-content\/uploads\/2022\/11\/NADOnado-sincronizado-1.jpg\"><img decoding=\"async\" src=\"https:\/\/noticaribe.com.mx\/wp\/wp-content\/uploads\/2022\/11\/NADOnado-sincronizado-1.jpg\" alt=\"\" class=\"wp-image-598517\"\/><\/a><\/figure><\/div>\n\n\n\n<p class=\"wp-block-paragraph\">\u201cA nombre de la presidente municipal Lili Campos felicitamos al equipo de Playa del Carmen, dirigidos por la profesora Jimena Contreras, por representar dignamente al municipio y a Quintana Roo\u201d, dijo Amador Guti\u00e9rrez Guigui, director del Instituto del Deporte Municipal.<\/p>\n\n\n\n<p class=\"wp-block-paragraph\">El funcionario record\u00f3 que, semanas atr\u00e1s, el Ayuntamiento entreg\u00f3 una bocina acu\u00e1tica al selectivo solidarense de nataci\u00f3n art\u00edstica, que se prepara en la Alberca Ol\u00edmpica de la Unidad Deportiva Riviera Maya.<\/p>\n\n\n\n<p class=\"wp-block-paragraph\">Fuente: Noticaribe<\/p>\n","protected":false},"excerpt":{"rendered":"<p>Las preseas doradas fueron obtenidas en equipos, categor\u00eda infantil, conformado por Gabriela Perlestain, Yvanna Rodr\u00edguez, Renata Barroso y Mia Palombini; en rutina tem\u00e1tica; y Gael Gonz\u00e1lez en solo varonil. Gabriela Perlestain Santiago se adjudic\u00f3 la plata en la categor\u00eda infantil, modalidad solo, y el equipo juvenil, integrado por Gabriela Perlestain, Rebeca Hern\u00e1ndez, Yvanna Rodr\u00edguez, Renata [&hellip;]<\/p>\n","protected":false},"author":2,"featured_media":112143,"comment_status":"open","ping_status":"open","sticky":false,"template":"","format":"standard","meta":{"footnotes":""},"categories":[7],"tags":[],"class_list":["post-112142","post","type-post","status-publish","format-standard","has-post-thumbnail","hentry","category-deportes"],"_links":{"self":[{"href":"http:\/\/elcuartopoder.com.mx\/nw\/wp-json\/wp\/v2\/posts\/112142","targetHints":{"allow":["GET"]}}],"collection":[{"href":"http:\/\/elcuartopoder.com.mx\/nw\/wp-json\/wp\/v2\/posts"}],"about":[{"href":"http:\/\/elcuartopoder.com.mx\/nw\/wp-json\/wp\/v2\/types\/post"}],"author":[{"embeddable":true,"href":"http:\/\/elcuartopoder.com.mx\/nw\/wp-json\/wp\/v2\/users\/2"}],"replies":[{"embeddable":true,"href":"http:\/\/elcuartopoder.com.mx\/nw\/wp-json\/wp\/v2\/comments?post=112142"}],"version-history":[{"count":1,"href":"http:\/\/elcuartopoder.com.mx\/nw\/wp-json\/wp\/v2\/posts\/112142\/revisions"}],"predecessor-version":[{"id":112144,"href":"http:\/\/elcuartopoder.com.mx\/nw\/wp-json\/wp\/v2\/posts\/112142\/revisions\/112144"}],"wp:featuredmedia":[{"embeddable":true,"href":"http:\/\/elcuartopoder.com.mx\/nw\/wp-json\/wp\/v2\/media\/112143"}],"wp:attachment":[{"href":"http:\/\/elcuartopoder.com.mx\/nw\/wp-json\/wp\/v2\/media?parent=112142"}],"wp:term":[{"taxonomy":"category","embeddable":true,"href":"http:\/\/elcuartopoder.com.mx\/nw\/wp-json\/wp\/v2\/categories?post=112142"},{"taxonomy":"post_tag","embeddable":true,"href":"http:\/\/elcuartopoder.com.mx\/nw\/wp-json\/wp\/v2\/tags?post=112142"}],"curies":[{"name":"wp","href":"https:\/\/api.w.org\/{rel}","templated":true}]}}