{"id":112165,"date":"2022-11-17T16:33:11","date_gmt":"2022-11-17T21:33:11","guid":{"rendered":"http:\/\/elcuartopoder.com.mx\/nw\/?p=112165"},"modified":"2022-11-17T16:33:16","modified_gmt":"2022-11-17T21:33:16","slug":"amlo-se-reune-con-carlos-slim-y-expresidentes-de-iberoamerica","status":"publish","type":"post","link":"http:\/\/elcuartopoder.com.mx\/nw\/politica\/amlo-se-reune-con-carlos-slim-y-expresidentes-de-iberoamerica\/","title":{"rendered":"AMLO se re\u00fane con Carlos Slim y expresidentes de Iberoam\u00e9rica"},"content":{"rendered":"\n<p class=\"wp-block-paragraph\">El presidente Andr\u00e9s Manuel L\u00f3pez Obrador se reuni\u00f3 esta tarde con el empresario Carlos Slim e integrantes del llamado C\u00edrculo de Montevideo en Palacio Nacional.<\/p>\n\n\n\n<p class=\"wp-block-paragraph\">Dicho encuentro inici\u00f3 minutos despu\u00e9s de las 14:00 horas, en donde participaron tambi\u00e9n los ex presidentes de Espa\u00f1a, Felipe Gonz\u00e1lez; de Chile, Ricardo Lagos; de Uruguay, Jos\u00e9 Mar\u00eda Sanguinetti; y de Rep\u00fablica Dominicana, Leonel Fern\u00e1ndez.<\/p>\n\n\n\n<p class=\"wp-block-paragraph\">El encuentro se da en la v\u00edspera de la XXVII Reuni\u00f3n Plenaria de la Fundaci\u00f3n C\u00edrculo de Montevideo, cuyo tema principal ser\u00e1 \u201cPandemia y guerra: destrucci\u00f3n humana, pol\u00edtica y cultural\u00bb.<\/p>\n\n\n\n<p class=\"wp-block-paragraph\">La reuni\u00f3n se llevar\u00e1 a cabo en el Museo Soumaya.<\/p>\n\n\n\n<p class=\"wp-block-paragraph\">De acuerdo con su sitio web, el circul\u00f3 naci\u00f3 en 1996 por iniciativa del entonces presidente de Uruguay, Julio Mar\u00eda Sanguinetti, con la realizaci\u00f3n de una reuni\u00f3n que convoc\u00f3 a un destaco grupo de intelectuales y pol\u00edticos de Europa y Am\u00e9rica Latina.<\/p>\n\n\n\n<p class=\"wp-block-paragraph\">Fuente: Milenio<\/p>\n","protected":false},"excerpt":{"rendered":"<p>El presidente Andr\u00e9s Manuel L\u00f3pez Obrador se reuni\u00f3 esta tarde con el empresario Carlos Slim e integrantes del llamado C\u00edrculo de Montevideo en Palacio Nacional. Dicho encuentro inici\u00f3 minutos despu\u00e9s de las 14:00 horas, en donde participaron tambi\u00e9n los ex presidentes de Espa\u00f1a, Felipe Gonz\u00e1lez; de Chile, Ricardo Lagos; de Uruguay, Jos\u00e9 Mar\u00eda Sanguinetti; y [&hellip;]<\/p>\n","protected":false},"author":2,"featured_media":112166,"comment_status":"open","ping_status":"open","sticky":false,"template":"","format":"standard","meta":{"footnotes":""},"categories":[61],"tags":[],"class_list":["post-112165","post","type-post","status-publish","format-standard","has-post-thumbnail","hentry","category-politica"],"_links":{"self":[{"href":"http:\/\/elcuartopoder.com.mx\/nw\/wp-json\/wp\/v2\/posts\/112165","targetHints":{"allow":["GET"]}}],"collection":[{"href":"http:\/\/elcuartopoder.com.mx\/nw\/wp-json\/wp\/v2\/posts"}],"about":[{"href":"http:\/\/elcuartopoder.com.mx\/nw\/wp-json\/wp\/v2\/types\/post"}],"author":[{"embeddable":true,"href":"http:\/\/elcuartopoder.com.mx\/nw\/wp-json\/wp\/v2\/users\/2"}],"replies":[{"embeddable":true,"href":"http:\/\/elcuartopoder.com.mx\/nw\/wp-json\/wp\/v2\/comments?post=112165"}],"version-history":[{"count":1,"href":"http:\/\/elcuartopoder.com.mx\/nw\/wp-json\/wp\/v2\/posts\/112165\/revisions"}],"predecessor-version":[{"id":112167,"href":"http:\/\/elcuartopoder.com.mx\/nw\/wp-json\/wp\/v2\/posts\/112165\/revisions\/112167"}],"wp:featuredmedia":[{"embeddable":true,"href":"http:\/\/elcuartopoder.com.mx\/nw\/wp-json\/wp\/v2\/media\/112166"}],"wp:attachment":[{"href":"http:\/\/elcuartopoder.com.mx\/nw\/wp-json\/wp\/v2\/media?parent=112165"}],"wp:term":[{"taxonomy":"category","embeddable":true,"href":"http:\/\/elcuartopoder.com.mx\/nw\/wp-json\/wp\/v2\/categories?post=112165"},{"taxonomy":"post_tag","embeddable":true,"href":"http:\/\/elcuartopoder.com.mx\/nw\/wp-json\/wp\/v2\/tags?post=112165"}],"curies":[{"name":"wp","href":"https:\/\/api.w.org\/{rel}","templated":true}]}}