{"id":112168,"date":"2022-11-17T16:35:24","date_gmt":"2022-11-17T21:35:24","guid":{"rendered":"http:\/\/elcuartopoder.com.mx\/nw\/?p=112168"},"modified":"2022-11-17T16:35:28","modified_gmt":"2022-11-17T21:35:28","slug":"plan-b-de-reforma-electoral-de-amlo-tiene-2-caminos-abogado","status":"publish","type":"post","link":"http:\/\/elcuartopoder.com.mx\/nw\/politica\/plan-b-de-reforma-electoral-de-amlo-tiene-2-caminos-abogado\/","title":{"rendered":"&#8216;Plan B&#8217; de reforma electoral de AMLO tiene 2 caminos: Abogado"},"content":{"rendered":"\n<p class=\"wp-block-paragraph\">Luego de que el Presidente Andr\u00e9s Manuel L\u00f3pez Obrador afirm\u00f3 que tiene un \u00abplan B\u00bb en caso de que su&nbsp;reforma electoral no alcance la mayor\u00eda en el Congreso, el abogado Arturo Espinoza indic\u00f3 que hay dos caminos sobre la propuesta realizada por el presidente.<\/p>\n\n\n\n<p class=\"wp-block-paragraph\">En entrevista el abogado explic\u00f3 que uno de los caminos sobre el &#8216;plan B&#8217; de la reforma electoral, es que se tiene que ver cu\u00e1les son las reforma que son posible, sin violentar el marco Constitucional.<\/p>\n\n\n\n<p class=\"wp-block-paragraph\">\u00abSobretodo es acotar las funciones y el tama\u00f1o del Instituto Nacional Electoral. En la Ciudad de M\u00e9xico ya se hizo una reforma de este tipo, en las cuales se acotaron las funciones del Instituto Electoral de la Ciudad&nbsp; de M\u00e9xico que ha generado mucha pol\u00e9mica y controversia\u00bb.<\/p>\n\n\n\n<p class=\"wp-block-paragraph\">Por otro lado, argument\u00f3 que el segundo camino sobre el \u00abPlan B\u00bb de la reforma electoral, es buscar modificar los temas sustanciales, el mecanismo de designaci\u00f3n de consejeros, magistrados. As\u00ed como la conformaci\u00f3n de las C\u00e1maras y el mecanismo de elecci\u00f3n.<\/p>\n\n\n\n<p class=\"wp-block-paragraph\">Dio a conocer que si se hace una reforma de este tipo \u00abser\u00eda una reforma que tendr\u00eda vicios importantes de constitucionalidad y ya sea los partidos pol\u00edticos o el 33 por ciento de Diputados y Senadores, que podr\u00edan presentar una Ley de Constitucionalidad y ser\u00eda la Corte la que resuelve\u00bb.<\/p>\n\n\n\n<p class=\"wp-block-paragraph\">Fuente: XEU<\/p>\n","protected":false},"excerpt":{"rendered":"<p>Luego de que el Presidente Andr\u00e9s Manuel L\u00f3pez Obrador afirm\u00f3 que tiene un \u00abplan B\u00bb en caso de que su&nbsp;reforma electoral no alcance la mayor\u00eda en el Congreso, el abogado Arturo Espinoza indic\u00f3 que hay dos caminos sobre la propuesta realizada por el presidente. En entrevista el abogado explic\u00f3 que uno de los caminos sobre [&hellip;]<\/p>\n","protected":false},"author":2,"featured_media":112169,"comment_status":"open","ping_status":"open","sticky":false,"template":"","format":"standard","meta":{"footnotes":""},"categories":[61],"tags":[],"class_list":["post-112168","post","type-post","status-publish","format-standard","has-post-thumbnail","hentry","category-politica"],"_links":{"self":[{"href":"http:\/\/elcuartopoder.com.mx\/nw\/wp-json\/wp\/v2\/posts\/112168","targetHints":{"allow":["GET"]}}],"collection":[{"href":"http:\/\/elcuartopoder.com.mx\/nw\/wp-json\/wp\/v2\/posts"}],"about":[{"href":"http:\/\/elcuartopoder.com.mx\/nw\/wp-json\/wp\/v2\/types\/post"}],"author":[{"embeddable":true,"href":"http:\/\/elcuartopoder.com.mx\/nw\/wp-json\/wp\/v2\/users\/2"}],"replies":[{"embeddable":true,"href":"http:\/\/elcuartopoder.com.mx\/nw\/wp-json\/wp\/v2\/comments?post=112168"}],"version-history":[{"count":1,"href":"http:\/\/elcuartopoder.com.mx\/nw\/wp-json\/wp\/v2\/posts\/112168\/revisions"}],"predecessor-version":[{"id":112170,"href":"http:\/\/elcuartopoder.com.mx\/nw\/wp-json\/wp\/v2\/posts\/112168\/revisions\/112170"}],"wp:featuredmedia":[{"embeddable":true,"href":"http:\/\/elcuartopoder.com.mx\/nw\/wp-json\/wp\/v2\/media\/112169"}],"wp:attachment":[{"href":"http:\/\/elcuartopoder.com.mx\/nw\/wp-json\/wp\/v2\/media?parent=112168"}],"wp:term":[{"taxonomy":"category","embeddable":true,"href":"http:\/\/elcuartopoder.com.mx\/nw\/wp-json\/wp\/v2\/categories?post=112168"},{"taxonomy":"post_tag","embeddable":true,"href":"http:\/\/elcuartopoder.com.mx\/nw\/wp-json\/wp\/v2\/tags?post=112168"}],"curies":[{"name":"wp","href":"https:\/\/api.w.org\/{rel}","templated":true}]}}