{"id":112192,"date":"2022-11-18T09:45:41","date_gmt":"2022-11-18T14:45:41","guid":{"rendered":"http:\/\/elcuartopoder.com.mx\/nw\/?p=112192"},"modified":"2022-11-18T09:45:45","modified_gmt":"2022-11-18T14:45:45","slug":"la-importancia-del-respeto-institucional-y-del-estado-de-derecho-en-el-crecimiento-y-el-desarrollo","status":"publish","type":"post","link":"http:\/\/elcuartopoder.com.mx\/nw\/editorial\/la-importancia-del-respeto-institucional-y-del-estado-de-derecho-en-el-crecimiento-y-el-desarrollo\/","title":{"rendered":"La importancia del respeto institucional y del Estado de derecho en el crecimiento y el desarrollo"},"content":{"rendered":"\n<p class=\"wp-block-paragraph\"><em><strong>Dwight D. Eisenhower<\/strong><\/em><\/p>\n\n\n\n<p class=\"wp-block-paragraph\">El resurgimiento de movimientos populistas, muchos de cuales se han convertido despu\u00e9s en gobiernos, han estado aparejados con una cr\u00edtica por parte de estos a las instituciones y leyes vigentes; parad\u00f3jicamente incluso a aquellas que posibilitaron, primero, su propia formalizaci\u00f3n como grupos o partidos pol\u00edticos y el acceso a los beneficios de serlo y, posteriormente a trav\u00e9s de los mecanismos democr\u00e1ticos, al poder a trav\u00e9s del gobierno.<\/p>\n\n\n\n<p class=\"wp-block-paragraph\">Si bien es frecuente que los gobiernos de diferente corte ideol\u00f3gico o visi\u00f3n pol\u00edtica una vez en el poder tratan de impulsar cambios legales que ajusten aspectos que consideran relevantes de acuerdo con su propia visi\u00f3n, ello casi siempre implica: el respeto a las instituciones fundamentales m\u00e1s elevadas, el respeto a las formas legales, particularmente a las constitucionales; la b\u00fasqueda de cierto nivel de consenso sobre los cambios entre fuerzas pol\u00edticas a veces incluso antag\u00f3nicas, el mantenimiento de los mecanismos legales de revisi\u00f3n, validaci\u00f3n legal y eventualmente posible reversi\u00f3n de los cambios por parte de otras fuerzas pol\u00edticas en el futuro.<\/p>\n\n\n\n<p class=\"wp-block-paragraph\">Con los movimientos populistas actuales, estas constantes mayoritariamente no se aplican. Pareciera como si lo nuevos gobiernos buscaran ajustar todo el marco legal a su visi\u00f3n, hacerlo mediante mecanismo incluso contrarios a los marcos de legalidad fundamentales e incluso, evitar la posibilidad de cambios o reversiones futuras. Se trata de \u201cquemar los puentes\u201d una vez que ellos los han cruzado.<\/p>\n\n\n\n<p class=\"wp-block-paragraph\">Frecuentemente, lo anterior se refuta con la idea de que las leyes preexistentes son \u201cmalas\u201d para quienes estos movimientos dicen representar y que (desde una visi\u00f3n absolutista), siendo SU visi\u00f3n la correcta, deben prevenir cualquier cambio futuro que regrese al estado de cosas previo.Estas situaciones casi siempre implican una reducci\u00f3n real al nivel del estado de derecho de las sociedades y pa\u00edses y eventualmente terminan por reducir el marco de libertades, afectando adem\u00e1s el crecimiento econ\u00f3mico de los pa\u00edses.<\/p>\n\n\n\n<p class=\"wp-block-paragraph\">El crecimiento depende de m\u00faltiples factores, pero en un sentido fundamental, se considera que la existencia y validez y el respecto al estado de derecho (incluyendo la protecci\u00f3n de los derechos de propiedad y de los temas contractuales) por parte de los gobiernos, posibilitan el adecuado funcionamiento de los mercados y de las transacciones econ\u00f3micas. Ello implica que el marco legal sea claro, legalmente \u201cjustos\u201d, obligatorios y aplicables a todos; as\u00ed como que en caso de duda sobre sus \u201cjusticia\u201d o utilidad, existan mecanismos claros para modificarlos.<\/p>\n\n\n\n<p class=\"wp-block-paragraph\">La inexistencia de este marco impide las transacciones econ\u00f3micas, incrementa el nivel de incertidumbre y afecta consecuentemente el crecimiento econ\u00f3mico.<\/p>\n\n\n\n<p class=\"wp-block-paragraph\">En su Declaraci\u00f3n sobre el Estado de Derecho, los pa\u00edses miembros de las Naciones Unidas, destacaron que \u201cel Estado de Derecho y el desarrollo est\u00e1n fuertemente interrelacionados y se refuerzan mutuamente, que el avance del Estado de Derecho a nivel nacional e internacional es esencial para el crecimiento econ\u00f3mico sostenido e inclusivo, el desarrollo sostenible, la erradicaci\u00f3n de la pobreza y el hambre y la plena realizaci\u00f3n de todos los derechos humanos y libertades fundamentales\u2026\u201d.<\/p>\n\n\n\n<p class=\"wp-block-paragraph\">Si las leyes se consideran injusta o imperfectas, existen mecanismos para cambiarlas (en relativo consenso). Si las instituciones requieren cambios (y todas son perfectibles), existen mecanismos para hacerlo. Pero las experiencias en que una sola visi\u00f3n pol\u00edtica ajusta las instituciones, las moldea de acuerdo con su \u00fanica visi\u00f3n e impide mecanismos para revertirlas, terminan invariablemente en la destrucci\u00f3n de la estabilidad, la libertad y limitan la posibilidad de crecimiento econ\u00f3mico.<\/p>\n\n\n\n<p class=\"wp-block-paragraph\">Fuente: eleconomista<\/p>\n","protected":false},"excerpt":{"rendered":"<p>Dwight D. Eisenhower El resurgimiento de movimientos populistas, muchos de cuales se han convertido despu\u00e9s en gobiernos, han estado aparejados con una cr\u00edtica por parte de estos a las instituciones y leyes vigentes; parad\u00f3jicamente incluso a aquellas que posibilitaron, primero, su propia formalizaci\u00f3n como grupos o partidos pol\u00edticos y el acceso a los beneficios de [&hellip;]<\/p>\n","protected":false},"author":2,"featured_media":112193,"comment_status":"open","ping_status":"open","sticky":false,"template":"","format":"standard","meta":{"footnotes":""},"categories":[63],"tags":[],"class_list":["post-112192","post","type-post","status-publish","format-standard","has-post-thumbnail","hentry","category-editorial"],"_links":{"self":[{"href":"http:\/\/elcuartopoder.com.mx\/nw\/wp-json\/wp\/v2\/posts\/112192","targetHints":{"allow":["GET"]}}],"collection":[{"href":"http:\/\/elcuartopoder.com.mx\/nw\/wp-json\/wp\/v2\/posts"}],"about":[{"href":"http:\/\/elcuartopoder.com.mx\/nw\/wp-json\/wp\/v2\/types\/post"}],"author":[{"embeddable":true,"href":"http:\/\/elcuartopoder.com.mx\/nw\/wp-json\/wp\/v2\/users\/2"}],"replies":[{"embeddable":true,"href":"http:\/\/elcuartopoder.com.mx\/nw\/wp-json\/wp\/v2\/comments?post=112192"}],"version-history":[{"count":1,"href":"http:\/\/elcuartopoder.com.mx\/nw\/wp-json\/wp\/v2\/posts\/112192\/revisions"}],"predecessor-version":[{"id":112194,"href":"http:\/\/elcuartopoder.com.mx\/nw\/wp-json\/wp\/v2\/posts\/112192\/revisions\/112194"}],"wp:featuredmedia":[{"embeddable":true,"href":"http:\/\/elcuartopoder.com.mx\/nw\/wp-json\/wp\/v2\/media\/112193"}],"wp:attachment":[{"href":"http:\/\/elcuartopoder.com.mx\/nw\/wp-json\/wp\/v2\/media?parent=112192"}],"wp:term":[{"taxonomy":"category","embeddable":true,"href":"http:\/\/elcuartopoder.com.mx\/nw\/wp-json\/wp\/v2\/categories?post=112192"},{"taxonomy":"post_tag","embeddable":true,"href":"http:\/\/elcuartopoder.com.mx\/nw\/wp-json\/wp\/v2\/tags?post=112192"}],"curies":[{"name":"wp","href":"https:\/\/api.w.org\/{rel}","templated":true}]}}