{"id":112195,"date":"2022-11-18T09:50:11","date_gmt":"2022-11-18T14:50:11","guid":{"rendered":"http:\/\/elcuartopoder.com.mx\/nw\/?p=112195"},"modified":"2022-11-18T09:50:15","modified_gmt":"2022-11-18T14:50:15","slug":"mueren-dos-recien-nacidos-por-bacteria","status":"publish","type":"post","link":"http:\/\/elcuartopoder.com.mx\/nw\/qtp\/mueren-dos-recien-nacidos-por-bacteria\/","title":{"rendered":"Mueren dos reci\u00e9n nacidos por bacteria"},"content":{"rendered":"\n<p class=\"wp-block-paragraph\">La Subdirecci\u00f3n de Epidemiolog\u00eda de los Servicios de Salud de San Luis Potos\u00ed confirm\u00f3 la muerte de dos beb\u00e9s reci\u00e9n nacidos al contagiarse de la bacteria Klebsiella, en un brote registrado en el Hospital General de Ciudad Valles.<\/p>\n\n\n\n<p class=\"wp-block-paragraph\">Confirm\u00f3 que la \u00faltima semana del mes de octubre se detect\u00f3 a dos reci\u00e9n nacidos con sepsis por Klebsiella, junto con cinco infantes m\u00e1s, a quienes se aisl\u00f3.<\/p>\n\n\n\n<p class=\"wp-block-paragraph\">Dijo que un total de siete menores en el \u00e1rea de neonatos, tras practicarles pruebas, resultaron positivos a la bacteria de Klebsiella, dos de ellos evolucionando favorablemente y dados de alta, mientras que dos contin\u00faan hospitalizados.<\/p>\n\n\n\n<p class=\"wp-block-paragraph\">La bacterias Klebsiella es un microorganismo que se encuentra en el intestino de los seres humanos, pero de llegar a otros puntos en el organismo puede causar infecciones que causan neumon\u00eda, sepsis, infecciones en heridas y en el tracto urinario, mismas que pueden ocasionar la muerte.<\/p>\n\n\n\n<p class=\"wp-block-paragraph\">Fuente: XEU<\/p>\n","protected":false},"excerpt":{"rendered":"<p>La Subdirecci\u00f3n de Epidemiolog\u00eda de los Servicios de Salud de San Luis Potos\u00ed confirm\u00f3 la muerte de dos beb\u00e9s reci\u00e9n nacidos al contagiarse de la bacteria Klebsiella, en un brote registrado en el Hospital General de Ciudad Valles. Confirm\u00f3 que la \u00faltima semana del mes de octubre se detect\u00f3 a dos reci\u00e9n nacidos con sepsis [&hellip;]<\/p>\n","protected":false},"author":2,"featured_media":112196,"comment_status":"open","ping_status":"open","sticky":false,"template":"","format":"standard","meta":{"footnotes":""},"categories":[58],"tags":[],"class_list":["post-112195","post","type-post","status-publish","format-standard","has-post-thumbnail","hentry","category-qtp"],"_links":{"self":[{"href":"http:\/\/elcuartopoder.com.mx\/nw\/wp-json\/wp\/v2\/posts\/112195","targetHints":{"allow":["GET"]}}],"collection":[{"href":"http:\/\/elcuartopoder.com.mx\/nw\/wp-json\/wp\/v2\/posts"}],"about":[{"href":"http:\/\/elcuartopoder.com.mx\/nw\/wp-json\/wp\/v2\/types\/post"}],"author":[{"embeddable":true,"href":"http:\/\/elcuartopoder.com.mx\/nw\/wp-json\/wp\/v2\/users\/2"}],"replies":[{"embeddable":true,"href":"http:\/\/elcuartopoder.com.mx\/nw\/wp-json\/wp\/v2\/comments?post=112195"}],"version-history":[{"count":1,"href":"http:\/\/elcuartopoder.com.mx\/nw\/wp-json\/wp\/v2\/posts\/112195\/revisions"}],"predecessor-version":[{"id":112197,"href":"http:\/\/elcuartopoder.com.mx\/nw\/wp-json\/wp\/v2\/posts\/112195\/revisions\/112197"}],"wp:featuredmedia":[{"embeddable":true,"href":"http:\/\/elcuartopoder.com.mx\/nw\/wp-json\/wp\/v2\/media\/112196"}],"wp:attachment":[{"href":"http:\/\/elcuartopoder.com.mx\/nw\/wp-json\/wp\/v2\/media?parent=112195"}],"wp:term":[{"taxonomy":"category","embeddable":true,"href":"http:\/\/elcuartopoder.com.mx\/nw\/wp-json\/wp\/v2\/categories?post=112195"},{"taxonomy":"post_tag","embeddable":true,"href":"http:\/\/elcuartopoder.com.mx\/nw\/wp-json\/wp\/v2\/tags?post=112195"}],"curies":[{"name":"wp","href":"https:\/\/api.w.org\/{rel}","templated":true}]}}