{"id":112255,"date":"2022-11-19T17:24:50","date_gmt":"2022-11-19T22:24:50","guid":{"rendered":"http:\/\/elcuartopoder.com.mx\/nw\/?p=112255"},"modified":"2022-11-19T17:24:54","modified_gmt":"2022-11-19T22:24:54","slug":"jane-fonda-asegura-que-esta-lista-para-morir-en-pleno-tratamiento-contra-el-cancer","status":"publish","type":"post","link":"http:\/\/elcuartopoder.com.mx\/nw\/entretenimiento\/espectaculos\/jane-fonda-asegura-que-esta-lista-para-morir-en-pleno-tratamiento-contra-el-cancer\/","title":{"rendered":"Jane Fonda asegura que \u00abest\u00e1 lista\u00bb para morir en pleno tratamiento contra el c\u00e1ncer"},"content":{"rendered":"\n<p class=\"wp-block-paragraph\">La actriz y activista Jane Fonda se ha abierto a sus fans y ha querido compartir una profunda reflexi\u00f3n sobre la \u00faltima etapa de su vida en la que sabe que la muerte est\u00e1 cada vez m\u00e1s cerca y que asume con naturalidad.<\/p>\n\n\n\n<p class=\"wp-block-paragraph\">A sus casi 85 a\u00f1os -los cumple en diciembre-, Fonda se encuentra en pleno tratamiento contra el c\u00e1ncer, despu\u00e9s de que le fuera diagnosticado un linfoma de Hodking, una enfermedad que, si bien tiene una tasa de supervivencia de alrededor del 80%, como ella misma ha se\u00f1alado, le ha hecho pensar sobre el momento de su vida en que se encuentra.<\/p>\n\n\n\n<p class=\"wp-block-paragraph\">\u00abCuando llegues a mi edad, ser\u00e1 mejor que seas consciente de la cantidad de tiempo que hay detr\u00e1s de ti en lugar de delante. Es sencillamente ser realista\u00bb, ha declarado la ganadora de dos premios Oscar en una entrevista que ha concedido a Entertainment Tonight.<\/p>\n\n\n\n<p class=\"wp-block-paragraph\">As\u00ed, se\u00f1alaba que, si bien no quiere morir, est\u00e1 \u00ablista\u00bb para ese momento. \u00abNo tengo miedo de morirme, estoy lista, he tenido una gran vida. Repito, no es que quiera irme, pero soy consciente de que ser\u00e1 m\u00e1s temprano que tarde\u00bb.<\/p>\n\n\n\n<p class=\"wp-block-paragraph\">La int\u00e9rprete de pel\u00edculas como &#8216;Barbarella&#8217;, &#8216;En el estanque dorado&#8217;, &#8216;Danzad, danzad, malditos&#8217;, &#8216;La jaur\u00eda humana&#8217;, &#8216;Klute&#8217; o &#8216;El regreso&#8217; comparti\u00f3 su estado de salud a trav\u00e9s de las redes sociales, donde se sincer\u00f3 de los problemas que tiene las semanas que se somete al tratamiento de quimioterapia, pero valorando la suerte que tiene al poder acceder a los mejores m\u00e9dicos, un privilegio que no todos los ciudadanos estadounidenses pueden permitirse.<\/p>\n\n\n\n<p class=\"wp-block-paragraph\">La enfermedad, sin embargo, no le ha alejado de su activismo clim\u00e1tico, que piensa continuar hasta el final de sus d\u00edas.<\/p>\n\n\n\n<p class=\"wp-block-paragraph\">Ahora, la vista est\u00e1 puesta en el 21 de diciembre, cuando cumplir\u00e1 los 85, una cifra que quiere celebrar por todo lo altos con su familia y amigos. Fonda se ha expresado con ilusi\u00f3n sobre su cumplea\u00f1os, al que asistir\u00e1n sus hijos y nietos, que tienen que desplazarse desde distintos puntos del pa\u00eds.<\/p>\n\n\n\n<p class=\"wp-block-paragraph\">Fuente: ABC<\/p>\n","protected":false},"excerpt":{"rendered":"<p>La actriz y activista Jane Fonda se ha abierto a sus fans y ha querido compartir una profunda reflexi\u00f3n sobre la \u00faltima etapa de su vida en la que sabe que la muerte est\u00e1 cada vez m\u00e1s cerca y que asume con naturalidad. A sus casi 85 a\u00f1os -los cumple en diciembre-, Fonda se encuentra [&hellip;]<\/p>\n","protected":false},"author":2,"featured_media":112256,"comment_status":"open","ping_status":"open","sticky":false,"template":"","format":"standard","meta":{"footnotes":""},"categories":[11],"tags":[],"class_list":["post-112255","post","type-post","status-publish","format-standard","has-post-thumbnail","hentry","category-espectaculos"],"_links":{"self":[{"href":"http:\/\/elcuartopoder.com.mx\/nw\/wp-json\/wp\/v2\/posts\/112255","targetHints":{"allow":["GET"]}}],"collection":[{"href":"http:\/\/elcuartopoder.com.mx\/nw\/wp-json\/wp\/v2\/posts"}],"about":[{"href":"http:\/\/elcuartopoder.com.mx\/nw\/wp-json\/wp\/v2\/types\/post"}],"author":[{"embeddable":true,"href":"http:\/\/elcuartopoder.com.mx\/nw\/wp-json\/wp\/v2\/users\/2"}],"replies":[{"embeddable":true,"href":"http:\/\/elcuartopoder.com.mx\/nw\/wp-json\/wp\/v2\/comments?post=112255"}],"version-history":[{"count":1,"href":"http:\/\/elcuartopoder.com.mx\/nw\/wp-json\/wp\/v2\/posts\/112255\/revisions"}],"predecessor-version":[{"id":112257,"href":"http:\/\/elcuartopoder.com.mx\/nw\/wp-json\/wp\/v2\/posts\/112255\/revisions\/112257"}],"wp:featuredmedia":[{"embeddable":true,"href":"http:\/\/elcuartopoder.com.mx\/nw\/wp-json\/wp\/v2\/media\/112256"}],"wp:attachment":[{"href":"http:\/\/elcuartopoder.com.mx\/nw\/wp-json\/wp\/v2\/media?parent=112255"}],"wp:term":[{"taxonomy":"category","embeddable":true,"href":"http:\/\/elcuartopoder.com.mx\/nw\/wp-json\/wp\/v2\/categories?post=112255"},{"taxonomy":"post_tag","embeddable":true,"href":"http:\/\/elcuartopoder.com.mx\/nw\/wp-json\/wp\/v2\/tags?post=112255"}],"curies":[{"name":"wp","href":"https:\/\/api.w.org\/{rel}","templated":true}]}}