{"id":112259,"date":"2022-11-20T10:22:42","date_gmt":"2022-11-20T15:22:42","guid":{"rendered":"http:\/\/elcuartopoder.com.mx\/nw\/?p=112259"},"modified":"2022-11-20T10:22:43","modified_gmt":"2022-11-20T15:22:43","slug":"se-va-luz-margarita-de-la-comision-de-desaparecidos-de-q-roo","status":"publish","type":"post","link":"http:\/\/elcuartopoder.com.mx\/nw\/destacadas\/se-va-luz-margarita-de-la-comision-de-desaparecidos-de-q-roo\/","title":{"rendered":"Se va Luz Margarita de la Comisi\u00f3n de Desaparecidos de Q Roo"},"content":{"rendered":"\n<p class=\"wp-block-paragraph\">Chetumal.- Este s\u00e1bado Luz Margarita Gonz\u00e1lez, directora general de la Comisi\u00f3n de B\u00fasqueda de Personas del Estado, inform\u00f3 sobre su destituci\u00f3n al frente de est\u00e1 instituci\u00f3n.<\/p>\n\n\n\n<p class=\"wp-block-paragraph\">Con un breve mensaje a trav\u00e9s de sus redes sociales, la ex funcionaria di\u00f3 a conocer est\u00e1 noticia:<\/p>\n\n\n\n<p class=\"wp-block-paragraph\">\u201cHoy termina una etapa m\u00e1s en mi vida profesional.<br>Vienen nuevos retos y retomar diversas actividades de inter\u00e9s personal.<br>Agradecida por la oportunidad de servir a Quintana Roo, y de crear una Instituci\u00f3n en beneficio de los Derechos Humanos\u201d.<\/p>\n\n\n\n<p class=\"wp-block-paragraph\">En entrevista, Gonz\u00e1lez L\u00f3pez, dijo que su destituci\u00f3n responde a la culminaci\u00f3n de un ciclo, a un cambio natural que trae consigo el cambio de gobierno y no se trat\u00f3 de alguna situaci\u00f3n en especial como pudiera mal interpretarse.<\/p>\n\n\n\n<p class=\"wp-block-paragraph\">Agreg\u00f3 que la culminaci\u00f3n de su relaci\u00f3n laboral se celebr\u00f3 en los mejores t\u00e9rminos.<\/p>\n\n\n\n<p class=\"wp-block-paragraph\">Cabe recordar que Luz Margarita fue designada como titular de esta instituci\u00f3n en abril de 2020 por el entonces gobernador, Carlos Joaqu\u00edn.<\/p>\n\n\n\n<p class=\"wp-block-paragraph\">Pese a su ampli\u00f3 perfil profesional, Gonz\u00e1lez L\u00f3pez fue separada del cargo este d\u00eda, hecho que ciudadanos lamentan y han expresado en los comentarios en redes sociales.<\/p>\n","protected":false},"excerpt":{"rendered":"<p>Chetumal.- Este s\u00e1bado Luz Margarita Gonz\u00e1lez, directora general de la Comisi\u00f3n de B\u00fasqueda de Personas del Estado, inform\u00f3 sobre su destituci\u00f3n al frente de est\u00e1 instituci\u00f3n. Con un breve mensaje a trav\u00e9s de sus redes sociales, la ex funcionaria di\u00f3 a conocer est\u00e1 noticia: \u201cHoy termina una etapa m\u00e1s en mi vida profesional.Vienen nuevos retos [&hellip;]<\/p>\n","protected":false},"author":2,"featured_media":112260,"comment_status":"open","ping_status":"open","sticky":false,"template":"","format":"standard","meta":{"footnotes":""},"categories":[59],"tags":[],"class_list":["post-112259","post","type-post","status-publish","format-standard","has-post-thumbnail","hentry","category-destacadas"],"_links":{"self":[{"href":"http:\/\/elcuartopoder.com.mx\/nw\/wp-json\/wp\/v2\/posts\/112259","targetHints":{"allow":["GET"]}}],"collection":[{"href":"http:\/\/elcuartopoder.com.mx\/nw\/wp-json\/wp\/v2\/posts"}],"about":[{"href":"http:\/\/elcuartopoder.com.mx\/nw\/wp-json\/wp\/v2\/types\/post"}],"author":[{"embeddable":true,"href":"http:\/\/elcuartopoder.com.mx\/nw\/wp-json\/wp\/v2\/users\/2"}],"replies":[{"embeddable":true,"href":"http:\/\/elcuartopoder.com.mx\/nw\/wp-json\/wp\/v2\/comments?post=112259"}],"version-history":[{"count":1,"href":"http:\/\/elcuartopoder.com.mx\/nw\/wp-json\/wp\/v2\/posts\/112259\/revisions"}],"predecessor-version":[{"id":112261,"href":"http:\/\/elcuartopoder.com.mx\/nw\/wp-json\/wp\/v2\/posts\/112259\/revisions\/112261"}],"wp:featuredmedia":[{"embeddable":true,"href":"http:\/\/elcuartopoder.com.mx\/nw\/wp-json\/wp\/v2\/media\/112260"}],"wp:attachment":[{"href":"http:\/\/elcuartopoder.com.mx\/nw\/wp-json\/wp\/v2\/media?parent=112259"}],"wp:term":[{"taxonomy":"category","embeddable":true,"href":"http:\/\/elcuartopoder.com.mx\/nw\/wp-json\/wp\/v2\/categories?post=112259"},{"taxonomy":"post_tag","embeddable":true,"href":"http:\/\/elcuartopoder.com.mx\/nw\/wp-json\/wp\/v2\/tags?post=112259"}],"curies":[{"name":"wp","href":"https:\/\/api.w.org\/{rel}","templated":true}]}}