{"id":112265,"date":"2022-11-20T15:08:40","date_gmt":"2022-11-20T20:08:40","guid":{"rendered":"http:\/\/elcuartopoder.com.mx\/nw\/?p=112265"},"modified":"2022-11-20T15:08:44","modified_gmt":"2022-11-20T20:08:44","slug":"con-el-pueblo-mara-lezama-presencia-el-desfile-de-la-revolucion-mexicana-en-chetumal","status":"publish","type":"post","link":"http:\/\/elcuartopoder.com.mx\/nw\/estatales\/con-el-pueblo-mara-lezama-presencia-el-desfile-de-la-revolucion-mexicana-en-chetumal\/","title":{"rendered":"Con el pueblo Mara Lezama presencia el desfile de la Revoluci\u00f3n Mexicana en Chetumal"},"content":{"rendered":"\n<p class=\"wp-block-paragraph\">Chetumal.- Acompa\u00f1ada de la ciudadan\u00eda, la gobernadora del estado Mara Lezama Espinosa presenci\u00f3 en esta capital el desfile c\u00edvico, deportivo y cultural conmemorativo del 112 Aniversario del inicio de la Revoluci\u00f3n Mexicana.<\/p>\n\n\n\n<p class=\"wp-block-paragraph\">Haciendo las cosas diferentes en este gobierno del cambio verdadero, la primera mujer gobernadora de Quintana Roo observ\u00f3 el desempe\u00f1o de las y los estudiantes a ras de piso, ya no en las alturas del palacio de gobierno, y en un nuevo derrotero que incluy\u00f3 el bulevar de la Bah\u00eda de Chetumal.<\/p>\n\n\n\n<p class=\"wp-block-paragraph\">La columna parti\u00f3 a las 8:20 de la ma\u00f1ana desde el cruce de las avenidas H\u00e9roes y Efra\u00edn Aguilar, recorri\u00f3 la avenida H\u00e9roes hasta llegar a la avenida Carmen Ochoa, de ah\u00ed se incorpor\u00f3 hasta la avenida 16 de Septiembre para tomar el bulevar de la bah\u00eda.<\/p>\n\n\n\n<p class=\"wp-block-paragraph\">Cientos de familias de Chetumal y comunidades circunvecinas asistieron a presenciar el desfile en el que tomaron parte aproximadamente seis mil personas de m\u00e1s de 50 instituciones del sector educativo de todos los niveles, instituciones federales, estatales y municipales, as\u00ed como, asociaciones civiles, fuerzas armadas y de seguridad. Se presentaron diversas tablas r\u00edtmicas, equipos deportivos, bailes, bandas de guerra y sus grupos de actividades deportivas y culturales.<\/p>\n\n\n\n<p class=\"wp-block-paragraph\">La columna qued\u00f3 integrada de la siguiente forma: descubierta, Cojudeq, SEQ, centros deportivos escolares y escuelas primarias, de nivel secundaria, medio superior, superior, instituciones federales, estatales, municipales y organizaciones civiles, instituciones militares y de seguridad estatal y municipal, asociaci\u00f3n de charros de Quintana Roo.<\/p>\n\n\n\n<p class=\"wp-block-paragraph\">De acuerdo con el parte del desfile, dado a conocer por el coronel de caballer\u00eda Narciso Vald\u00e9s N\u00e1jera, segundo comandante del 7\u00ba regimiento de caballer\u00eda motorizado, desfilaron ante el pueblo de Chetumal, seis mil 230 personas, 45 veh\u00edculos, 12 binomios caninos y nueve caballos.<\/p>\n\n\n\n<p class=\"wp-block-paragraph\">En este desfile qued\u00f3 claro que la transformaci\u00f3n profunda de Quintana Roo es un cambio de conciencia, de la forma de ver y de entender el servicio p\u00fablico siempre con y para la gente, como se contempla en la construcci\u00f3n del Nuevo Acuerdo por el Bienestar y el Desarrollo.<\/p>\n\n\n\n<p class=\"wp-block-paragraph\">Antes del desfile en donde estuvo acompa\u00f1ada de la presidenta municipal Yensunni Mart\u00ednez Hern\u00e1ndez, del presidente del Tribunal Superior de Justicia Heyden Cebada Rivas y del Congreso del Estado Ren\u00e1n S\u00e1nchez Tajonar, la gobernadora Mara Lezama presidi\u00f3, en la Plaza C\u00edvica, el izamiento de la Bandera Nacional a cargo de personal militar de la 34 Zona Militar y el S\u00e9ptimo Regimiento de Caballer\u00eda Motorizada.<\/p>\n\n\n\n<figure class=\"wp-block-image\"><a href=\"http:\/\/cgc.qroo.gob.mx\/cjg\/wp-content\/uploads\/2022\/11\/Mara-Lezama-desfile-deportivo2.jpg\"><img decoding=\"async\" src=\"http:\/\/cgc.qroo.gob.mx\/cjg\/wp-content\/uploads\/2022\/11\/Mara-Lezama-desfile-deportivo2-585x390.jpg\" alt=\"\" title=\"Mara Lezama- desfile deportivo2\"\/><\/a><\/figure>\n\n\n\n<figure class=\"wp-block-image\"><a href=\"http:\/\/cgc.qroo.gob.mx\/cjg\/wp-content\/uploads\/2022\/11\/Mara-Lezama-desfile-deportivo3.jpg\"><img decoding=\"async\" src=\"http:\/\/cgc.qroo.gob.mx\/cjg\/wp-content\/uploads\/2022\/11\/Mara-Lezama-desfile-deportivo3-585x390.jpg\" alt=\"\" title=\"Mara Lezama- desfile deportivo3\"\/><\/a><\/figure>\n\n\n\n<figure class=\"wp-block-image\"><a href=\"http:\/\/cgc.qroo.gob.mx\/cjg\/wp-content\/uploads\/2022\/11\/Mara-Lezama-desfile-deportivo4.jpg\"><img decoding=\"async\" src=\"http:\/\/cgc.qroo.gob.mx\/cjg\/wp-content\/uploads\/2022\/11\/Mara-Lezama-desfile-deportivo4-585x390.jpg\" alt=\"\" title=\"Mara Lezama- desfile deportivo4\"\/><\/a><\/figure>\n\n\n\n<figure class=\"wp-block-image\"><a href=\"http:\/\/cgc.qroo.gob.mx\/cjg\/wp-content\/uploads\/2022\/11\/Mara-Lezama-desfile-deportivo5.jpg\"><img decoding=\"async\" src=\"http:\/\/cgc.qroo.gob.mx\/cjg\/wp-content\/uploads\/2022\/11\/Mara-Lezama-desfile-deportivo5-585x389.jpg\" alt=\"\" title=\"Mara Lezama- desfile deportivo5\"\/><\/a><\/figure>\n\n\n\n<figure class=\"wp-block-image\"><a href=\"http:\/\/cgc.qroo.gob.mx\/cjg\/wp-content\/uploads\/2022\/11\/Mara-Lezama-desfile-deportivo6.jpg\"><img decoding=\"async\" src=\"http:\/\/cgc.qroo.gob.mx\/cjg\/wp-content\/uploads\/2022\/11\/Mara-Lezama-desfile-deportivo6-585x389.jpg\" alt=\"\" title=\"Mara Lezama- desfile deportivo6\"\/><\/a><\/figure>\n\n\n\n<figure class=\"wp-block-image\"><a href=\"http:\/\/cgc.qroo.gob.mx\/cjg\/wp-content\/uploads\/2022\/11\/Mara-Lezama-desfile-deportivo7.jpg\"><img decoding=\"async\" src=\"http:\/\/cgc.qroo.gob.mx\/cjg\/wp-content\/uploads\/2022\/11\/Mara-Lezama-desfile-deportivo7-585x390.jpg\" alt=\"\" title=\"Mara Lezama- desfile deportivo7\"\/><\/a><\/figure>\n","protected":false},"excerpt":{"rendered":"<p>Chetumal.- Acompa\u00f1ada de la ciudadan\u00eda, la gobernadora del estado Mara Lezama Espinosa presenci\u00f3 en esta capital el desfile c\u00edvico, deportivo y cultural conmemorativo del 112 Aniversario del inicio de la Revoluci\u00f3n Mexicana. Haciendo las cosas diferentes en este gobierno del cambio verdadero, la primera mujer gobernadora de Quintana Roo observ\u00f3 el desempe\u00f1o de las y [&hellip;]<\/p>\n","protected":false},"author":2,"featured_media":112266,"comment_status":"open","ping_status":"open","sticky":false,"template":"","format":"standard","meta":{"footnotes":""},"categories":[60],"tags":[],"class_list":["post-112265","post","type-post","status-publish","format-standard","has-post-thumbnail","hentry","category-estatales"],"_links":{"self":[{"href":"http:\/\/elcuartopoder.com.mx\/nw\/wp-json\/wp\/v2\/posts\/112265","targetHints":{"allow":["GET"]}}],"collection":[{"href":"http:\/\/elcuartopoder.com.mx\/nw\/wp-json\/wp\/v2\/posts"}],"about":[{"href":"http:\/\/elcuartopoder.com.mx\/nw\/wp-json\/wp\/v2\/types\/post"}],"author":[{"embeddable":true,"href":"http:\/\/elcuartopoder.com.mx\/nw\/wp-json\/wp\/v2\/users\/2"}],"replies":[{"embeddable":true,"href":"http:\/\/elcuartopoder.com.mx\/nw\/wp-json\/wp\/v2\/comments?post=112265"}],"version-history":[{"count":1,"href":"http:\/\/elcuartopoder.com.mx\/nw\/wp-json\/wp\/v2\/posts\/112265\/revisions"}],"predecessor-version":[{"id":112267,"href":"http:\/\/elcuartopoder.com.mx\/nw\/wp-json\/wp\/v2\/posts\/112265\/revisions\/112267"}],"wp:featuredmedia":[{"embeddable":true,"href":"http:\/\/elcuartopoder.com.mx\/nw\/wp-json\/wp\/v2\/media\/112266"}],"wp:attachment":[{"href":"http:\/\/elcuartopoder.com.mx\/nw\/wp-json\/wp\/v2\/media?parent=112265"}],"wp:term":[{"taxonomy":"category","embeddable":true,"href":"http:\/\/elcuartopoder.com.mx\/nw\/wp-json\/wp\/v2\/categories?post=112265"},{"taxonomy":"post_tag","embeddable":true,"href":"http:\/\/elcuartopoder.com.mx\/nw\/wp-json\/wp\/v2\/tags?post=112265"}],"curies":[{"name":"wp","href":"https:\/\/api.w.org\/{rel}","templated":true}]}}