{"id":112333,"date":"2022-11-23T08:40:35","date_gmt":"2022-11-23T13:40:35","guid":{"rendered":"http:\/\/elcuartopoder.com.mx\/nw\/?p=112333"},"modified":"2022-11-23T08:40:39","modified_gmt":"2022-11-23T13:40:39","slug":"se-lanza-convocatoria-capsulas-ambientales-de-las-juventudes-educando-para-la-accion","status":"publish","type":"post","link":"http:\/\/elcuartopoder.com.mx\/nw\/municipales\/se-lanza-convocatoria-capsulas-ambientales-de-las-juventudes-educando-para-la-accion\/","title":{"rendered":"SE LANZA CONVOCATORIA C\u00c1PSULAS AMBIENTALES DE LAS JUVENTUDES \u201cEDUCANDO PARA LA ACCI\u00d3N\u201d"},"content":{"rendered":"\n<p><strong>Cozumel, Quintana Roo. \u2013<\/strong> &nbsp;A fin de unir esfuerzos en acciones que promuevan y fortalezcan la educaci\u00f3n ambiental, as\u00ed como fomentar en la comunidad una cultura de responsabilidad del cuidado de los recursos naturales, el gobierno municipal promueve la convocatoria abierta C\u00e1psulas ambientales de las juventudes \u201cEducando para la acci\u00f3n\u201d.<\/p>\n\n\n\n<p>El subdirector de Ecolog\u00eda, Germ\u00e1n Y\u00e1\u00f1ez Mendoza, explic\u00f3 que, el Grupo Especializado de Trabajo en Educaci\u00f3n, Comunicaci\u00f3n y Cultura del Agua (GETECCA) Quintana Roo y el Consejo de Cuenca de la Pen\u00ednsula de Yucat\u00e1n (CCPY), as\u00ed como el Gobierno del Estado, lanzaron la convocatoria para participar en el VI Foro de Educaci\u00f3n Ambiental \u201cEl agua, acciones frente al cambio clim\u00e1tico\u201d a trav\u00e9s del concurso de c\u00e1psulas ambientales, rumbo al Primer Foro Regional de Educaci\u00f3n Ambiental de la Pen\u00ednsula de Yucat\u00e1n 2023.<\/p>\n\n\n\n<p>Dijo que el objetivo de este concurso es realizar acciones que promuevan y fortalezcan la educaci\u00f3n ambiental, as\u00ed como fomentar en la comunidad una cultura de responsabilidad del cuidado de los recursos naturales, con lo cual se cumple con una de las premisas de la presidenta municipal Juanita Alonso Marrufo y del convenio firmado con GETECCA y el CCPY.<\/p>\n\n\n\n<p>Indic\u00f3 que las bases se encuentran en los canales oficiales tal como Centro de Investigaci\u00f3n Cient\u00edfica de Yucat\u00e1n (CICY), Educaci\u00f3n Ambiental Canc\u00fan, Centinelas del Agua A.C., Consejo de Cuenca Pen\u00ednsula de Yucat\u00e1n, Aguakan, Amigos de Sian Kan\u2019an o en la subdirecci\u00f3n de Ecolog\u00eda, por mencionar algunos, siendo uno de los principales la creaci\u00f3n de un video con un mensaje ambiental que ser\u00e1n recibidos a m\u00e1s tardar el d\u00eda viernes 16 de diciembre del 2022 y deber\u00e1n dirigirse a la coordinadora del GETECCA en Quintana Roo M. de E. Alejandra Mayorga Rodr\u00edguez al correo <a href=\"mailto:amayorga@aguakan.com\">amayorga@aguakan.com<\/a>.<\/p>\n\n\n\n<p>Y\u00e1\u00f1ez Mendoza reiter\u00f3 la invitaci\u00f3n a los habitantes de Cozumel a participar en este concurso y ser parte de los generadores de acciones que realizan desde lo local para contribuir a la conservaci\u00f3n de los ecosistemas de Quintana Roo. Cabe destacar que en el \u201cV Foro de Estatal de Educaci\u00f3n Ambiental\u201d \u201cEducar para la acci\u00f3n\u201d, donde participaron los 11 municipios del estado, Cozumel obtuvo el primer lugar en la mejor c\u00e1psula de video.\u00a0<\/p>\n\n\n\n<p><\/p>\n","protected":false},"excerpt":{"rendered":"<p>Cozumel, Quintana Roo. \u2013 &nbsp;A fin de unir esfuerzos en acciones que promuevan y fortalezcan la educaci\u00f3n ambiental, as\u00ed como fomentar en la comunidad una cultura de responsabilidad del cuidado de los recursos naturales, el gobierno municipal promueve la convocatoria abierta C\u00e1psulas ambientales de las juventudes \u201cEducando para la acci\u00f3n\u201d. El subdirector de Ecolog\u00eda, Germ\u00e1n [&hellip;]<\/p>\n","protected":false},"author":2,"featured_media":112334,"comment_status":"open","ping_status":"open","sticky":false,"template":"","format":"standard","meta":{"footnotes":""},"categories":[6],"tags":[],"class_list":["post-112333","post","type-post","status-publish","format-standard","has-post-thumbnail","hentry","category-municipales"],"_links":{"self":[{"href":"http:\/\/elcuartopoder.com.mx\/nw\/wp-json\/wp\/v2\/posts\/112333","targetHints":{"allow":["GET"]}}],"collection":[{"href":"http:\/\/elcuartopoder.com.mx\/nw\/wp-json\/wp\/v2\/posts"}],"about":[{"href":"http:\/\/elcuartopoder.com.mx\/nw\/wp-json\/wp\/v2\/types\/post"}],"author":[{"embeddable":true,"href":"http:\/\/elcuartopoder.com.mx\/nw\/wp-json\/wp\/v2\/users\/2"}],"replies":[{"embeddable":true,"href":"http:\/\/elcuartopoder.com.mx\/nw\/wp-json\/wp\/v2\/comments?post=112333"}],"version-history":[{"count":1,"href":"http:\/\/elcuartopoder.com.mx\/nw\/wp-json\/wp\/v2\/posts\/112333\/revisions"}],"predecessor-version":[{"id":112335,"href":"http:\/\/elcuartopoder.com.mx\/nw\/wp-json\/wp\/v2\/posts\/112333\/revisions\/112335"}],"wp:featuredmedia":[{"embeddable":true,"href":"http:\/\/elcuartopoder.com.mx\/nw\/wp-json\/wp\/v2\/media\/112334"}],"wp:attachment":[{"href":"http:\/\/elcuartopoder.com.mx\/nw\/wp-json\/wp\/v2\/media?parent=112333"}],"wp:term":[{"taxonomy":"category","embeddable":true,"href":"http:\/\/elcuartopoder.com.mx\/nw\/wp-json\/wp\/v2\/categories?post=112333"},{"taxonomy":"post_tag","embeddable":true,"href":"http:\/\/elcuartopoder.com.mx\/nw\/wp-json\/wp\/v2\/tags?post=112333"}],"curies":[{"name":"wp","href":"https:\/\/api.w.org\/{rel}","templated":true}]}}