{"id":112356,"date":"2022-11-24T08:50:25","date_gmt":"2022-11-24T13:50:25","guid":{"rendered":"http:\/\/elcuartopoder.com.mx\/nw\/?p=112356"},"modified":"2022-11-24T08:50:27","modified_gmt":"2022-11-24T13:50:27","slug":"la-capa-y-el-cbtis-214-de-chetumal-signan-convenio-de-colaboracion-para-fortalecer-la-cultura-del-agua","status":"publish","type":"post","link":"http:\/\/elcuartopoder.com.mx\/nw\/estatales\/la-capa-y-el-cbtis-214-de-chetumal-signan-convenio-de-colaboracion-para-fortalecer-la-cultura-del-agua\/","title":{"rendered":"La CAPA y el CBTIS-214 de Chetumal signan convenio de colaboraci\u00f3n para fortalecer la Cultura del Agua"},"content":{"rendered":"\n<p>Chetumal.- Para sensibilizar a la juventud sobre temas de cultura h\u00eddrica y fomentar su participaci\u00f3n en actividades relacionadas al tema del agua y que contribuyan a su formaci\u00f3n profesional, la Comisi\u00f3n de Agua Potable y Alcantarillado (CAPA) celebr\u00f3 un convenio de colaboraci\u00f3n institucional con el Centro de Bachillerato Tecnol\u00f3gico, Industrial y de Servicios (CBTIS-214) \u201cIgnacio Allende\u201d plantel Chetumal.<\/p>\n\n\n\n<p>El evento encabezado por el director general de la CAPA, Alberto Covarrubias Cort\u00e9s, y la directora del CBTIS-214, Gloria Guadalupe Escalante Romero, se llev\u00f3 a cabo en las instalaciones del plantel, con la presencia de estudiantes que podr\u00e1n realizar sus pr\u00e1cticas de servicio social en \u00e1reas de Cultura H\u00eddrica y administrativas, para que conozcan y se involucren en los temas de gesti\u00f3n del agua en Quintana Roo.<\/p>\n\n\n\n<p>La firma del convenio, enmarcada en el Nuevo Acuerdo por el Bienestar y Desarrollo de Quintana Roo, que impulsa la gobernadora Mara Lezama Espinosa, pretende fortalecer la sensibilizaci\u00f3n de estudiantes, maestros y personal administrativo del CBTIS-214, sobre el cuidado del agua y la aplicaci\u00f3n del Sistema de Manejo Ambiental en la escuela.<\/p>\n\n\n\n<p>Tambi\u00e9n el impacto y manejo adecuado de los residuos s\u00f3lidos y el efecto de las acciones del hombre es nuestro entorno, para reforzar los h\u00e1bitos y actitudes de preservaci\u00f3n del recurso h\u00eddrico y la naturaleza, al amparo del programa de Cultura del Agua.<\/p>\n\n\n\n<p>Cabe hacer menci\u00f3n, que en d\u00edas pasados el \u00e1rea de Cultura H\u00eddrica de la CAPA, particip\u00f3 en la semana de la Ciencia y la Tecnolog\u00eda organizada por la Direcci\u00f3n General de Educaci\u00f3n Tecnol\u00f3gica Industrial (DGETI) a nivel nacional, con charlas de diferentes tem\u00e1ticas como: ciudades sostenibles, cuidado del agua y Sistema de Manejo Ambiental en las escuelas, con la sensibilizaci\u00f3n de m\u00e1s de 300 estudiantes y docentes.<\/p>\n","protected":false},"excerpt":{"rendered":"<p>Chetumal.- Para sensibilizar a la juventud sobre temas de cultura h\u00eddrica y fomentar su participaci\u00f3n en actividades relacionadas al tema del agua y que contribuyan a su formaci\u00f3n profesional, la Comisi\u00f3n de Agua Potable y Alcantarillado (CAPA) celebr\u00f3 un convenio de colaboraci\u00f3n institucional con el Centro de Bachillerato Tecnol\u00f3gico, Industrial y de Servicios (CBTIS-214) \u201cIgnacio [&hellip;]<\/p>\n","protected":false},"author":2,"featured_media":112357,"comment_status":"open","ping_status":"open","sticky":false,"template":"","format":"standard","meta":{"footnotes":""},"categories":[60],"tags":[],"class_list":["post-112356","post","type-post","status-publish","format-standard","has-post-thumbnail","hentry","category-estatales"],"_links":{"self":[{"href":"http:\/\/elcuartopoder.com.mx\/nw\/wp-json\/wp\/v2\/posts\/112356","targetHints":{"allow":["GET"]}}],"collection":[{"href":"http:\/\/elcuartopoder.com.mx\/nw\/wp-json\/wp\/v2\/posts"}],"about":[{"href":"http:\/\/elcuartopoder.com.mx\/nw\/wp-json\/wp\/v2\/types\/post"}],"author":[{"embeddable":true,"href":"http:\/\/elcuartopoder.com.mx\/nw\/wp-json\/wp\/v2\/users\/2"}],"replies":[{"embeddable":true,"href":"http:\/\/elcuartopoder.com.mx\/nw\/wp-json\/wp\/v2\/comments?post=112356"}],"version-history":[{"count":1,"href":"http:\/\/elcuartopoder.com.mx\/nw\/wp-json\/wp\/v2\/posts\/112356\/revisions"}],"predecessor-version":[{"id":112358,"href":"http:\/\/elcuartopoder.com.mx\/nw\/wp-json\/wp\/v2\/posts\/112356\/revisions\/112358"}],"wp:featuredmedia":[{"embeddable":true,"href":"http:\/\/elcuartopoder.com.mx\/nw\/wp-json\/wp\/v2\/media\/112357"}],"wp:attachment":[{"href":"http:\/\/elcuartopoder.com.mx\/nw\/wp-json\/wp\/v2\/media?parent=112356"}],"wp:term":[{"taxonomy":"category","embeddable":true,"href":"http:\/\/elcuartopoder.com.mx\/nw\/wp-json\/wp\/v2\/categories?post=112356"},{"taxonomy":"post_tag","embeddable":true,"href":"http:\/\/elcuartopoder.com.mx\/nw\/wp-json\/wp\/v2\/tags?post=112356"}],"curies":[{"name":"wp","href":"https:\/\/api.w.org\/{rel}","templated":true}]}}