{"id":112360,"date":"2022-11-24T12:12:18","date_gmt":"2022-11-24T17:12:18","guid":{"rendered":"http:\/\/elcuartopoder.com.mx\/nw\/?p=112360"},"modified":"2022-11-24T12:12:20","modified_gmt":"2022-11-24T17:12:20","slug":"mariana-rodriguez-asegura-que-el-dif-capullos-vendia-ninos-en-nuevo-leon","status":"publish","type":"post","link":"http:\/\/elcuartopoder.com.mx\/nw\/qtp\/mariana-rodriguez-asegura-que-el-dif-capullos-vendia-ninos-en-nuevo-leon\/","title":{"rendered":"Mariana Rodr\u00edguez asegura que el DIF Capullos vend\u00eda ni\u00f1os en Nuevo Le\u00f3n"},"content":{"rendered":"\n<p><strong>Mariana Rodr\u00edguez<\/strong>, titular de la oficina de Amar a Nuevo Le\u00f3n, denunci\u00f3 que durante la administraci\u00f3n pasada, de Jaime Rodr\u00edguez Calder\u00f3n \u00abEl Bronco\u00bb, se vend\u00edan ni\u00f1os en el DIF Capullos.<\/p>\n\n\n\n<blockquote class=\"wp-block-quote is-layout-flow wp-block-quote-is-layout-flow\"><p>\u00abSi yo les contara todo lo que hacia la administraci\u00f3n pasada con Capullos se me infartan\u00bb, se\u00f1al\u00f3 el pasado 22 de noviembre a trav\u00e9s de una de sus historias en Instagram.<\/p><p>\u00ab<strong>Vend\u00edan ni\u00f1os<\/strong>, equis esa es otra historia que luego les platicare\u00bb, mencion\u00f3.<\/p><\/blockquote>\n\n\n\n<figure class=\"wp-block-embed is-type-rich is-provider-twitter wp-block-embed-twitter\"><div class=\"wp-block-embed__wrapper\">\n<blockquote class=\"twitter-tweet\" data-width=\"550\" data-dnt=\"true\"><p lang=\"es\" dir=\"ltr\"><a href=\"https:\/\/twitter.com\/hashtag\/Nacional?src=hash&amp;ref_src=twsrc%5Etfw\">#Nacional<\/a> | Mariana Rodr\u00edguez, esposa del Gobernador de NL, Samuel Garc\u00eda, asegur\u00f3 que la administraci\u00f3n pasada del DIF Capullos, vend\u00edan ni\u00f1os. En un video en vivo, a trav\u00e9s de redes, se\u00f1al\u00f3 que \u201ces una historia que luego contar\u00e1. <br><br>Video: <a href=\"https:\/\/twitter.com\/elnortelocal?ref_src=twsrc%5Etfw\">@elnortelocal<\/a> <a href=\"https:\/\/t.co\/ehqvvGfY0S\">pic.twitter.com\/ehqvvGfY0S<\/a><\/p>&mdash; Fernando Canales F (@FerCanalesF) <a href=\"https:\/\/twitter.com\/FerCanalesF\/status\/1595512315000066093?ref_src=twsrc%5Etfw\">November 23, 2022<\/a><\/blockquote><script async src=\"https:\/\/platform.twitter.com\/widgets.js\" charset=\"utf-8\"><\/script>\n<\/div><\/figure>\n\n\n\n<p>manas\u00bb.<\/p>\n\n\n\n<blockquote class=\"wp-block-quote is-layout-flow wp-block-quote-is-layout-flow\"><p>\u00abCuando llegu\u00e9 a capullos me encontr\u00e9 con todo tipo de atrocidades, impensables e inhumanas. A ustedes no les tengo que contar, han vivido esta historia conmigo, la han sufrido igual que yo y, muchos de ustedes, nos han ayudado a que la vida de estas ni\u00f1as y ni\u00f1os hoy sea un poquito mejor\u00bb, se lee en el texto publicado en su cuenta de Instagram.&nbsp;<\/p><\/blockquote>\n\n\n\n<blockquote class=\"wp-block-quote is-layout-flow wp-block-quote-is-layout-flow\"><p>\u00abEl se\u00f1alamiento que hice en d\u00edas pasado es una de esas atrocidades, pero como saben, son temas dif\u00edciles de demostrar, por eso estamos haciendo una investigaci\u00f3n rigurosa y por lo mismo no les puedo contar m\u00e1s, para no entorpecer el proceso\u00bb, escribi\u00f3.<\/p><\/blockquote>\n\n\n\n<p>Finalmente, la esposa del gobernador de Nuevo Le\u00f3n finaliz\u00f3 el tema con una fotograf\u00eda de ella, acompa\u00f1ada con el texto \u00abaqu\u00ed no pas\u00f3 nada\u00bb, sin revelar m\u00e1s detalles sobre la fuerte revelaci\u00f3n.\u00a0<\/p>\n\n\n\n<p><a href=\"https:\/\/images.sipse.com\/z4svXsOOmS_gwyuvgDsf3qRz7TQ=\/fit-in\/900x500\/2022\/11\/24\/1669252772577.png\"><\/a><\/p>\n\n\n\n<p>Fuente: SIPSE<a href=\"https:\/\/images.sipse.com\/hlkUdUdjrIWKHoExgd_T2BgaJEw=\/fit-in\/900x500\/2022\/11\/24\/1669252765126.png\"><\/a><\/p>\n","protected":false},"excerpt":{"rendered":"<p>Mariana Rodr\u00edguez, titular de la oficina de Amar a Nuevo Le\u00f3n, denunci\u00f3 que durante la administraci\u00f3n pasada, de Jaime Rodr\u00edguez Calder\u00f3n \u00abEl Bronco\u00bb, se vend\u00edan ni\u00f1os en el DIF Capullos. \u00abSi yo les contara todo lo que hacia la administraci\u00f3n pasada con Capullos se me infartan\u00bb, se\u00f1al\u00f3 el pasado 22 de noviembre a trav\u00e9s de [&hellip;]<\/p>\n","protected":false},"author":2,"featured_media":112361,"comment_status":"open","ping_status":"open","sticky":false,"template":"","format":"standard","meta":{"footnotes":""},"categories":[58],"tags":[],"class_list":["post-112360","post","type-post","status-publish","format-standard","has-post-thumbnail","hentry","category-qtp"],"_links":{"self":[{"href":"http:\/\/elcuartopoder.com.mx\/nw\/wp-json\/wp\/v2\/posts\/112360","targetHints":{"allow":["GET"]}}],"collection":[{"href":"http:\/\/elcuartopoder.com.mx\/nw\/wp-json\/wp\/v2\/posts"}],"about":[{"href":"http:\/\/elcuartopoder.com.mx\/nw\/wp-json\/wp\/v2\/types\/post"}],"author":[{"embeddable":true,"href":"http:\/\/elcuartopoder.com.mx\/nw\/wp-json\/wp\/v2\/users\/2"}],"replies":[{"embeddable":true,"href":"http:\/\/elcuartopoder.com.mx\/nw\/wp-json\/wp\/v2\/comments?post=112360"}],"version-history":[{"count":1,"href":"http:\/\/elcuartopoder.com.mx\/nw\/wp-json\/wp\/v2\/posts\/112360\/revisions"}],"predecessor-version":[{"id":112362,"href":"http:\/\/elcuartopoder.com.mx\/nw\/wp-json\/wp\/v2\/posts\/112360\/revisions\/112362"}],"wp:featuredmedia":[{"embeddable":true,"href":"http:\/\/elcuartopoder.com.mx\/nw\/wp-json\/wp\/v2\/media\/112361"}],"wp:attachment":[{"href":"http:\/\/elcuartopoder.com.mx\/nw\/wp-json\/wp\/v2\/media?parent=112360"}],"wp:term":[{"taxonomy":"category","embeddable":true,"href":"http:\/\/elcuartopoder.com.mx\/nw\/wp-json\/wp\/v2\/categories?post=112360"},{"taxonomy":"post_tag","embeddable":true,"href":"http:\/\/elcuartopoder.com.mx\/nw\/wp-json\/wp\/v2\/tags?post=112360"}],"curies":[{"name":"wp","href":"https:\/\/api.w.org\/{rel}","templated":true}]}}