{"id":112998,"date":"2022-12-14T13:12:22","date_gmt":"2022-12-14T18:12:22","guid":{"rendered":"http:\/\/elcuartopoder.com.mx\/nw\/?p=112998"},"modified":"2022-12-14T13:12:24","modified_gmt":"2022-12-14T18:12:24","slug":"que-se-reduciran-sueldos-y-viaticos-reestructuracion-administrativa-iniciara-en-la-oficina-de-la-gobernadora-afirma-mara-lezama","status":"publish","type":"post","link":"http:\/\/elcuartopoder.com.mx\/nw\/estatales\/que-se-reduciran-sueldos-y-viaticos-reestructuracion-administrativa-iniciara-en-la-oficina-de-la-gobernadora-afirma-mara-lezama\/","title":{"rendered":"QUE SE REDUCIR\u00c1N SUELDOS Y VI\u00c1TICOS: Reestructuraci\u00f3n administrativa iniciar\u00e1 en la Oficina de la Gobernadora, afirma Mara Lezama"},"content":{"rendered":"\n<p><strong>CHETUMAL, MX.-<\/strong>&nbsp;Ya avanza la reestructuraci\u00f3n administrativa en el Gobierno del Estado, la que dar\u00e1 inicio con la Oficina de la Gobernadora, se\u00f1al\u00f3 hoy la jefa del Ejecutivo, Mara Lezama Espinosa, al indicar que tanto ella, como directores y subdirectores tendr\u00e1n una reducci\u00f3n de sueldos.<\/p>\n\n\n\n<p>Entrevistada hoy en la capital del estado, Lezama Espinosa declar\u00f3 que tambi\u00e9n acabar\u00e1n con gastos superfluos y vi\u00e1ticos, pues hacen falta estos recursos para atender los m\u00faltiples flagelos que aquejan a Quintana Roo, entre ellos salud o rezago social en comunidades.<\/p>\n\n\n\n<p>En cuanto a la fusi\u00f3n o reestructuraci\u00f3n de dependencias, como el cambio de la Secretar\u00eda de Desarrollo Social por la Secretar\u00eda del Bienestar, se\u00f1al\u00f3 que son procesos en los que todav\u00eda se trabaja, indicando que adem\u00e1s implican avanzar en la digitalizaci\u00f3n, sin poder brindar todav\u00eda una fecha para estos cambios.<\/p>\n\n\n\n<p>Cuestionada sobre una posible reestructuraci\u00f3n de la deuda p\u00fablica, Mara Lezama indic\u00f3 que primero deben esperar a que sea aprobada por el Congreso del Estado la Ley de Egresos y el paquete fiscal, para que con base en ello \u201clos financieros hagan lo que tengan que hacer\u201d.<\/p>\n\n\n\n<p>\u201cEl objetivo es sanear las finanzas, pagar la deuda de largo plazo, el pasivo circulante y no endeudarnos m\u00e1s\u201d, a\u00f1adi\u00f3.<\/p>\n\n\n\n<p>Fuente: noticaribe<\/p>\n","protected":false},"excerpt":{"rendered":"<p>CHETUMAL, MX.-&nbsp;Ya avanza la reestructuraci\u00f3n administrativa en el Gobierno del Estado, la que dar\u00e1 inicio con la Oficina de la Gobernadora, se\u00f1al\u00f3 hoy la jefa del Ejecutivo, Mara Lezama Espinosa, al indicar que tanto ella, como directores y subdirectores tendr\u00e1n una reducci\u00f3n de sueldos. Entrevistada hoy en la capital del estado, Lezama Espinosa declar\u00f3 que [&hellip;]<\/p>\n","protected":false},"author":2,"featured_media":112999,"comment_status":"open","ping_status":"open","sticky":false,"template":"","format":"standard","meta":{"footnotes":""},"categories":[60],"tags":[],"class_list":["post-112998","post","type-post","status-publish","format-standard","has-post-thumbnail","hentry","category-estatales"],"_links":{"self":[{"href":"http:\/\/elcuartopoder.com.mx\/nw\/wp-json\/wp\/v2\/posts\/112998","targetHints":{"allow":["GET"]}}],"collection":[{"href":"http:\/\/elcuartopoder.com.mx\/nw\/wp-json\/wp\/v2\/posts"}],"about":[{"href":"http:\/\/elcuartopoder.com.mx\/nw\/wp-json\/wp\/v2\/types\/post"}],"author":[{"embeddable":true,"href":"http:\/\/elcuartopoder.com.mx\/nw\/wp-json\/wp\/v2\/users\/2"}],"replies":[{"embeddable":true,"href":"http:\/\/elcuartopoder.com.mx\/nw\/wp-json\/wp\/v2\/comments?post=112998"}],"version-history":[{"count":1,"href":"http:\/\/elcuartopoder.com.mx\/nw\/wp-json\/wp\/v2\/posts\/112998\/revisions"}],"predecessor-version":[{"id":113000,"href":"http:\/\/elcuartopoder.com.mx\/nw\/wp-json\/wp\/v2\/posts\/112998\/revisions\/113000"}],"wp:featuredmedia":[{"embeddable":true,"href":"http:\/\/elcuartopoder.com.mx\/nw\/wp-json\/wp\/v2\/media\/112999"}],"wp:attachment":[{"href":"http:\/\/elcuartopoder.com.mx\/nw\/wp-json\/wp\/v2\/media?parent=112998"}],"wp:term":[{"taxonomy":"category","embeddable":true,"href":"http:\/\/elcuartopoder.com.mx\/nw\/wp-json\/wp\/v2\/categories?post=112998"},{"taxonomy":"post_tag","embeddable":true,"href":"http:\/\/elcuartopoder.com.mx\/nw\/wp-json\/wp\/v2\/tags?post=112998"}],"curies":[{"name":"wp","href":"https:\/\/api.w.org\/{rel}","templated":true}]}}