{"id":113498,"date":"2022-12-31T15:18:48","date_gmt":"2022-12-31T20:18:48","guid":{"rendered":"http:\/\/elcuartopoder.com.mx\/nw\/?p=113498"},"modified":"2022-12-31T15:18:52","modified_gmt":"2022-12-31T20:18:52","slug":"el-papa-emerito-benedicto-xvi-muere-a-los-95-anos","status":"publish","type":"post","link":"http:\/\/elcuartopoder.com.mx\/nw\/internacionales\/el-papa-emerito-benedicto-xvi-muere-a-los-95-anos\/","title":{"rendered":"El papa em\u00e9rito Benedicto XVI muere a los 95 a\u00f1os"},"content":{"rendered":"\n<p>Este d\u00eda el portavoz del\u00a0<strong>Vaticano<\/strong>\u00a0confirm\u00f3 la muerte del papa em\u00e9rito\u00a0<strong>Benedicto XVI muri\u00f3 a los 95 a\u00f1os<\/strong>, luego de que el pasado 28 de diciembre el\u00a0<strong>Papa Francisco informara que se encontraba \u201cmuy enfermo\u201d.<\/strong>\u00a0<\/p>\n\n\n\n<p>El Papa em\u00e9rito, falleci\u00f3 este s\u00e1bado, 31 de diciembre, a las 9:34 horas, en el Monasterio Mater Ecclesiae del Vaticano. El jueves 5 de enero, a las 9.30 horas, en la Plaza de San Pedro,<strong>\u00a0el Papa Francisco presidir\u00e1 el rito de las exequias<\/strong>.<\/p>\n\n\n\n<figure class=\"wp-block-embed is-type-rich is-provider-twitter wp-block-embed-twitter\"><div class=\"wp-block-embed__wrapper\">\n<blockquote class=\"twitter-tweet\" data-width=\"550\" data-dnt=\"true\"><p lang=\"en\" dir=\"ltr\">\u201cWith sorrow I inform you that the Pope Emeritus, Benedict XVI, passed away today at 9:34 in the Mater Ecclesiae Monastery in the Vatican.<br><br>Further information will be provided as soon as possible.\u201d <a href=\"https:\/\/t.co\/O5dxoPaVkT\">pic.twitter.com\/O5dxoPaVkT<\/a><\/p>&mdash; Vatican News (@VaticanNews) <a href=\"https:\/\/twitter.com\/VaticanNews\/status\/1609122105483747330?ref_src=twsrc%5Etfw\">December 31, 2022<\/a><\/blockquote><script async src=\"https:\/\/platform.twitter.com\/widgets.js\" charset=\"utf-8\"><\/script>\n<\/div><\/figure>\n\n\n\n<p><em>\u00abRespecto a la salud del papa em\u00e9rito, por quien el papa Francisco pidi\u00f3 oraciones al final de su audiencia general de esta ma\u00f1ana, puedo confirmar que en las \u00faltimas horas se ha producido un empeoramiento debido a la avanzada edad\u2033, dijo Bruni en un comunicado aquel 28 de diciembre.\u00a0<\/em><\/p>\n\n\n\n<figure class=\"wp-block-embed is-type-rich is-provider-twitter wp-block-embed-twitter\"><div class=\"wp-block-embed__wrapper\">\n<blockquote class=\"twitter-tweet\" data-width=\"550\" data-dnt=\"true\"><p lang=\"es\" dir=\"ltr\"><a href=\"https:\/\/twitter.com\/hashtag\/OremosJuntos?src=hash&amp;ref_src=twsrc%5Etfw\">#OremosJuntos<\/a> por el Papa Em\u00e9rito Benedicto XVI, que en el silencio sigue rezando por la Iglesia. Pidamos al Se\u00f1or que lo consuele y lo sostenga en este testimonio de amor a la Iglesia, hasta el final.<\/p>&mdash; Papa Francisco (@Pontifex_es) <a href=\"https:\/\/twitter.com\/Pontifex_es\/status\/1608077807195770881?ref_src=twsrc%5Etfw\">December 28, 2022<\/a><\/blockquote><script async src=\"https:\/\/platform.twitter.com\/widgets.js\" charset=\"utf-8\"><\/script>\n<\/div><\/figure>\n\n\n\n<h2 class=\"wp-block-heading\">Trayectoria de Benedicto XVI<\/h2>\n\n\n\n<p><strong>Joseph Aloisius Ratzinger<\/strong>&nbsp;se convirti\u00f3 como sumo pont\u00edfice el 19 de abril de 2005, tras la muerte de Juan Pablo II. Convirti\u00e9ndose as\u00ed en el papa n\u00famero&nbsp;<strong>265 de la Iglesia Cat\u00f3lica.&nbsp;<\/strong><\/p>\n\n\n\n<p><strong>Benedicto XVI<\/strong>&nbsp;pas\u00f3 a la historia por sus intentos, sinceros pero fallidos, de acabar con la corrupci\u00f3n de la Iglesia: un claro ejemplo&nbsp; fue la petici\u00f3n de perd\u00f3n a las v\u00edctimas de los curas pederastas y la lucha contra el blanqueo de dinero.&nbsp;<\/p>\n\n\n\n<p>Aloisius Ratzinger naci\u00f3 en Marktl, Baviera el 16 de abril de 1927, el&nbsp;<strong>religioso fue bautizado el mismo d\u00eda de su nacimiento,<\/strong>&nbsp;que curiosamente fue un s\u00e1bado de Gloria.&nbsp;<\/p>\n\n\n\n<p>Con tan solo cinco a\u00f1os de edad&nbsp;<strong>Benedicto XVI<\/strong>&nbsp;formaba parte de un grupo de ni\u00f1os que dieron la bienvenida al cardenal arzobispo de M\u00fanich con flores. Impresionado por la vestimenta, el expont\u00edfice dijo que en la vida deseaba llegar a ese cargo.&nbsp;<\/p>\n\n\n\n<p>A pesar de la situaci\u00f3n econ\u00f3mica, sus padres enviaron al seminario menor de San Miguel en Traunstein. Benedicto agradeci\u00f3 el esfuerzo al&nbsp;<strong>desempe\u00f1arse como un estudiante dedicado.&nbsp;<\/strong><\/p>\n\n\n\n<h2 class=\"wp-block-heading\">La&nbsp;\u00fanica visita de Benedicto XVI a M\u00e9xico<\/h2>\n\n\n\n<p>Un 23 de marzo del 2012, durante la administraci\u00f3n de Felipe Calder\u00f3n Hinojosa, el P<strong>apa em\u00e9rito Benedicto XVI pis\u00f3 territorio mexicano por primera y \u00fanica vez<\/strong>&nbsp;en su condici\u00f3n de pont\u00edfice.&nbsp;<\/p>\n\n\n\n<p>Miles de personas escucharon y aceptaron con fe el mensaje de paz, amor y esperanza que brind\u00f3 Ratzinger.&nbsp;<\/p>\n\n\n\n<p>Durante los cuatro d\u00edas de su estancia M\u00e9xico dej\u00f3 ver su entrega al nuevo papa, pues ven\u00edan de encontrar consuelo por el&nbsp;<strong>deceso de Juan Pablo II.<\/strong>&nbsp;<\/p>\n\n\n\n<p>A\u00fan con su personalidad, el papa em\u00e9rito logr\u00f3 \u201cecharse al bolsillo\u201d a los mexicanos cat\u00f3licos.<\/p>\n\n\n\n<p>\u00abComo peregrino de la esperanza, les dijo con San Pablo: No se entristezcan como los que no tienen esperanza\u00bb, expres\u00f3 en su primer discurso.&nbsp;<\/p>\n\n\n\n<h2 class=\"wp-block-heading\">Una decisi\u00f3n dolorosa, pero buena: Benedicto XVI tras su renuncia<\/h2>\n\n\n\n<p>En 2013, Benedicto XVI conmocion\u00f3 a todo el mundo al ser el primer pont\u00edfice, luego de 600 a\u00f1os, en renunciar al cargo.&nbsp;<\/p>\n\n\n\n<p>M\u00e1s tarde el papa em\u00e9rito asegur\u00f3 que su renuncia fue una decisi\u00f3n dif\u00edcil, pero buena.<\/p>\n\n\n\n<p>\u00abFue una decisi\u00f3n dif\u00edcil. Pero la tom\u00e9 en plena conciencia y creo que lo hice bien. Algunos de mis amigos, los que m\u00e1s me segu\u00edan, todav\u00eda est\u00e1n enfadados, no quisieron aceptar mi elecci\u00f3n\u00bb, dijo Benedicto XVI en una entrevista por el diario italiano \u00abCorriere della Sera\u00bb.<\/p>\n\n\n\n<p>Fuente: SIPSE<\/p>\n","protected":false},"excerpt":{"rendered":"<p>Este d\u00eda el portavoz del\u00a0Vaticano\u00a0confirm\u00f3 la muerte del papa em\u00e9rito\u00a0Benedicto XVI muri\u00f3 a los 95 a\u00f1os, luego de que el pasado 28 de diciembre el\u00a0Papa Francisco informara que se encontraba \u201cmuy enfermo\u201d.\u00a0 El Papa em\u00e9rito, falleci\u00f3 este s\u00e1bado, 31 de diciembre, a las 9:34 horas, en el Monasterio Mater Ecclesiae del Vaticano. El jueves 5 [&hellip;]<\/p>\n","protected":false},"author":2,"featured_media":113499,"comment_status":"open","ping_status":"open","sticky":false,"template":"","format":"standard","meta":{"footnotes":""},"categories":[8],"tags":[],"class_list":["post-113498","post","type-post","status-publish","format-standard","has-post-thumbnail","hentry","category-internacionales"],"_links":{"self":[{"href":"http:\/\/elcuartopoder.com.mx\/nw\/wp-json\/wp\/v2\/posts\/113498","targetHints":{"allow":["GET"]}}],"collection":[{"href":"http:\/\/elcuartopoder.com.mx\/nw\/wp-json\/wp\/v2\/posts"}],"about":[{"href":"http:\/\/elcuartopoder.com.mx\/nw\/wp-json\/wp\/v2\/types\/post"}],"author":[{"embeddable":true,"href":"http:\/\/elcuartopoder.com.mx\/nw\/wp-json\/wp\/v2\/users\/2"}],"replies":[{"embeddable":true,"href":"http:\/\/elcuartopoder.com.mx\/nw\/wp-json\/wp\/v2\/comments?post=113498"}],"version-history":[{"count":1,"href":"http:\/\/elcuartopoder.com.mx\/nw\/wp-json\/wp\/v2\/posts\/113498\/revisions"}],"predecessor-version":[{"id":113500,"href":"http:\/\/elcuartopoder.com.mx\/nw\/wp-json\/wp\/v2\/posts\/113498\/revisions\/113500"}],"wp:featuredmedia":[{"embeddable":true,"href":"http:\/\/elcuartopoder.com.mx\/nw\/wp-json\/wp\/v2\/media\/113499"}],"wp:attachment":[{"href":"http:\/\/elcuartopoder.com.mx\/nw\/wp-json\/wp\/v2\/media?parent=113498"}],"wp:term":[{"taxonomy":"category","embeddable":true,"href":"http:\/\/elcuartopoder.com.mx\/nw\/wp-json\/wp\/v2\/categories?post=113498"},{"taxonomy":"post_tag","embeddable":true,"href":"http:\/\/elcuartopoder.com.mx\/nw\/wp-json\/wp\/v2\/tags?post=113498"}],"curies":[{"name":"wp","href":"https:\/\/api.w.org\/{rel}","templated":true}]}}