{"id":113507,"date":"2022-12-31T15:25:31","date_gmt":"2022-12-31T20:25:31","guid":{"rendered":"http:\/\/elcuartopoder.com.mx\/nw\/?p=113507"},"modified":"2022-12-31T15:25:32","modified_gmt":"2022-12-31T20:25:32","slug":"conoce-los-signos-de-la-depresion","status":"publish","type":"post","link":"http:\/\/elcuartopoder.com.mx\/nw\/entretenimiento\/salud\/conoce-los-signos-de-la-depresion\/","title":{"rendered":"Conoce los signos de la depresi\u00f3n"},"content":{"rendered":"\n<p>La\u00a0<strong>depresi\u00f3n estacional <\/strong>es un padecimiento que se presenta con mayor frecuencia durante oto\u00f1o e invierno, y est\u00e1 relacionado con dos factores: la temporada de fr\u00edo y las celebraciones decembrinas.<\/p>\n\n\n\n<p>Este padecimiento adem\u00e1s repercute en la convivencia familiar, el desempe\u00f1o laboral, escolar y las actividades cotidianas.<\/p>\n\n\n\n<p><strong>El primero influye en los h\u00e1bitos de las personas<\/strong>, ya que al estar m\u00e1s fr\u00edo el clima, las personas evitan salir de casa, lo que incide directamente en la cantidad de luz solar que recibe y que afecta los niveles de Vitamina D en nuestro cuerpo, y a su vez la cantidad de Serotonina que produce, hormona encargada de que nos sintamos felices.<\/p>\n\n\n\n<p>En el caso de las fiestas navide\u00f1as, hay personas que tienen \u00e1nimo bajo como consecuencia de&nbsp;<strong>problemas familiares o ausencias<\/strong>&nbsp;que no les permiten celebrar como la mayor\u00eda.<\/p>\n\n\n\n<h2 class=\"wp-block-heading\">\u00bfCu\u00e1les son los s\u00edntomas de la depresi\u00f3n por Navidad?<\/h2>\n\n\n\n<p>La depresi\u00f3n estacional puede provocar mucho sue\u00f1o, aumento en el apetito, tristeza, fatiga o desesperanza y, al detectar alguno de estos s\u00edntomas, se debe acudir al m\u00e9dico para iniciar un tratamiento oportuno y evitar que puedan llegar a ideas de minusval\u00eda, culpa y, en casos extremos, el suicidio.<\/p>\n\n\n\n<p>La doctora Martha Alicia L\u00f3pez Jaime, subdirectora M\u00e9dica del Hospital de Psiquiatr\u00eda con Unidad de Medicina Familiar (HP\/UMF) No. 10 del IMSS, se\u00f1al\u00f3 que si no se atiende, puede volverse un padecimiento cr\u00f3nico y el estado de \u00e1nimo puede empeorar, hasta que la persona sea totalmente disfuncional en su d\u00eda a d\u00eda.<\/p>\n\n\n\n<blockquote class=\"wp-block-quote is-layout-flow wp-block-quote-is-layout-flow\"><p>\u00abSe da principalmente, seg\u00fan algunos estudios, porque hay menos cantidad de exposici\u00f3n a la luz, provocando que muchos de los pacientes tengan el \u00e1nimo bajo, otro factor es la cuesti\u00f3n social, las fiestas decembrinas o la uni\u00f3n de las familias, ya que no es percibida por todos de la misma manera\u00bb.<\/p><\/blockquote>\n\n\n\n<p>Dijo que si la persona afectada no tiene la voluntad de acudir, es recomendable que los familiares est\u00e9n atentos a los cambios de \u00e1nimo para buscar ayuda de un experto.<\/p>\n\n\n\n<p>La m\u00e9dico especialista asegur\u00f3 que el IMSS brinda atenci\u00f3n por medio de m\u00e9dicos psiquiatras y psic\u00f3logos para atender a los derechohabientes; subray\u00f3 que hay urgencias de psiquiatr\u00eda las 24 horas del d\u00eda, los 365 d\u00edas del a\u00f1o en caso de una crisis.<\/p>\n\n\n\n<p>Tambi\u00e9n cuenta con una l\u00ednea de Orientaci\u00f3n M\u00e9dica Telef\u00f3nica en el 800 22 22 668 donde se cuenta con una opci\u00f3n para apoyo en salud mental.<\/p>\n\n\n\n<p><em>(Con informaci\u00f3n de El Universal)<\/em><\/p>\n","protected":false},"excerpt":{"rendered":"<p>La\u00a0depresi\u00f3n estacional es un padecimiento que se presenta con mayor frecuencia durante oto\u00f1o e invierno, y est\u00e1 relacionado con dos factores: la temporada de fr\u00edo y las celebraciones decembrinas. Este padecimiento adem\u00e1s repercute en la convivencia familiar, el desempe\u00f1o laboral, escolar y las actividades cotidianas. El primero influye en los h\u00e1bitos de las personas, ya [&hellip;]<\/p>\n","protected":false},"author":2,"featured_media":113508,"comment_status":"open","ping_status":"open","sticky":false,"template":"","format":"standard","meta":{"footnotes":""},"categories":[56],"tags":[],"class_list":["post-113507","post","type-post","status-publish","format-standard","has-post-thumbnail","hentry","category-salud"],"_links":{"self":[{"href":"http:\/\/elcuartopoder.com.mx\/nw\/wp-json\/wp\/v2\/posts\/113507","targetHints":{"allow":["GET"]}}],"collection":[{"href":"http:\/\/elcuartopoder.com.mx\/nw\/wp-json\/wp\/v2\/posts"}],"about":[{"href":"http:\/\/elcuartopoder.com.mx\/nw\/wp-json\/wp\/v2\/types\/post"}],"author":[{"embeddable":true,"href":"http:\/\/elcuartopoder.com.mx\/nw\/wp-json\/wp\/v2\/users\/2"}],"replies":[{"embeddable":true,"href":"http:\/\/elcuartopoder.com.mx\/nw\/wp-json\/wp\/v2\/comments?post=113507"}],"version-history":[{"count":1,"href":"http:\/\/elcuartopoder.com.mx\/nw\/wp-json\/wp\/v2\/posts\/113507\/revisions"}],"predecessor-version":[{"id":113509,"href":"http:\/\/elcuartopoder.com.mx\/nw\/wp-json\/wp\/v2\/posts\/113507\/revisions\/113509"}],"wp:featuredmedia":[{"embeddable":true,"href":"http:\/\/elcuartopoder.com.mx\/nw\/wp-json\/wp\/v2\/media\/113508"}],"wp:attachment":[{"href":"http:\/\/elcuartopoder.com.mx\/nw\/wp-json\/wp\/v2\/media?parent=113507"}],"wp:term":[{"taxonomy":"category","embeddable":true,"href":"http:\/\/elcuartopoder.com.mx\/nw\/wp-json\/wp\/v2\/categories?post=113507"},{"taxonomy":"post_tag","embeddable":true,"href":"http:\/\/elcuartopoder.com.mx\/nw\/wp-json\/wp\/v2\/tags?post=113507"}],"curies":[{"name":"wp","href":"https:\/\/api.w.org\/{rel}","templated":true}]}}