{"id":113510,"date":"2022-12-31T15:29:21","date_gmt":"2022-12-31T20:29:21","guid":{"rendered":"http:\/\/elcuartopoder.com.mx\/nw\/?p=113510"},"modified":"2022-12-31T15:29:26","modified_gmt":"2022-12-31T20:29:26","slug":"entrevista-con-alito-presidente-han-sido-tres-anos-de-sofocamiento-dice-sauri","status":"publish","type":"post","link":"http:\/\/elcuartopoder.com.mx\/nw\/politica\/entrevista-con-alito-presidente-han-sido-tres-anos-de-sofocamiento-dice-sauri\/","title":{"rendered":"ENTREVISTA | Con \u201cAlito\u201d presidente han sido tres a\u00f1os de \u201csofocamiento\u201d, dice Sauri"},"content":{"rendered":"\n<p>Ciudad de M\u00e9xico.\u2013\u00a0<strong>Dulce Mar\u00eda Sauri Riancho,<\/strong>\u00a0exdirigente nacional del\u00a0<strong>Partido Revolucionario Institucional<\/strong>\u00a0(<strong>PRI<\/strong>), asegur\u00f3 que los m\u00e1s de tres a\u00f1os que\u00a0<strong>Alejandro Moreno C\u00e1rdenas<\/strong>\u00a0lleva al frente del tricolor han sido de \u201c<strong>sofocaci\u00f3n<\/strong>\u201d para su instituto pol\u00edtico, pues el mandato del campechano se ha caracterizado por el \u201caislamiento y concentraci\u00f3n\u201d de poder.<\/p>\n\n\n\n<blockquote class=\"wp-block-quote is-layout-flow wp-block-quote-is-layout-flow\"><p>\u201cTal vez pod\u00eda yo caracterizarlo por un per\u00edodo defensivo; es decir, tratar de defender lo que queda de la fuerza territorial del PRI, de la fuerza de la representaci\u00f3n en las c\u00e1maras, aisl\u00e1ndolo concentr\u00e1ndolo, pero el aislamiento y la concentraci\u00f3n sofoca entonces hemos vivido m\u00e1s de tres a\u00f1os de sofocamiento institucional en el PRI y eso no conduce a cosa buena\u201d, dijo la tambi\u00e9n exgobernadora de Yucat\u00e1n en entrevista con Alejandro P\u00e1ez Varela en el programa&nbsp;<em><strong>Los Periodistas<\/strong><\/em>&nbsp;que conduce tambi\u00e9n \u00c1lvaro Delgado G\u00f3mez y que se transmite por YouTube a trav\u00e9s del canal de&nbsp;<strong>SinEmbargo Al Aire<\/strong>.<\/p><\/blockquote>\n\n\n\n<p>El pasado 19 de diciembre, el Consejo Pol\u00edtico Nacional del PRI aval\u00f3 que Moreno C\u00e1rdenas, tambi\u00e9n exgobernador por el estado de Campeche y conocido ampliamente como \u201c<strong>Alito<\/strong>\u201c, tenga la posibilidad de alargar su mandato al frente de la instituci\u00f3n hasta despu\u00e9s del 18 de agosto de 2023, a trav\u00e9s de una reforma que fue impulsada por \u00e9l mismo y por el grupo que lo respalda en el tricolor.<\/p>\n\n\n\n<p>Ante esta situaci\u00f3n, Sauri Riancho, quien adem\u00e1s ha sido Diputada federal y Senadora priista, plante\u00f3 que lo ocurrido hace unos d\u00edas en la sesi\u00f3n extraordinaria del Consejo Pol\u00edtico Nacional viola la institucionalidad de su partido, pues no s\u00f3lo se extendi\u00f3 del periodo de la actual dirigencia nacional, sino que se realizaron una serie de reformas a los estatutos del tricolor.<\/p>\n\n\n\n<p>\u201cMe parece que es importante que el PRI recupere su institucionalidad, yo le digo [dijo a P\u00e1ez Varela] que el PRI vaya por su segundo apellido, el primero \u2018revolucionario\u2019 y el segundo \u2018institucional\u2019. Lamentablemente lo que sucedi\u00f3 el 19 de diciembre pasado en la sesi\u00f3n extraordinaria del Consejo Pol\u00edtico Nacional viola esa institucionalidad del partido y me refiero a la extensi\u00f3n posible del periodo de la actual dirigencia nacional, sino en general a un conjunto de reformas a los estatutos, fueron 14 art\u00edculos de los astutos que fueron reformados varias de sus fracciones y que tienen que ver con una facultad exclusiva de la asamblea nacional\u201d, dijo Sauri.<\/p>\n\n\n\n<figure class=\"wp-block-image\" id=\"attachment_4301339\"><img decoding=\"async\" src=\"https:\/\/i1.wp.com\/www.sinembargo.mx\/wp-content\/uploads\/2022\/12\/alito.jpg?resize=700%2C369&amp;quality=80&amp;strip=all&amp;ssl=1\" alt=\"\" class=\"wp-image-4301339\"\/><figcaption>El Consejo Pol\u00edtico Nacional del PRI aprob\u00f3 cambios en sus estatutos para prorrogar la dirigencia nacional de \u201cAlito\u201d al frente del partido tricolor. Foto: Twitter @alitomorenoc<\/figcaption><\/figure>\n\n\n\n<p>Con 458 votos a favor y cero en contra, los priistas aprobaron diversas disposiciones para adecuar su marco normativo y armonizarlo con el marco jur\u00eddico electoral, inform\u00f3 \u201cAlito\u201d, actual Diputado federal por el tricolor.<\/p>\n\n\n\n<p>De acuerdo con los estatutos del PRI, \u201cAlito\u201d deber\u00eda concluir su gesti\u00f3n en agosto pr\u00f3ximo, pero la reforma que present\u00f3 le permitir\u00e1 permanecer en el cargo hasta 2024. La reforma aprobada en sesi\u00f3n extraordinaria por el Consejo del Revolucionario Institucional establece que se puede solicitar una pr\u00f3rroga del mandato de la dirigencia nacional dentro de los \u201c90 d\u00edas h\u00e1biles previos\u201d al inicio del proceso electoral federal.E<\/p>\n\n\n\n<p>El art\u00edculo 38, fracci\u00f3n 37 del reglamento del PRI, ya con la reforma avalada y apoyada por el grupo de Alejandro Moreno, qued\u00f3 de la siguiente forma: \u201cDeterminar la pr\u00f3rroga del periodo estatuario de la dirigencia nacional, en los casos en que la renovaci\u00f3n concurra con un proceso electoral o dentro de los noventa d\u00edas h\u00e1biles previos a este\u201d.<\/p>\n\n\n\n<p>El pasado 24 de diciembre, Dulce Mar\u00eda Sauri present\u00f3 una impugnaci\u00f3n ante la Comisi\u00f3n Nacional de Justicia Partidaria contra la reforma a los estatutos del tricolor que permitir\u00e1 que Alejandro Moreno C\u00e1rdenas extienda su mandato hasta 2024.<\/p>\n\n\n\n<p>Otras figuras del partido tricolor como Pedro Joaqu\u00edn Coldwell y los actuales senadores Miguel \u00c1ngel Osorio Chong y Claudia Ruiz Massieu tambi\u00e9n se sumaron a la impugnaci\u00f3n contra \u201cAlito\u201d al presentar querellas ante el Tribunal Electoral del Poder Judicial de la Federaci\u00f3n (TEPJF).<\/p>\n\n\n\n<figure class=\"wp-block-image\" id=\"attachment_4202252\"><img decoding=\"async\" src=\"https:\/\/i1.wp.com\/www.sinembargo.mx\/wp-content\/uploads\/2022\/06\/ruiz-massieu-y-osorio-chong.jpeg?resize=700%2C369&amp;quality=80&amp;strip=all&amp;ssl=1\" alt=\"\" class=\"wp-image-4202252\"\/><figcaption>Claudia Ruiz Massieu y Miguel \u00c1ngel Osorio Chong, coordinador del grupo parlamentario PRI en la C\u00e1mara de Senadores, se oponen a la ampliaci\u00f3n de la dirigencia de \u201cAlito\u201d. Foto: Andrea Murcia, Cuartoscuro.<\/figcaption><\/figure>\n\n\n\n<p>En la entrevista en el programa \u201cLos Periodistas\u201d, Alejandro P\u00e1ez pregunt\u00f3 a la priista sobre si hab\u00eda tenido alg\u00fan tipo de contacto con otras figuras del PRI sobre los recursos de impugnaci\u00f3n presentados ante el TEPJF. Dulce Mar\u00eda Sauri afirm\u00f3 que s\u00f3lo han mantenido comunicaci\u00f3n v\u00eda WhatsApp.<\/p>\n\n\n\n<p>\u201cEs un contacto muy eventual [\u2026] Realmente fue un mensaje de WhatsApp, \u2018present\u00e9 mi recurso\u2019. \u2018Oye, pues qu\u00e9 bien, esperamos los tiempos de las respuestas\u2019 y hasta ah\u00ed\u201d, respondi\u00f3 Sauri, quien es soci\u00f3loga egresada de la Universidad Iberoamericana campus Ciudad de M\u00e9xico y tiene&nbsp; los grados de Maestr\u00eda y Doctorado en historia, otorgados ambos por el Centro de Investigaciones y Estudios Superiores en Antropolog\u00eda Social (CIESAS.<\/p>\n\n\n\n<p>Dulce Mar\u00eda Sauri record\u00f3 que la adecuaci\u00f3n de los estatutos del PRI llega justo en medio de la discusi\u00f3n del llamado Plan B de la Reforma Electoral propuesta por el Presidente Andr\u00e9s Manuel L\u00f3pez Obrador y de la cual el propio \u201cAlito\u201d se ha declarado como uno de sus principales opositores. La exdirigente nacional del Revolucionario Institucional expuso que, en caso de aprobarse, la enmienda entrar\u00eda en vigor durante la tercera semana de noviembre del pr\u00f3ximo a\u00f1o, situaci\u00f3n que ya no favorecer\u00eda a Moreno C\u00e1rdenas, lo que lo llevar\u00eda a dejar de lado una posible impugnaci\u00f3n.<\/p>\n\n\n\n<blockquote class=\"wp-block-quote is-layout-flow wp-block-quote-is-layout-flow\"><p>\u201cLa Reforma Electoral del Presidente L\u00f3pez Obrador, esa que el PRI ha denunciado ardientemente estar en contra, tiene la previsi\u00f3n de que el proceso electoral inicie la tercera semana de noviembre, entonces la cobija de los tres meses ya no le ajustaba a la dirigencia nacional, por eso los 90 d\u00edas h\u00e1biles. Est\u00e1 pensando en dejar de impugnar por la v\u00eda de la acci\u00f3n de inconstitucionalidad de la reforma como un todo. Lo que nos muestra esta reforma a los estatutos del PRI es una actitud preventiva\u201d, plante\u00f3.<\/p><\/blockquote>\n\n\n\n<p>La exgobernadora de Yucat\u00e1n coment\u00f3 que es \u201caltamente probable\u201d que en caso de que la renovaci\u00f3n de la dirigencia del Comit\u00e9 Ejecutivo Nacional se lleve a cabo en los tiempos establecidos, \u201ces altamente probable\u201d que el nuevo presidente del partido sea af\u00edn a Moreno C\u00e1rdenas.<\/p>\n\n\n\n<p>\u201cYo no dudo en ning\u00fan momento de que el presidente del Comit\u00e9 Ejecutivo Nacional, la Secretaria general del Comit\u00e9 Ejecutivo Nacional tengan el control del aparato partidista, a m\u00ed me queda muy claro, es m\u00e1s, si la renovaci\u00f3n se da en tiempo, es decir, al 19 de agosto del a\u00f1o pr\u00f3ximo es altamente probable que la dirigencia que lo sustituya sea una dirigencia muy cercana, a fin a la actual dirigencia nacional, o sea hay esa fuerza pol\u00edtica para poderlo realizar\u201d, agreg\u00f3 en la entrevista transmitida por el canal&nbsp;<strong>SinEmbargo<\/strong>&nbsp;al Aire en YouTube.<\/p>\n\n\n\n<figure class=\"wp-block-image\" id=\"attachment_4260741\"><img decoding=\"async\" src=\"https:\/\/i0.wp.com\/www.sinembargo.mx\/wp-content\/uploads\/2022\/09\/alito-moreno-pri.jpg?resize=700%2C369&amp;quality=80&amp;strip=all&amp;ssl=1\" alt=\"\" class=\"wp-image-4260741\"\/><figcaption>El campechano Alejandro Moreno C\u00e1rdenas, presidente nacional del Partido Revolucionario Institucional, durante una conferencia de prensa. Foto: Graciela L\u00f3pez, Cuartoscuro.<\/figcaption><\/figure>\n\n\n\n<p>Pese a los conflictos internos al interior del PRI, Dulce Mar\u00eda Sauri expres\u00f3 su confianza porque el tricolor no siga los pasos de otros partidos y expulse a personajes que no respeten sus principios.<\/p>\n\n\n\n<blockquote class=\"wp-block-quote is-layout-flow wp-block-quote-is-layout-flow\"><p>\u201cYo espero que el PRI como instituci\u00f3n resista a las tentaciones de la expulsi\u00f3n [\u2026] Entonces ahora en las circunstancias que tenemos, nosotros lo que estamos simplemente se\u00f1alando hablo en general, pero quisiera particularizarlo en mi persona, es que se recupere la vida institucional del PRI, no queremos ir a ning\u00fan lado, al contrario, queremos permanecer en un partido fuerte que lo es cuando es oposici\u00f3n, siempre y cuando se respeta la vida institucional del partido\u201d, dijo.<\/p><\/blockquote>\n\n\n\n<p>Sauri Riancho record\u00f3 que en el pasado, el partido tricolor se enfrent\u00f3 a momentos complicados y a pesar de las circunstancias no expuls\u00f3 a ning\u00fan miembro, al contrario, aquellos personajes decidieron irse por cuenta propia.<\/p>\n\n\n\n<p>\u201cLa di\u00e1spora es cuando te vas, nosotros no nos fuimos aqu\u00ed estamos y lo digo por m\u00ed. El momento m\u00e1s complicado de la vida interna del PRI se dio en marzo de 1987 con la corriente democr\u00e1tica, que conformaron Cuauht\u00e9moc C\u00e1rdenas, Porfirio Mu\u00f1oz Ledo e Ifigenia Mart\u00ednez. La Asamblea Nacional de marzo de ese a\u00f1o fue una asamblea sumamente tensa; sin embargo, y a pesar de las circunstancias, el PRI nunca expuls\u00f3 a a los tres m\u00e1s importantes personajes ni a ninguno de los que participaron, ellos decidieron marcharse\u201d, relat\u00f3.<\/p>\n\n\n\n<figure class=\"wp-block-image\" id=\"attachment_4213275\"><img decoding=\"async\" src=\"https:\/\/i0.wp.com\/www.sinembargo.mx\/wp-content\/uploads\/2022\/06\/dulce-maria-sauri.jpg?resize=700%2C369&amp;quality=80&amp;strip=all&amp;ssl=1\" alt=\"\" class=\"wp-image-4213275\"\/><figcaption>Dulce Mar\u00eda Sauri Riancho, exdiputada y Senadora de la Rep\u00fablica, tambi\u00e9n fungi\u00f3 como dirigente nacional del PRI del 1 de diciembre de 1999 al 4 de marzo de 2002. Foto: Twitter @DulceSauri<\/figcaption><\/figure>\n\n\n\n<p>Finalmente, la exlideresa del PRI asegur\u00f3 que las elecciones del pr\u00f3ximo a\u00f1o en el Estado de M\u00e9xico y Coahuila ser\u00e1n cruciales para definir el futuro del partido, pues dependiendo los resultados se deber\u00e1 trazar la ruta a seguir.<\/p>\n\n\n\n<p>\u201cLo veo como un riesgo cercano, s\u00ed, pero inminente va a depender de lo que suceda en el primer semestre del a\u00f1o pr\u00f3ximo. Yo considero que hay todos los elementos para que la coalici\u00f3n electoral compita exitosamente en las elecciones de Coahuila y el Estado de M\u00e9xico; considero tambi\u00e9n que van a ser elecciones altamente disputadas, pero que una vez que pase el 4 de junio, una vez que se haya realizado el proceso electoral, se va a abrir una baraja nueva. \u00bfQu\u00e9 trae esa baraja? Si la baraja trae triunfos habr\u00e1 nuevos actores pol\u00edticos que se sienten a la mesa, la candidata triunfadora en el Estado de M\u00e9xico, el candidato triunfador en Coahuila, un priismo y una coalici\u00f3n electoral con \u00e1nimos renovados hacia el 2024. Y si la decisi\u00f3n no favorece a la coalici\u00f3n tambi\u00e9n se abre otra baraja. Esa baraja va a llevar a revisar la pertinencia de las coaliciones electorales hacia el 2024: d\u00f3nde, c\u00f3mo, bajo qu\u00e9 circunstancias, es decir hay otro escenario tambi\u00e9n\u201d, expuso la experimentada pol\u00edtica yucateca.<\/p>\n","protected":false},"excerpt":{"rendered":"<p>Ciudad de M\u00e9xico.\u2013\u00a0Dulce Mar\u00eda Sauri Riancho,\u00a0exdirigente nacional del\u00a0Partido Revolucionario Institucional\u00a0(PRI), asegur\u00f3 que los m\u00e1s de tres a\u00f1os que\u00a0Alejandro Moreno C\u00e1rdenas\u00a0lleva al frente del tricolor han sido de \u201csofocaci\u00f3n\u201d para su instituto pol\u00edtico, pues el mandato del campechano se ha caracterizado por el \u201caislamiento y concentraci\u00f3n\u201d de poder. \u201cTal vez pod\u00eda yo caracterizarlo por un per\u00edodo [&hellip;]<\/p>\n","protected":false},"author":2,"featured_media":113511,"comment_status":"open","ping_status":"open","sticky":false,"template":"","format":"standard","meta":{"footnotes":""},"categories":[61],"tags":[],"class_list":["post-113510","post","type-post","status-publish","format-standard","has-post-thumbnail","hentry","category-politica"],"_links":{"self":[{"href":"http:\/\/elcuartopoder.com.mx\/nw\/wp-json\/wp\/v2\/posts\/113510","targetHints":{"allow":["GET"]}}],"collection":[{"href":"http:\/\/elcuartopoder.com.mx\/nw\/wp-json\/wp\/v2\/posts"}],"about":[{"href":"http:\/\/elcuartopoder.com.mx\/nw\/wp-json\/wp\/v2\/types\/post"}],"author":[{"embeddable":true,"href":"http:\/\/elcuartopoder.com.mx\/nw\/wp-json\/wp\/v2\/users\/2"}],"replies":[{"embeddable":true,"href":"http:\/\/elcuartopoder.com.mx\/nw\/wp-json\/wp\/v2\/comments?post=113510"}],"version-history":[{"count":1,"href":"http:\/\/elcuartopoder.com.mx\/nw\/wp-json\/wp\/v2\/posts\/113510\/revisions"}],"predecessor-version":[{"id":113512,"href":"http:\/\/elcuartopoder.com.mx\/nw\/wp-json\/wp\/v2\/posts\/113510\/revisions\/113512"}],"wp:featuredmedia":[{"embeddable":true,"href":"http:\/\/elcuartopoder.com.mx\/nw\/wp-json\/wp\/v2\/media\/113511"}],"wp:attachment":[{"href":"http:\/\/elcuartopoder.com.mx\/nw\/wp-json\/wp\/v2\/media?parent=113510"}],"wp:term":[{"taxonomy":"category","embeddable":true,"href":"http:\/\/elcuartopoder.com.mx\/nw\/wp-json\/wp\/v2\/categories?post=113510"},{"taxonomy":"post_tag","embeddable":true,"href":"http:\/\/elcuartopoder.com.mx\/nw\/wp-json\/wp\/v2\/tags?post=113510"}],"curies":[{"name":"wp","href":"https:\/\/api.w.org\/{rel}","templated":true}]}}