{"id":113521,"date":"2022-12-31T16:17:12","date_gmt":"2022-12-31T21:17:12","guid":{"rendered":"http:\/\/elcuartopoder.com.mx\/nw\/?p=113521"},"modified":"2022-12-31T16:17:16","modified_gmt":"2022-12-31T21:17:16","slug":"el-contundente-exito-de-la-politica-economica","status":"publish","type":"post","link":"http:\/\/elcuartopoder.com.mx\/nw\/editorial\/el-contundente-exito-de-la-politica-economica\/","title":{"rendered":"El contundente \u00e9xito de la pol\u00edtica econ\u00f3mica"},"content":{"rendered":"\n<p>La llegada de<strong>&nbsp;AMLO a la presidencia de la Rep\u00fablica<\/strong>&nbsp;signific\u00f3 la instauraci\u00f3n de un&nbsp;<strong>nuevo paradigma en la pol\u00edtica econ\u00f3mica&nbsp;<\/strong>y el fin de las recetas neoliberales que tanta pobreza y tanta desigualdad generaron a lo largo de cuatro d\u00e9cadas. Ello, claro, vino acompa\u00f1ado de la objeci\u00f3n y la resistencia de las \u00e9lites pol\u00edticas, empresariales y econ\u00f3micas que fueron beneficiados por esas viejas recetas y sintieron amenazados sus privilegios y prebendas.&nbsp;<\/p>\n\n\n\n<p>AMLO emprendi\u00f3 acciones para combatir la pobreza, instaur\u00f3 el principio de austeridad republicana en la administraci\u00f3n p\u00fablica y llevo a cabo una lucha frontal contra los delitos fiscales, pero en el camino sobrevino una pandemia que llev\u00f3 al mundo entero a una crisis econ\u00f3mica de la cual nuestro pa\u00eds ha salido bien librado gracias a las acciones del gobierno.<\/p>\n\n\n\n<p>Debido al manejo responsable y con visi\u00f3n social de la econom\u00eda, M\u00e9xico increment\u00f3 su recaudaci\u00f3n, las familias vieron crecer sus ingresos y se garantiz\u00f3 la compra y distribuci\u00f3n de vacunas covid a toda la poblaci\u00f3n, todo ello sin aumentar la deuda ni los impuestos como se hac\u00eda en el pasado.<\/p>\n\n\n\n<p>Por esas razones que est\u00e1n a la vista de todas y todos, menos de quienes no quieren verlo, la revista The Economist, que en otras ocasiones ha criticado a AMLO, ubic\u00f3 a la econom\u00eda mexicana en el sexto lugar de desempe\u00f1o entre los pa\u00edses de la OCDE; dicha lista es elaborada a partir de indicadores econ\u00f3micos como el producto interno bruto, la inflaci\u00f3n, el desempe\u00f1o del mercado de valores y la deuda p\u00fablica, destacando que nuestro pa\u00eds tuvo un crecimiento de 3.3 % en 2022.<\/p>\n\n\n\n<p>Pero a pesar de la sorpresa de propios y extra\u00f1os, desde noviembre la&nbsp;<strong>OCDE<\/strong>&nbsp;se\u00f1al\u00f3 que M\u00e9xico fue el pa\u00eds con mayor crecimiento del PIB durante el tercer trimestre de este a\u00f1o, con un incremento de 1.8%, por encima de pa\u00edses como Noruega que registr\u00f3 1.5%, Alemania con 0.1% y Canad\u00e1 con 0.4%.<\/p>\n\n\n\n<p>Las cifras no mienten, pero de paso demuestran que quienes s\u00ed mienten son aquellos que durante estos 4 a\u00f1os de gobierno han sido agoreros del desastre, los que profetizaban la cat\u00e1strofe econ\u00f3mica, los que hablaban de reelecci\u00f3n y ahora se tienen que tragar sus palabras, los que vaticinaban que nos convertir\u00edamos en Venezuela.<\/p>\n\n\n\n<p>Y ya que hablamos de mentiras, de pena ajena que una desinformada y, por tanto irresponsable revista brit\u00e1nica asociada a una ONG aparentemente igual de desinformada e irresponsable, califique a AMLO como tirano a causa de la violencia generada por el crimen organizado contra periodistas en M\u00e9xico. Si algo de exhaustividad hubiese tenido sabr\u00eda que la violencia contra periodistas la venimos arrastrando desde el sexenio de Vicente Fox donde hubo 22 periodistas asesinados, 48 en el de Calder\u00f3n y 47 en el de Pe\u00f1a Nieto.&nbsp;<\/p>\n\n\n\n<p>Resulta curioso que Index on Censorship, que existe desde 1972, haya tardado 22 a\u00f1os en voltear a ver la violencia contra periodistas en M\u00e9xico. Curioso tambi\u00e9n que los ataques, el activismo y hasta las ofensas de la prensa opositora no le parezcan muestra clara de la libertad de expresi\u00f3n que hoy existe en M\u00e9xico.&nbsp;<\/p>\n\n\n\n<p>POR BENJAM\u00cdN ROBLES MONTOYA<\/p>\n","protected":false},"excerpt":{"rendered":"<p>La llegada de&nbsp;AMLO a la presidencia de la Rep\u00fablica&nbsp;signific\u00f3 la instauraci\u00f3n de un&nbsp;nuevo paradigma en la pol\u00edtica econ\u00f3mica&nbsp;y el fin de las recetas neoliberales que tanta pobreza y tanta desigualdad generaron a lo largo de cuatro d\u00e9cadas. Ello, claro, vino acompa\u00f1ado de la objeci\u00f3n y la resistencia de las \u00e9lites pol\u00edticas, empresariales y econ\u00f3micas que [&hellip;]<\/p>\n","protected":false},"author":2,"featured_media":113522,"comment_status":"open","ping_status":"open","sticky":false,"template":"","format":"standard","meta":{"footnotes":""},"categories":[63],"tags":[],"class_list":["post-113521","post","type-post","status-publish","format-standard","has-post-thumbnail","hentry","category-editorial"],"_links":{"self":[{"href":"http:\/\/elcuartopoder.com.mx\/nw\/wp-json\/wp\/v2\/posts\/113521","targetHints":{"allow":["GET"]}}],"collection":[{"href":"http:\/\/elcuartopoder.com.mx\/nw\/wp-json\/wp\/v2\/posts"}],"about":[{"href":"http:\/\/elcuartopoder.com.mx\/nw\/wp-json\/wp\/v2\/types\/post"}],"author":[{"embeddable":true,"href":"http:\/\/elcuartopoder.com.mx\/nw\/wp-json\/wp\/v2\/users\/2"}],"replies":[{"embeddable":true,"href":"http:\/\/elcuartopoder.com.mx\/nw\/wp-json\/wp\/v2\/comments?post=113521"}],"version-history":[{"count":1,"href":"http:\/\/elcuartopoder.com.mx\/nw\/wp-json\/wp\/v2\/posts\/113521\/revisions"}],"predecessor-version":[{"id":113523,"href":"http:\/\/elcuartopoder.com.mx\/nw\/wp-json\/wp\/v2\/posts\/113521\/revisions\/113523"}],"wp:featuredmedia":[{"embeddable":true,"href":"http:\/\/elcuartopoder.com.mx\/nw\/wp-json\/wp\/v2\/media\/113522"}],"wp:attachment":[{"href":"http:\/\/elcuartopoder.com.mx\/nw\/wp-json\/wp\/v2\/media?parent=113521"}],"wp:term":[{"taxonomy":"category","embeddable":true,"href":"http:\/\/elcuartopoder.com.mx\/nw\/wp-json\/wp\/v2\/categories?post=113521"},{"taxonomy":"post_tag","embeddable":true,"href":"http:\/\/elcuartopoder.com.mx\/nw\/wp-json\/wp\/v2\/tags?post=113521"}],"curies":[{"name":"wp","href":"https:\/\/api.w.org\/{rel}","templated":true}]}}