{"id":113548,"date":"2022-12-31T17:51:18","date_gmt":"2022-12-31T22:51:18","guid":{"rendered":"http:\/\/elcuartopoder.com.mx\/nw\/?p=113548"},"modified":"2022-12-31T17:51:22","modified_gmt":"2022-12-31T22:51:22","slug":"repunta-actividad-turistica-en-la-isla-de-holbox","status":"publish","type":"post","link":"http:\/\/elcuartopoder.com.mx\/nw\/municipales\/repunta-actividad-turistica-en-la-isla-de-holbox\/","title":{"rendered":"Repunta actividad tur\u00edstica en la isla de Holbox"},"content":{"rendered":"\n<p><strong>En pleno fin de semana repunt\u00f3 la actividad tur\u00edstica<\/strong>&nbsp;y si las condiciones contin\u00faan de esa forma llegar\u00e1 a su m\u00e1xima capacidad las festividades de A\u00f1o Nuevo, destac\u00f3 el alcalde de la isla de Holbox, Manuel Escamilla Garc\u00eda.<\/p>\n\n\n\n<p>Reconoci\u00f3 que esa situaci\u00f3n se debe porque gran cantidad de&nbsp;<strong>turistas de origen europeo<\/strong>&nbsp;acuden a pasar el A\u00f1o Nuevo en la isla de Holbox, porque se prestan las condiciones clim\u00e1ticas de los frentes fr\u00edos en comparaci\u00f3n a su lugar de origen.<\/p>\n\n\n\n<p>De igual forma, dijo que otras de las caracter\u00edsticas que ayuda&nbsp;<strong>es el buen trato que brindan los prestadores de servicios tur\u00edsticos<\/strong>&nbsp;a partir de que llegan al puerto de Chiquil\u00e1, donde se brinda un trato amable y cordial.<\/p>\n\n\n\n<p>Y es que la isla de Holbox ofrece paseos en Isla P\u00e1jaros, Isla Pasi\u00f3n, Laguna Yalahau y adicional disfrutan de una serie de comidas t\u00edpicas de la regi\u00f3n y de todo tipo de mariscos. (Con informaci\u00f3n de Ra\u00fal Balam)<\/p>\n\n\n\n<h2 class=\"wp-block-heading\">Aeropuerto de Canc\u00fan registra a la pasajera 30 millones<\/h2>\n\n\n\n<p>Tras dos a\u00f1os de pandemia, el Aeropuerto Internacional de Canc\u00fan (AIC)&nbsp;<strong>rompi\u00f3 el r\u00e9cord en la llegada de pasajeros<\/strong>&nbsp;<strong>al trasladar en sus terminales a 30 millones<\/strong>, una cifra que supera por 4.6% lo alcanzado en 2019 cuando fueron 25.5 millones de personas tanto en vuelos nacionales como internacionales.<\/p>\n\n\n\n<p>Se trata de Lisa Marie Stickley, originaria de Indiana, Estados Unidos, quien en compa\u00f1\u00eda de su esposo Chad Stickley, estuvieron durante 12 d\u00edas en el destino. Dijo que esta es la quinta vez que visita Quintana Roo, ya que eligen los destinos del Caribe mexicano para celebrar su aniversario.<\/p>\n\n\n\n<p>Resalt\u00f3 que&nbsp;<strong>la gastronom\u00eda, la tierra y su gente son lo que m\u00e1s le gusta del estado<\/strong>, mientras que Canc\u00fan e Isla Mujeres son sus destinos favoritos.<\/p>\n\n\n\n<p>Lisa y Chad fueron despedidos por la gobernadora del estado, el secretario de Turismo en el Estado, Bernardo Cueto Riestra, as\u00ed como la presidenta municipal de Benito Ju\u00e1rez, Ana Patricia Peralta de la Pe\u00f1a, con mariachis y varios regalos, los cuales aceptaron agradecidos y felices, al tiempo que aseguraron que volver\u00e1n el pr\u00f3ximo a\u00f1o.<\/p>\n\n\n\n<p><em>\u201cEl trabajo en conjunto y las buenas decisiones que tomamos&nbsp;<\/em><strong><em>llevaron a que cerremos el a\u00f1o con este r\u00e9cord hist\u00f3rico<\/em><\/strong><em>, que llevar\u00e1 a plantear los retos para el pr\u00f3ximo a\u00f1o en materia tur\u00edstica y con ello tambi\u00e9n la derrama sea un beneficio social\u201d, coment\u00f3 la gobernadora, quien tambi\u00e9n destac\u00f3 la importancia del turismo repetitivo, como Lisa y su esposo que eligen a\u00f1o con a\u00f1o a Quintana Roo.<\/em><\/p>\n\n\n\n<p>Por su parte, Alejandro Rosel Ram\u00edrez, gerente de Relaciones Institucionales del AIC, asegur\u00f3 que este r\u00e9cord es el augurio de cosas mejores que vendr\u00e1n tanto para Quintana Roo como para el aeropuerto.<\/p>\n\n\n\n<p><em>\u201c<\/em><strong><em>Despedir al pasajero 30 millones en el per\u00edodo de este a\u00f1o es un hecho hist\u00f3rico<\/em><\/strong><em>, rompe el r\u00e9cord y sin duda vendr\u00e1n tiempos mejores en el tr\u00e1fico de pasajeros, para el aeropuerto y por supuesto para el destino. Vienen grandes retos para todos y seguro los enfrentaremos de manera exitosa\u201d, mencion\u00f3.<\/em><\/p>\n\n\n\n<p>La terminal a\u00e9rea cerr\u00f3 el mes pasado con la movilizaci\u00f3n de 27 millones 408 mil 372 pasajeros, cifra que en comparaci\u00f3n con los resultados obtenidos durante el 2019, creci\u00f3 en un 18.2%, con ello ya se hab\u00eda roto un r\u00e9cord pre pandemia.<\/p>\n\n\n\n<p>Sin embargo,&nbsp;<strong>el boom tur\u00edstico<\/strong>&nbsp;que impuls\u00f3 la llegada de m\u00e1s vacacionistas para pasar las fechas decembrinas&nbsp;<strong>los llev\u00f3 a alcanzar los 30 millones<\/strong>.<\/p>\n\n\n\n<p>El principal aeropuerto del estado y el segundo con m\u00e1s movilizaci\u00f3n en el pa\u00eds, mantiene operaciones a\u00e9reas por arriba de 600, algo que estiman se mantenga hasta que finalice el a\u00f1o, tanto en llegadas como salidas nacionales e internacionales.<\/p>\n\n\n\n<p>Del total de pasajeros movilizados este a\u00f1o,\u00a0<strong>17 millones son en rutas internacionales<\/strong>, destacando que la principal conexi\u00f3n es con ciudades de Estados Unidos. En el caso de las nacionales se contabiliza m\u00e1s de nueve millones.<\/p>\n\n\n\n<p>Fuente: SIPSE<\/p>\n","protected":false},"excerpt":{"rendered":"<p>En pleno fin de semana repunt\u00f3 la actividad tur\u00edstica&nbsp;y si las condiciones contin\u00faan de esa forma llegar\u00e1 a su m\u00e1xima capacidad las festividades de A\u00f1o Nuevo, destac\u00f3 el alcalde de la isla de Holbox, Manuel Escamilla Garc\u00eda. Reconoci\u00f3 que esa situaci\u00f3n se debe porque gran cantidad de&nbsp;turistas de origen europeo&nbsp;acuden a pasar el A\u00f1o Nuevo [&hellip;]<\/p>\n","protected":false},"author":2,"featured_media":113549,"comment_status":"open","ping_status":"open","sticky":false,"template":"","format":"standard","meta":{"footnotes":""},"categories":[6],"tags":[],"class_list":["post-113548","post","type-post","status-publish","format-standard","has-post-thumbnail","hentry","category-municipales"],"_links":{"self":[{"href":"http:\/\/elcuartopoder.com.mx\/nw\/wp-json\/wp\/v2\/posts\/113548","targetHints":{"allow":["GET"]}}],"collection":[{"href":"http:\/\/elcuartopoder.com.mx\/nw\/wp-json\/wp\/v2\/posts"}],"about":[{"href":"http:\/\/elcuartopoder.com.mx\/nw\/wp-json\/wp\/v2\/types\/post"}],"author":[{"embeddable":true,"href":"http:\/\/elcuartopoder.com.mx\/nw\/wp-json\/wp\/v2\/users\/2"}],"replies":[{"embeddable":true,"href":"http:\/\/elcuartopoder.com.mx\/nw\/wp-json\/wp\/v2\/comments?post=113548"}],"version-history":[{"count":1,"href":"http:\/\/elcuartopoder.com.mx\/nw\/wp-json\/wp\/v2\/posts\/113548\/revisions"}],"predecessor-version":[{"id":113550,"href":"http:\/\/elcuartopoder.com.mx\/nw\/wp-json\/wp\/v2\/posts\/113548\/revisions\/113550"}],"wp:featuredmedia":[{"embeddable":true,"href":"http:\/\/elcuartopoder.com.mx\/nw\/wp-json\/wp\/v2\/media\/113549"}],"wp:attachment":[{"href":"http:\/\/elcuartopoder.com.mx\/nw\/wp-json\/wp\/v2\/media?parent=113548"}],"wp:term":[{"taxonomy":"category","embeddable":true,"href":"http:\/\/elcuartopoder.com.mx\/nw\/wp-json\/wp\/v2\/categories?post=113548"},{"taxonomy":"post_tag","embeddable":true,"href":"http:\/\/elcuartopoder.com.mx\/nw\/wp-json\/wp\/v2\/tags?post=113548"}],"curies":[{"name":"wp","href":"https:\/\/api.w.org\/{rel}","templated":true}]}}