{"id":113572,"date":"2023-01-02T10:10:16","date_gmt":"2023-01-02T15:10:16","guid":{"rendered":"http:\/\/elcuartopoder.com.mx\/nw\/?p=113572"},"modified":"2023-01-02T10:10:20","modified_gmt":"2023-01-02T15:10:20","slug":"bolsonaro-deja-la-presidencia-con-destino-a-estados-unidos","status":"publish","type":"post","link":"http:\/\/elcuartopoder.com.mx\/nw\/internacionales\/bolsonaro-deja-la-presidencia-con-destino-a-estados-unidos\/","title":{"rendered":"Bolsonaro deja la presidencia con destino a Estados Unidos"},"content":{"rendered":"\n<p>Orientado por abogados y con temor de ser preso, el ya expresidente de Brasil, Jair Bolsonaro, confirm\u00f3 que ten\u00eda previsto dejar el pa\u00eds el viernes y viajar en un Airbus VC-1 de la Fuerza A\u00e9rea Brasile\u00f1a (FAB), con destino a Orlando, en los Estados Unidos. Con la decisi\u00f3n tambi\u00e9n se confirma que no le entregar\u00e1 hoy la banda presidencial a su sucesor, Luiz In\u00e1cio Lula da Silva, a quien nunca salud\u00f3 tras la victoria en las urnas, ocurrida a finales del pasado mes de octubre.<\/p>\n\n\n\n<p>Un conjunto de autom\u00f3viles utilizados por la presidencia salieron poco antes de las 14.00 horas del viernes de la residencia oficial de la Alvorada en Brasilia, constat\u00f3 un fot\u00f3grafo de la Afp, sin poder confirmar si el presidente viajaba dentro. Casi en silencio desde la elecci\u00f3n, Bolsonaro grab\u00f3 un v\u00eddeo editado que transmiti\u00f3, como en vivo, poco antes de su partida. El mandatario hizo un balance de su gesti\u00f3n y dijo que \u00abnada justifica\u00bb actos terroristas, refiri\u00e9ndose al hombre preso en Brasilia que coloc\u00f3 un explosivo en un cami\u00f3n de combustible cerca al aeropuerto.<\/p>\n\n\n\n<p>Seg\u00fan &#8216;O Globo&#8217;, Bolsonaro fue aconsejado a salir de Brasil para no correr el riesgo de ser preso tras perder el aforamiento del que ha disfrutado hasta ahora como presidente, un privilegio que pierde con el cargo, a partir de hoy. Aunque ese riesgo sea bajo, en \u00e9poca de vacaciones en el Poder Judicial, te\u00f3ricamente, podr\u00eda ser arrestado por cualquier juez de primera instancia, cuando la Corte Suprema no tenga m\u00e1s relaci\u00f3n con los procesos del expresidente.<\/p>\n\n\n\n<p>Fuente: ABC<\/p>\n","protected":false},"excerpt":{"rendered":"<p>Orientado por abogados y con temor de ser preso, el ya expresidente de Brasil, Jair Bolsonaro, confirm\u00f3 que ten\u00eda previsto dejar el pa\u00eds el viernes y viajar en un Airbus VC-1 de la Fuerza A\u00e9rea Brasile\u00f1a (FAB), con destino a Orlando, en los Estados Unidos. Con la decisi\u00f3n tambi\u00e9n se confirma que no le entregar\u00e1 [&hellip;]<\/p>\n","protected":false},"author":2,"featured_media":113573,"comment_status":"open","ping_status":"open","sticky":false,"template":"","format":"standard","meta":{"footnotes":""},"categories":[8],"tags":[],"class_list":["post-113572","post","type-post","status-publish","format-standard","has-post-thumbnail","hentry","category-internacionales"],"_links":{"self":[{"href":"http:\/\/elcuartopoder.com.mx\/nw\/wp-json\/wp\/v2\/posts\/113572","targetHints":{"allow":["GET"]}}],"collection":[{"href":"http:\/\/elcuartopoder.com.mx\/nw\/wp-json\/wp\/v2\/posts"}],"about":[{"href":"http:\/\/elcuartopoder.com.mx\/nw\/wp-json\/wp\/v2\/types\/post"}],"author":[{"embeddable":true,"href":"http:\/\/elcuartopoder.com.mx\/nw\/wp-json\/wp\/v2\/users\/2"}],"replies":[{"embeddable":true,"href":"http:\/\/elcuartopoder.com.mx\/nw\/wp-json\/wp\/v2\/comments?post=113572"}],"version-history":[{"count":1,"href":"http:\/\/elcuartopoder.com.mx\/nw\/wp-json\/wp\/v2\/posts\/113572\/revisions"}],"predecessor-version":[{"id":113574,"href":"http:\/\/elcuartopoder.com.mx\/nw\/wp-json\/wp\/v2\/posts\/113572\/revisions\/113574"}],"wp:featuredmedia":[{"embeddable":true,"href":"http:\/\/elcuartopoder.com.mx\/nw\/wp-json\/wp\/v2\/media\/113573"}],"wp:attachment":[{"href":"http:\/\/elcuartopoder.com.mx\/nw\/wp-json\/wp\/v2\/media?parent=113572"}],"wp:term":[{"taxonomy":"category","embeddable":true,"href":"http:\/\/elcuartopoder.com.mx\/nw\/wp-json\/wp\/v2\/categories?post=113572"},{"taxonomy":"post_tag","embeddable":true,"href":"http:\/\/elcuartopoder.com.mx\/nw\/wp-json\/wp\/v2\/tags?post=113572"}],"curies":[{"name":"wp","href":"https:\/\/api.w.org\/{rel}","templated":true}]}}