{"id":113943,"date":"2023-01-12T08:33:52","date_gmt":"2023-01-12T13:33:52","guid":{"rendered":"http:\/\/elcuartopoder.com.mx\/nw\/?p=113943"},"modified":"2023-01-12T08:33:54","modified_gmt":"2023-01-12T13:33:54","slug":"remodelamos-instalaciones-deportivas-emblematicas-para-los-cancunenses-ana-patricia-peralta","status":"publish","type":"post","link":"http:\/\/elcuartopoder.com.mx\/nw\/entretenimiento\/deportes\/remodelamos-instalaciones-deportivas-emblematicas-para-los-cancunenses-ana-patricia-peralta\/","title":{"rendered":"<strong>REMODELAMOS INSTALACIONES DEPORTIVAS EMBLEM\u00c1TICAS PARA LOS CANCUNENSES: ANA PATRICIA PERALTA<\/strong><br>"},"content":{"rendered":"\n<p><strong>Canc\u00fan, Q.Roo.-<\/strong>\u00a0Ante la reciente declaratoria de 2023 como el A\u00f1o de las Ni\u00f1as y los Ni\u00f1os en Benito Ju\u00e1rez, la Presidenta Municipal, Ana Patricia Peralta, realiz\u00f3 un recorrido para constatar la remodelaci\u00f3n emprendida en las oficinas del emblem\u00e1tico Gimnasio de Usos M\u00faltiples \u201cKuchil Baxal\u201d, que recibe a\u00f1o con a\u00f1o a 80 mil deportistas de varias disciplinas, mayormente ni\u00f1os y j\u00f3venes, adem\u00e1s de que es un recinto que forma parte del patrimonio municipal y cultural de la ciudad.\u00a0<\/p>\n\n\n\n<p>\u201cEs ic\u00f3nico nuestro Kuchil Baxal; estamos en recorrido con los regidores y directores municipales para reafirmar que el deporte en Canc\u00fan es una prioridad en esta administraci\u00f3n para nuestras ni\u00f1as, ni\u00f1os y j\u00f3venes, personas con discapacidad\u201d, dijo.<\/p>\n\n\n\n<p>Acompa\u00f1ada por el director del Instituto del Deporte, Alejandro Luna L\u00f3pez; el secretario general, Jorge Carlos Aguilar Osorio; y el regidor Miguel \u00c1ngel Zenteno Cort\u00e9s, la Primera Autoridad Municipal anunci\u00f3 que posteriormente se invertir\u00e1 en la rehabilitaci\u00f3n de los aires acondicionados para el espacio deportivo en el que se celebran eventos locales, nacionales e inclusive internacionales.<\/p>\n\n\n\n<p>Al respecto, el director del Instituto del Deporte, puntualiz\u00f3 que este lugar ubicado en la Supermanzana 21 tiene 31 a\u00f1os de haberse inaugurado en 1991 y es el \u00fanico gimnasio p\u00fablico con duelas que es patrimonio del Ayuntamiento de Benito Ju\u00e1rez.<\/p>\n\n\n\n<p>Explic\u00f3 que los cambios estructurales beneficiar\u00e1n a miles de personas quienes acuden diariamente a realizar tr\u00e1mites y permisos referentes a eventos deportivos en los que participan ni\u00f1as, ni\u00f1os y personas de todas las edades, a las coordinaciones de Deporte Federado, Deporte Estudiantil, Deportes Adaptado, Infraestructura, Jur\u00eddico, Administraci\u00f3n, Comunicaci\u00f3n Social, as\u00ed como Recursos Humanos y Direcci\u00f3n General.<\/p>\n\n\n\n<p>Detall\u00f3 que el remozamiento en las oficinas incluye: pintura, plomer\u00eda, mantenimiento de ba\u00f1os, levantamiento y colocaci\u00f3n de piso nuevo, adem\u00e1s de trabajos correctivos para evitar filtraciones mayores de agua propias del deterioro del inmueble, producto de la antig\u00fcedad, adem\u00e1s de que se dotar\u00e1 de bancas y sillas en el exterior y se pintar\u00e1n juegos infantiles l\u00fadicos para uso de los peque\u00f1os.<\/p>\n\n\n\n<p>Como parte del recorrido, la Presidenta Municipal constat\u00f3 las instalaciones de las escuelas al interior del gimnasio \u201cKuchil Baxal\u201d, que imparten disciplinas tales como de gimnasia, mul do, boxeo ol\u00edmpico y la dos canchas de duela para usos m\u00faltiples, en las cuales entrenan, practican y compiten miles de atletas diariamente.\u00a0<\/p>\n\n\n\n<figure class=\"wp-block-gallery has-nested-images columns-default is-cropped wp-block-gallery-1 is-layout-flex wp-block-gallery-is-layout-flex\">\n<figure class=\"wp-block-image size-large\"><img loading=\"lazy\" decoding=\"async\" width=\"1024\" height=\"775\" data-id=\"113946\" src=\"http:\/\/elcuartopoder.com.mx\/nw\/wp-content\/uploads\/2023\/01\/01-3-1024x775.jpg\" alt=\"\" class=\"wp-image-113946\" srcset=\"http:\/\/elcuartopoder.com.mx\/nw\/wp-content\/uploads\/2023\/01\/01-3-1024x775.jpg 1024w, http:\/\/elcuartopoder.com.mx\/nw\/wp-content\/uploads\/2023\/01\/01-3-300x227.jpg 300w, http:\/\/elcuartopoder.com.mx\/nw\/wp-content\/uploads\/2023\/01\/01-3-768x581.jpg 768w, http:\/\/elcuartopoder.com.mx\/nw\/wp-content\/uploads\/2023\/01\/01-3-80x60.jpg 80w, http:\/\/elcuartopoder.com.mx\/nw\/wp-content\/uploads\/2023\/01\/01-3-696x527.jpg 696w, http:\/\/elcuartopoder.com.mx\/nw\/wp-content\/uploads\/2023\/01\/01-3.jpg 1280w\" sizes=\"auto, (max-width: 1024px) 100vw, 1024px\" \/><\/figure>\n\n\n\n<figure class=\"wp-block-image size-large\"><img loading=\"lazy\" decoding=\"async\" width=\"1024\" height=\"673\" data-id=\"113945\" src=\"http:\/\/elcuartopoder.com.mx\/nw\/wp-content\/uploads\/2023\/01\/02-2-1024x673.jpg\" alt=\"\" class=\"wp-image-113945\" srcset=\"http:\/\/elcuartopoder.com.mx\/nw\/wp-content\/uploads\/2023\/01\/02-2-1024x673.jpg 1024w, http:\/\/elcuartopoder.com.mx\/nw\/wp-content\/uploads\/2023\/01\/02-2-300x197.jpg 300w, http:\/\/elcuartopoder.com.mx\/nw\/wp-content\/uploads\/2023\/01\/02-2-768x505.jpg 768w, http:\/\/elcuartopoder.com.mx\/nw\/wp-content\/uploads\/2023\/01\/02-2-696x457.jpg 696w, http:\/\/elcuartopoder.com.mx\/nw\/wp-content\/uploads\/2023\/01\/02-2-741x486.jpg 741w, http:\/\/elcuartopoder.com.mx\/nw\/wp-content\/uploads\/2023\/01\/02-2.jpg 1280w\" sizes=\"auto, (max-width: 1024px) 100vw, 1024px\" \/><\/figure>\n\n\n\n<figure class=\"wp-block-image size-large\"><img loading=\"lazy\" decoding=\"async\" width=\"1024\" height=\"682\" data-id=\"113947\" src=\"http:\/\/elcuartopoder.com.mx\/nw\/wp-content\/uploads\/2023\/01\/03-2-1024x682.jpg\" alt=\"\" class=\"wp-image-113947\" srcset=\"http:\/\/elcuartopoder.com.mx\/nw\/wp-content\/uploads\/2023\/01\/03-2-1024x682.jpg 1024w, http:\/\/elcuartopoder.com.mx\/nw\/wp-content\/uploads\/2023\/01\/03-2-300x200.jpg 300w, http:\/\/elcuartopoder.com.mx\/nw\/wp-content\/uploads\/2023\/01\/03-2-768x512.jpg 768w, http:\/\/elcuartopoder.com.mx\/nw\/wp-content\/uploads\/2023\/01\/03-2-696x464.jpg 696w, http:\/\/elcuartopoder.com.mx\/nw\/wp-content\/uploads\/2023\/01\/03-2.jpg 1280w\" sizes=\"auto, (max-width: 1024px) 100vw, 1024px\" \/><\/figure>\n\n\n\n<figure class=\"wp-block-image size-large\"><img loading=\"lazy\" decoding=\"async\" width=\"1024\" height=\"682\" data-id=\"113948\" src=\"http:\/\/elcuartopoder.com.mx\/nw\/wp-content\/uploads\/2023\/01\/04-2-1024x682.jpg\" alt=\"\" class=\"wp-image-113948\" srcset=\"http:\/\/elcuartopoder.com.mx\/nw\/wp-content\/uploads\/2023\/01\/04-2-1024x682.jpg 1024w, http:\/\/elcuartopoder.com.mx\/nw\/wp-content\/uploads\/2023\/01\/04-2-300x200.jpg 300w, http:\/\/elcuartopoder.com.mx\/nw\/wp-content\/uploads\/2023\/01\/04-2-768x512.jpg 768w, http:\/\/elcuartopoder.com.mx\/nw\/wp-content\/uploads\/2023\/01\/04-2-696x464.jpg 696w, http:\/\/elcuartopoder.com.mx\/nw\/wp-content\/uploads\/2023\/01\/04-2.jpg 1280w\" sizes=\"auto, (max-width: 1024px) 100vw, 1024px\" \/><\/figure>\n\n\n\n<figure class=\"wp-block-image size-large\"><img loading=\"lazy\" decoding=\"async\" width=\"1024\" height=\"682\" data-id=\"113944\" src=\"http:\/\/elcuartopoder.com.mx\/nw\/wp-content\/uploads\/2023\/01\/05-2-1024x682.jpg\" alt=\"\" class=\"wp-image-113944\" srcset=\"http:\/\/elcuartopoder.com.mx\/nw\/wp-content\/uploads\/2023\/01\/05-2-1024x682.jpg 1024w, http:\/\/elcuartopoder.com.mx\/nw\/wp-content\/uploads\/2023\/01\/05-2-300x200.jpg 300w, http:\/\/elcuartopoder.com.mx\/nw\/wp-content\/uploads\/2023\/01\/05-2-768x512.jpg 768w, http:\/\/elcuartopoder.com.mx\/nw\/wp-content\/uploads\/2023\/01\/05-2-696x464.jpg 696w, http:\/\/elcuartopoder.com.mx\/nw\/wp-content\/uploads\/2023\/01\/05-2.jpg 1280w\" sizes=\"auto, (max-width: 1024px) 100vw, 1024px\" \/><\/figure>\n<\/figure>\n","protected":false},"excerpt":{"rendered":"<p>Canc\u00fan, Q.Roo.-\u00a0Ante la reciente declaratoria de 2023 como el A\u00f1o de las Ni\u00f1as y los Ni\u00f1os en Benito Ju\u00e1rez, la Presidenta Municipal, Ana Patricia Peralta, realiz\u00f3 un recorrido para constatar la remodelaci\u00f3n emprendida en las oficinas del emblem\u00e1tico Gimnasio de Usos M\u00faltiples \u201cKuchil Baxal\u201d, que recibe a\u00f1o con a\u00f1o a 80 mil deportistas de varias [&hellip;]<\/p>\n","protected":false},"author":2,"featured_media":113945,"comment_status":"open","ping_status":"open","sticky":false,"template":"","format":"standard","meta":{"footnotes":""},"categories":[7],"tags":[],"class_list":["post-113943","post","type-post","status-publish","format-standard","has-post-thumbnail","hentry","category-deportes"],"_links":{"self":[{"href":"http:\/\/elcuartopoder.com.mx\/nw\/wp-json\/wp\/v2\/posts\/113943","targetHints":{"allow":["GET"]}}],"collection":[{"href":"http:\/\/elcuartopoder.com.mx\/nw\/wp-json\/wp\/v2\/posts"}],"about":[{"href":"http:\/\/elcuartopoder.com.mx\/nw\/wp-json\/wp\/v2\/types\/post"}],"author":[{"embeddable":true,"href":"http:\/\/elcuartopoder.com.mx\/nw\/wp-json\/wp\/v2\/users\/2"}],"replies":[{"embeddable":true,"href":"http:\/\/elcuartopoder.com.mx\/nw\/wp-json\/wp\/v2\/comments?post=113943"}],"version-history":[{"count":1,"href":"http:\/\/elcuartopoder.com.mx\/nw\/wp-json\/wp\/v2\/posts\/113943\/revisions"}],"predecessor-version":[{"id":113949,"href":"http:\/\/elcuartopoder.com.mx\/nw\/wp-json\/wp\/v2\/posts\/113943\/revisions\/113949"}],"wp:featuredmedia":[{"embeddable":true,"href":"http:\/\/elcuartopoder.com.mx\/nw\/wp-json\/wp\/v2\/media\/113945"}],"wp:attachment":[{"href":"http:\/\/elcuartopoder.com.mx\/nw\/wp-json\/wp\/v2\/media?parent=113943"}],"wp:term":[{"taxonomy":"category","embeddable":true,"href":"http:\/\/elcuartopoder.com.mx\/nw\/wp-json\/wp\/v2\/categories?post=113943"},{"taxonomy":"post_tag","embeddable":true,"href":"http:\/\/elcuartopoder.com.mx\/nw\/wp-json\/wp\/v2\/tags?post=113943"}],"curies":[{"name":"wp","href":"https:\/\/api.w.org\/{rel}","templated":true}]}}