{"id":113950,"date":"2023-01-12T08:54:40","date_gmt":"2023-01-12T13:54:40","guid":{"rendered":"http:\/\/elcuartopoder.com.mx\/nw\/?p=113950"},"modified":"2023-01-12T08:54:44","modified_gmt":"2023-01-12T13:54:44","slug":"atentado-contra-ciro-gomez-leyva-esta-fue-la-celula-delictiva-responsable-del-ataque","status":"publish","type":"post","link":"http:\/\/elcuartopoder.com.mx\/nw\/policiacas\/atentado-contra-ciro-gomez-leyva-esta-fue-la-celula-delictiva-responsable-del-ataque\/","title":{"rendered":"Atentado contra Ciro G\u00f3mez Leyva: Esta fue la c\u00e9lula delictiva responsable del ataque"},"content":{"rendered":"\n<p>Una c\u00e9lula delictiva dedica al\u00a0<strong>homicidio, extorsi\u00f3n a comerciantes y narcomenudeo<\/strong>\u00a0fue la responsable del atentado contra el periodista\u00a0Ciro G\u00f3mez Leyva, explic\u00f3 este mi\u00e9rcoles\u00a0<strong>Omar Garc\u00eda Harfuch<\/strong>, secretario de Seguridad.<\/p>\n\n\n\n<figure class=\"wp-block-image size-full\"><img loading=\"lazy\" decoding=\"async\" width=\"800\" height=\"450\" src=\"http:\/\/elcuartopoder.com.mx\/nw\/wp-content\/uploads\/2023\/01\/descarga-2.png\" alt=\"\" class=\"wp-image-113951\" srcset=\"http:\/\/elcuartopoder.com.mx\/nw\/wp-content\/uploads\/2023\/01\/descarga-2.png 800w, http:\/\/elcuartopoder.com.mx\/nw\/wp-content\/uploads\/2023\/01\/descarga-2-300x169.png 300w, http:\/\/elcuartopoder.com.mx\/nw\/wp-content\/uploads\/2023\/01\/descarga-2-768x432.png 768w, http:\/\/elcuartopoder.com.mx\/nw\/wp-content\/uploads\/2023\/01\/descarga-2-696x392.png 696w\" sizes=\"auto, (max-width: 800px) 100vw, 800px\" \/><\/figure>\n\n\n\n<p>El funcionario explic\u00f3 que el grupo delictivo operaba principalmente en<strong>&nbsp;las alcald\u00edas Iztacalco y Venustiano Carranza&nbsp;<\/strong>en la Ciudad de M\u00e9xico y en el Estado de M\u00e9xico.<\/p>\n\n\n\n<p>Las personas detenidas son:<\/p>\n\n\n\n<ul class=\"wp-block-list\"><li>Pool Pedro \u2018N\u2019<strong>&nbsp;(l\u00edder del grupo)<\/strong><\/li><\/ul>\n\n\n\n<h3 class=\"wp-block-heading\">Coordinadores<\/h3>\n\n\n\n<ul class=\"wp-block-list\"><li>Israel \u2018N\u2019<\/li><li>Sergio David \u2018N\u2019<\/li><li>Juan Antonio \u2018N\u2019<\/li><li>Erick Hazael \u2018N\u2019<\/li><li>Daniel \u2018N\u2019<\/li><\/ul>\n\n\n\n<h3 class=\"wp-block-heading\">Colaboradores<\/h3>\n\n\n\n<ul class=\"wp-block-list\"><li>Tanya Jaqueline \u2018N\u2019<\/li><li>Aniceto \u2018N\u2019<\/li><li>Cinthia Yeyetci \u2018N\u2019<\/li><li>Elizabeth Mirella \u2018N\u2019<\/li><li>Junnuen Albeli N\u2019<\/li><\/ul>\n\n\n\n<h2 class=\"wp-block-heading\">C\u00e9lula vigil\u00f3 a G\u00f3mez Leyva por d\u00edas<\/h2>\n\n\n\n<p>Harfuch explic\u00f3 que este grupo estuvo vigilando y siguiendo al periodista<strong>\u00a0durante varios d\u00edas\u00a0<\/strong>en las inmediaciones de\u00a0<em>Grupo Imagen<\/em>\u00a0(desde donde G\u00f3mez Leyva transmite un noticiero), espec\u00edficamente el<strong>\u00a06, 10, 11, 12 y 13 de diciembre<\/strong>.<\/p>\n\n\n\n<p>El secretario de Seguridad subray\u00f3 que entre los detenidos est\u00e1n&nbsp;<strong>quienes dispararon&nbsp;<\/strong>contra G\u00f3mez Leyva, aunque no aclar\u00f3 la identidad de los atacantes.<\/p>\n\n\n\n<p>Harfuch agreg\u00f3 que Pool Pedro \u2018N\u2019, se\u00f1alado como l\u00edder, tiene antecedentes de extorsi\u00f3n y narcomenudeo.<\/p>\n\n\n\n<p>\u201cYa ahorita que est\u00e1 puesto a disposici\u00f3n, ya podremos saber todos los antecedentes que tiene la Fiscal\u00eda (capitalina). Tomemos en cuenta que todas estas detenciones fueron hace unas horas apenas. Entonces como lo coment\u00f3 la jefa de Gobierno, necesitamos un tiempo para que&nbsp;<strong>(los detenidos) declaren en la Fiscal\u00eda y las investigaciones avancen<\/strong>\u201d, apunt\u00f3.<\/p>\n\n\n\n<p>M\u00e1s temprano, la jefa de Gobierno hab\u00eda anunciado que eran\u00a010 las personas que hab\u00edan sido detenidas\u00a0durante la madrugada de este mi\u00e9rcoles por su presunta relaci\u00f3n con el ataque contra G\u00f3mez Leyva.<\/p>\n\n\n\n<p>Las detenciones se hicieron en 12 cateos simult\u00e1neos hechos por la<strong>\u00a0Secretar\u00eda de Seguridad Ciudadana\u00a0<\/strong>y la\u00a0<strong>Fiscal\u00eda General de Justicia de la Ciudad de M\u00e9xico<\/strong>, con apoyo del Centro Nacional de Inteligencia, explic\u00f3 la funcionaria.<\/p>\n\n\n\n<p>De acuerdo con lo expuesto por Harfuch, los cateos se hicieron en l<strong>as demarcaciones Gustavo A. Madero, Venustiano Carranza, Iztapalapa e Iztacalco<\/strong>.<\/p>\n\n\n\n<p>Fuente: elfinanciero<\/p>\n","protected":false},"excerpt":{"rendered":"<p>Una c\u00e9lula delictiva dedica al\u00a0homicidio, extorsi\u00f3n a comerciantes y narcomenudeo\u00a0fue la responsable del atentado contra el periodista\u00a0Ciro G\u00f3mez Leyva, explic\u00f3 este mi\u00e9rcoles\u00a0Omar Garc\u00eda Harfuch, secretario de Seguridad. El funcionario explic\u00f3 que el grupo delictivo operaba principalmente en&nbsp;las alcald\u00edas Iztacalco y Venustiano Carranza&nbsp;en la Ciudad de M\u00e9xico y en el Estado de M\u00e9xico. Las personas detenidas [&hellip;]<\/p>\n","protected":false},"author":2,"featured_media":113952,"comment_status":"open","ping_status":"open","sticky":false,"template":"","format":"standard","meta":{"footnotes":""},"categories":[23],"tags":[],"class_list":["post-113950","post","type-post","status-publish","format-standard","has-post-thumbnail","hentry","category-policiacas"],"_links":{"self":[{"href":"http:\/\/elcuartopoder.com.mx\/nw\/wp-json\/wp\/v2\/posts\/113950","targetHints":{"allow":["GET"]}}],"collection":[{"href":"http:\/\/elcuartopoder.com.mx\/nw\/wp-json\/wp\/v2\/posts"}],"about":[{"href":"http:\/\/elcuartopoder.com.mx\/nw\/wp-json\/wp\/v2\/types\/post"}],"author":[{"embeddable":true,"href":"http:\/\/elcuartopoder.com.mx\/nw\/wp-json\/wp\/v2\/users\/2"}],"replies":[{"embeddable":true,"href":"http:\/\/elcuartopoder.com.mx\/nw\/wp-json\/wp\/v2\/comments?post=113950"}],"version-history":[{"count":1,"href":"http:\/\/elcuartopoder.com.mx\/nw\/wp-json\/wp\/v2\/posts\/113950\/revisions"}],"predecessor-version":[{"id":113953,"href":"http:\/\/elcuartopoder.com.mx\/nw\/wp-json\/wp\/v2\/posts\/113950\/revisions\/113953"}],"wp:featuredmedia":[{"embeddable":true,"href":"http:\/\/elcuartopoder.com.mx\/nw\/wp-json\/wp\/v2\/media\/113952"}],"wp:attachment":[{"href":"http:\/\/elcuartopoder.com.mx\/nw\/wp-json\/wp\/v2\/media?parent=113950"}],"wp:term":[{"taxonomy":"category","embeddable":true,"href":"http:\/\/elcuartopoder.com.mx\/nw\/wp-json\/wp\/v2\/categories?post=113950"},{"taxonomy":"post_tag","embeddable":true,"href":"http:\/\/elcuartopoder.com.mx\/nw\/wp-json\/wp\/v2\/tags?post=113950"}],"curies":[{"name":"wp","href":"https:\/\/api.w.org\/{rel}","templated":true}]}}