{"id":114087,"date":"2023-01-14T16:01:34","date_gmt":"2023-01-14T21:01:34","guid":{"rendered":"http:\/\/elcuartopoder.com.mx\/nw\/?p=114087"},"modified":"2023-01-14T16:01:38","modified_gmt":"2023-01-14T21:01:38","slug":"no-olvides-hacerte-un-chequeo-anual-de-salud","status":"publish","type":"post","link":"http:\/\/elcuartopoder.com.mx\/nw\/entretenimiento\/salud\/no-olvides-hacerte-un-chequeo-anual-de-salud\/","title":{"rendered":"No olvides hacerte un chequeo anual de salud"},"content":{"rendered":"\n<p>La jefa del Servicio de Prevenci\u00f3n y Promoci\u00f3n a la Salud de los Trabajadores IMSS, doctora Rossana Gabriela Viola Falc\u00f3n de la Unidad M\u00e9dica de Alta Especialidad (UMAE) Hospital de Especialidades No. 14 del Centro M\u00e9dico Nacional (CMN) \u201cAdolfo Ruiz Cortines\u201d, ubicado en la representaci\u00f3n del Instituto Mexicano del Seguro Social (IMSS) en Veracruz Norte, hizo un llamado a los derechohabientes a acudir a realizarse su chequeo anual de salud en las Unidades de Medicina Familiar.<\/p>\n\n\n\n<p>\u201cEn este inicio del 2023, es importante cumplir nuevos prop\u00f3sitos, empezando por cuidar de nuestra salud. Acude al IMSS para tu chequeo m\u00e9dico anual, en el cual identificamos cual es el estado de salud general, a trav\u00e9s de mediciones de glucosa, colesterol, triglic\u00e9ridos, peso y talla\u201d, invit\u00f3 la especialista.<\/p>\n\n\n\n<p>Agreg\u00f3 que realizar esta actividad de prevenci\u00f3n, permite detectar oportunamente enfermedades cr\u00f3nico degenerativas como la diabetes mellitus e hipertensi\u00f3n Arterial Artesanal,obesidad e incluso c\u00e1ncer de col\u00f3n, as\u00ed como c\u00e1ncer cervicouterino, c\u00e1ncer de mama, en mujeres y c\u00e1ncer de pr\u00f3stata en varones.<\/p>\n\n\n\n<p>Finalmente, Viola Falc\u00f3n enfatiz\u00f3 que es importante acudir con el carnet de citas y\/o con cartilla de vacunaci\u00f3n para revisar que el esquema de inmunizaci\u00f3n se encuentre completo, adem\u00e1s de presentar comprobante de vacuna contra COVID-19 e Influenza, ya que ambas enfermedades est\u00e1n impactando en la poblaci\u00f3n en esta temporada.<\/p>\n","protected":false},"excerpt":{"rendered":"<p>La jefa del Servicio de Prevenci\u00f3n y Promoci\u00f3n a la Salud de los Trabajadores IMSS, doctora Rossana Gabriela Viola Falc\u00f3n de la Unidad M\u00e9dica de Alta Especialidad (UMAE) Hospital de Especialidades No. 14 del Centro M\u00e9dico Nacional (CMN) \u201cAdolfo Ruiz Cortines\u201d, ubicado en la representaci\u00f3n del Instituto Mexicano del Seguro Social (IMSS) en Veracruz Norte, [&hellip;]<\/p>\n","protected":false},"author":2,"featured_media":114088,"comment_status":"open","ping_status":"open","sticky":false,"template":"","format":"standard","meta":{"footnotes":""},"categories":[56],"tags":[],"class_list":["post-114087","post","type-post","status-publish","format-standard","has-post-thumbnail","hentry","category-salud"],"_links":{"self":[{"href":"http:\/\/elcuartopoder.com.mx\/nw\/wp-json\/wp\/v2\/posts\/114087","targetHints":{"allow":["GET"]}}],"collection":[{"href":"http:\/\/elcuartopoder.com.mx\/nw\/wp-json\/wp\/v2\/posts"}],"about":[{"href":"http:\/\/elcuartopoder.com.mx\/nw\/wp-json\/wp\/v2\/types\/post"}],"author":[{"embeddable":true,"href":"http:\/\/elcuartopoder.com.mx\/nw\/wp-json\/wp\/v2\/users\/2"}],"replies":[{"embeddable":true,"href":"http:\/\/elcuartopoder.com.mx\/nw\/wp-json\/wp\/v2\/comments?post=114087"}],"version-history":[{"count":1,"href":"http:\/\/elcuartopoder.com.mx\/nw\/wp-json\/wp\/v2\/posts\/114087\/revisions"}],"predecessor-version":[{"id":114089,"href":"http:\/\/elcuartopoder.com.mx\/nw\/wp-json\/wp\/v2\/posts\/114087\/revisions\/114089"}],"wp:featuredmedia":[{"embeddable":true,"href":"http:\/\/elcuartopoder.com.mx\/nw\/wp-json\/wp\/v2\/media\/114088"}],"wp:attachment":[{"href":"http:\/\/elcuartopoder.com.mx\/nw\/wp-json\/wp\/v2\/media?parent=114087"}],"wp:term":[{"taxonomy":"category","embeddable":true,"href":"http:\/\/elcuartopoder.com.mx\/nw\/wp-json\/wp\/v2\/categories?post=114087"},{"taxonomy":"post_tag","embeddable":true,"href":"http:\/\/elcuartopoder.com.mx\/nw\/wp-json\/wp\/v2\/tags?post=114087"}],"curies":[{"name":"wp","href":"https:\/\/api.w.org\/{rel}","templated":true}]}}