{"id":114090,"date":"2023-01-14T16:04:43","date_gmt":"2023-01-14T21:04:43","guid":{"rendered":"http:\/\/elcuartopoder.com.mx\/nw\/?p=114090"},"modified":"2023-01-14T16:04:47","modified_gmt":"2023-01-14T21:04:47","slug":"costas-de-q-roo-reciben-primer-recale-de-sargazo","status":"publish","type":"post","link":"http:\/\/elcuartopoder.com.mx\/nw\/opinion\/costas-de-q-roo-reciben-primer-recale-de-sargazo\/","title":{"rendered":"Costas de Q. Roo reciben primer recale de sargazo"},"content":{"rendered":"\n<p>Las costas de Quintana Roo recibieron ayer el primer recale masivo de sargazo del 2023, el cual afect\u00f3 principalmente las costas de Playa del Carmen, y Puerto Morelos.<\/p>\n\n\n\n<p>Esteban Amaro Mauricio, director de la Red de Monitoreo de Sargazo de Quintana Roo, coment\u00f3 que este recale significa que la temporada de arribo de la macroalga se adelant\u00f3 al menos dos meses para este a\u00f1o, debido a que se localizaron diversas \u201cislas\u201d del alga sobre el mar Caribe, algunas de ellas de hasta 40 kil\u00f3metros de longitud.<\/p>\n\n\n\n<p>En ese sentido, detall\u00f3 que se espera que este fen\u00f3meno afecte hasta por 72 horas, de manera entre moderada y alta, la franja costera de los municipios de Solidaridad, Puerto Morelos, la costa este de Cozumel, Tulum, y las zonas de Mahahual y Xcalak.<\/p>\n\n\n\n<p>\u201cDesde ayer hubo recales en Tulum y en Solidaridad, pero la Direcci\u00f3n de Zona Federal Mar\u00edtimo Terrestre (Zofemat) estuvo trabajando debido a la alerta y se sac\u00f3 el sargazo. Todav\u00eda esperamos la llegada del frente fr\u00edo n\u00famero 23 para hoy, y esperamos que eso aleje el sargazo de la costa\u201d, dijo.<\/p>\n\n\n\n<p>De acuerdo con el experto, la franja de la macroalga se encuentra paralela a la costa, a cinco y 10 kil\u00f3metros de \u00e9sta. Alrededor de 320 kil\u00f3metros del litoral del estado se vieron afectados por el recale.<\/p>\n\n\n\n<p>El director de la red de monitoreo se\u00f1al\u00f3 que el sargazo proviene del Mar de los sargazos, lo trae la corriente del Caribe desde el arco de las Antillas, pasa por Jamaica y llega hasta la entidad.<\/p>\n\n\n\n<p>Seg\u00fan la red, desde ayer empez\u00f3 a recalar el sargazo impulsado por el viento proveniente del este hacia el oeste, y aunque Canc\u00fan fue de los lugares con menos arribo, se espera que el alga contin\u00fae por el resto de la semana.<\/p>\n\n\n\n<p>Adem\u00e1s, Amaro Mauricio mencion\u00f3 que es posible que haya nuevos recales en las siguientes semanas, pero estos ser\u00e1n de mediana a baja intensidad, y variar\u00e1 el punto donde recalen. Solo el monitoreo podr\u00e1 ayudar a predecir a las autoridades donde va a caer el alga.<\/p>\n\n\n\n<p>\u201cNo hay recomendaci\u00f3n de alerta para los ba\u00f1istas, solo es cuesti\u00f3n de estar atentos a los comunicados. Por la intensidad de los recales, estos se pueden recoger el mismo d\u00eda que llegan, y lo fuerte se espera que sea hasta mayo o junio\u201d, concluy\u00f3.<\/p>\n\n\n\n<p>Con informaci\u00f3n de Novedades. <\/p>\n","protected":false},"excerpt":{"rendered":"<p>Las costas de Quintana Roo recibieron ayer el primer recale masivo de sargazo del 2023, el cual afect\u00f3 principalmente las costas de Playa del Carmen, y Puerto Morelos. Esteban Amaro Mauricio, director de la Red de Monitoreo de Sargazo de Quintana Roo, coment\u00f3 que este recale significa que la temporada de arribo de la macroalga [&hellip;]<\/p>\n","protected":false},"author":2,"featured_media":114091,"comment_status":"open","ping_status":"open","sticky":false,"template":"","format":"standard","meta":{"footnotes":""},"categories":[62],"tags":[],"class_list":["post-114090","post","type-post","status-publish","format-standard","has-post-thumbnail","hentry","category-opinion"],"_links":{"self":[{"href":"http:\/\/elcuartopoder.com.mx\/nw\/wp-json\/wp\/v2\/posts\/114090","targetHints":{"allow":["GET"]}}],"collection":[{"href":"http:\/\/elcuartopoder.com.mx\/nw\/wp-json\/wp\/v2\/posts"}],"about":[{"href":"http:\/\/elcuartopoder.com.mx\/nw\/wp-json\/wp\/v2\/types\/post"}],"author":[{"embeddable":true,"href":"http:\/\/elcuartopoder.com.mx\/nw\/wp-json\/wp\/v2\/users\/2"}],"replies":[{"embeddable":true,"href":"http:\/\/elcuartopoder.com.mx\/nw\/wp-json\/wp\/v2\/comments?post=114090"}],"version-history":[{"count":1,"href":"http:\/\/elcuartopoder.com.mx\/nw\/wp-json\/wp\/v2\/posts\/114090\/revisions"}],"predecessor-version":[{"id":114092,"href":"http:\/\/elcuartopoder.com.mx\/nw\/wp-json\/wp\/v2\/posts\/114090\/revisions\/114092"}],"wp:featuredmedia":[{"embeddable":true,"href":"http:\/\/elcuartopoder.com.mx\/nw\/wp-json\/wp\/v2\/media\/114091"}],"wp:attachment":[{"href":"http:\/\/elcuartopoder.com.mx\/nw\/wp-json\/wp\/v2\/media?parent=114090"}],"wp:term":[{"taxonomy":"category","embeddable":true,"href":"http:\/\/elcuartopoder.com.mx\/nw\/wp-json\/wp\/v2\/categories?post=114090"},{"taxonomy":"post_tag","embeddable":true,"href":"http:\/\/elcuartopoder.com.mx\/nw\/wp-json\/wp\/v2\/tags?post=114090"}],"curies":[{"name":"wp","href":"https:\/\/api.w.org\/{rel}","templated":true}]}}