{"id":114093,"date":"2023-01-14T16:07:56","date_gmt":"2023-01-14T21:07:56","guid":{"rendered":"http:\/\/elcuartopoder.com.mx\/nw\/?p=114093"},"modified":"2023-01-14T16:08:00","modified_gmt":"2023-01-14T21:08:00","slug":"dificil-cumplir-con-los-12-dias-de-vacaciones-cce-del-caribe","status":"publish","type":"post","link":"http:\/\/elcuartopoder.com.mx\/nw\/estatales\/dificil-cumplir-con-los-12-dias-de-vacaciones-cce-del-caribe\/","title":{"rendered":"Dif\u00edcil cumplir con los 12 d\u00edas de vacaciones: CCE del Caribe"},"content":{"rendered":"\n<p>Canc\u00fan.- La medida de ampliar a 12 d\u00edas el periodo vacacional traer\u00e1 beneficios para los trabajadores, pero complicaciones para los empleadores, asegur\u00f3 Eduardo Mart\u00ednez, presidente Consejo Coordinador Empresarial (CCE) del Caribe, quien consider\u00f3 que no todas las empresas est\u00e1n preparados para cubrir la ausencia prolongada de un colaborador.<\/p>\n\n\n\n<p>En entrevista, el l\u00edder calific\u00f3 como un reto dif\u00edcil cumplir con la nueva disposici\u00f3n, dado que en muchos lugares no cuentan con la suficiente fuerza laboral, por lo tanto, quiz\u00e1s tendr\u00e1n que recurrir a nuevas contrataciones para cubrir vacaciones.<\/p>\n\n\n\n<p>\u201cRecuerden que hab\u00edamos insistido en que no fueran 12 d\u00edas, sino que fuera un aumento gradual, que tuvieran dos o tres a\u00f1os para llegar a ello, no se dio\u201d, apunt\u00f3.<\/p>\n\n\n\n<p>Dijo que lo anterior implicar\u00e1 un gasto mayor, que sumado al incremento del 20 por ciento al salario municipal y otras cargas tributarias, como el aumento al impuesto sobre n\u00f3mina que pas\u00f3 del 3% al 4%, afectar\u00e1n la econom\u00eda general.<\/p>\n\n\n\n<p>\u201cPara que t\u00fa salgas con tus costos, a tus precios les tienen que incrementar m\u00ednimo alrededor del 12 por ciento para poder recuperar la inflaci\u00f3n y el aumento salarial\u201d, se\u00f1al\u00f3 el entrevistado.<\/p>\n\n\n\n<p>En ese sentido, pidi\u00f3 a las autoridades gubernamentales estar pendientes de lo que vaya pasar para tomar medidas que ayuden a equilibrar dichos efectos. Buscale buena foto del entrevistado en internet.<\/p>\n","protected":false},"excerpt":{"rendered":"<p>Canc\u00fan.- La medida de ampliar a 12 d\u00edas el periodo vacacional traer\u00e1 beneficios para los trabajadores, pero complicaciones para los empleadores, asegur\u00f3 Eduardo Mart\u00ednez, presidente Consejo Coordinador Empresarial (CCE) del Caribe, quien consider\u00f3 que no todas las empresas est\u00e1n preparados para cubrir la ausencia prolongada de un colaborador. En entrevista, el l\u00edder calific\u00f3 como un [&hellip;]<\/p>\n","protected":false},"author":2,"featured_media":114094,"comment_status":"open","ping_status":"open","sticky":false,"template":"","format":"standard","meta":{"footnotes":""},"categories":[60],"tags":[],"class_list":["post-114093","post","type-post","status-publish","format-standard","has-post-thumbnail","hentry","category-estatales"],"_links":{"self":[{"href":"http:\/\/elcuartopoder.com.mx\/nw\/wp-json\/wp\/v2\/posts\/114093","targetHints":{"allow":["GET"]}}],"collection":[{"href":"http:\/\/elcuartopoder.com.mx\/nw\/wp-json\/wp\/v2\/posts"}],"about":[{"href":"http:\/\/elcuartopoder.com.mx\/nw\/wp-json\/wp\/v2\/types\/post"}],"author":[{"embeddable":true,"href":"http:\/\/elcuartopoder.com.mx\/nw\/wp-json\/wp\/v2\/users\/2"}],"replies":[{"embeddable":true,"href":"http:\/\/elcuartopoder.com.mx\/nw\/wp-json\/wp\/v2\/comments?post=114093"}],"version-history":[{"count":1,"href":"http:\/\/elcuartopoder.com.mx\/nw\/wp-json\/wp\/v2\/posts\/114093\/revisions"}],"predecessor-version":[{"id":114095,"href":"http:\/\/elcuartopoder.com.mx\/nw\/wp-json\/wp\/v2\/posts\/114093\/revisions\/114095"}],"wp:featuredmedia":[{"embeddable":true,"href":"http:\/\/elcuartopoder.com.mx\/nw\/wp-json\/wp\/v2\/media\/114094"}],"wp:attachment":[{"href":"http:\/\/elcuartopoder.com.mx\/nw\/wp-json\/wp\/v2\/media?parent=114093"}],"wp:term":[{"taxonomy":"category","embeddable":true,"href":"http:\/\/elcuartopoder.com.mx\/nw\/wp-json\/wp\/v2\/categories?post=114093"},{"taxonomy":"post_tag","embeddable":true,"href":"http:\/\/elcuartopoder.com.mx\/nw\/wp-json\/wp\/v2\/tags?post=114093"}],"curies":[{"name":"wp","href":"https:\/\/api.w.org\/{rel}","templated":true}]}}