{"id":114118,"date":"2023-01-16T09:21:42","date_gmt":"2023-01-16T14:21:42","guid":{"rendered":"http:\/\/elcuartopoder.com.mx\/nw\/?p=114118"},"modified":"2023-01-16T09:22:53","modified_gmt":"2023-01-16T14:22:53","slug":"vamos-a-mostrar-al-mundo-la-belleza-de-cancun-en-fitur-ana-patricia-peralta","status":"publish","type":"post","link":"http:\/\/elcuartopoder.com.mx\/nw\/municipales\/vamos-a-mostrar-al-mundo-la-belleza-de-cancun-en-fitur-ana-patricia-peralta\/","title":{"rendered":"VAMOS A MOSTRAR AL MUNDO LA BELLEZA DE CANC\u00daN EN FITUR: ANA PATRICIA PERALTA"},"content":{"rendered":"\n<p><strong>Canc\u00fan Q.Roo.-<\/strong>&nbsp;A fin de impulsar la oferta tur\u00edstica y atraer m\u00e1s inversi\u00f3n al destino, la Presidenta Municipal de Benito Ju\u00e1rez, Ana Patricia Peralta, inform\u00f3 que Canc\u00fan se encuentra listo para participar en la 43 edici\u00f3n de la Feria Internacional de Turismo (FITUR) que se realizar\u00e1 del 18 al 22 de enero en Madrid, Espa\u00f1a, en donde se dar\u00e1n cita m\u00e1s de 82 mil profesionales de este sector y m\u00e1s 8 mil 360 empresas expositoras.<\/p>\n\n\n\n<p>La Primera Edil, que forma parte de la delegaci\u00f3n quintanarroense encabezada por la Gobernadora Mara Lezama, afirm\u00f3 que, como parte de la asistencia en el encuentro mundial, se sostendr\u00e1n reuniones con autoridades del pa\u00eds anfitri\u00f3n y con empresarios de diversas nacionalidades, buscando reforzar la visi\u00f3n que se tiene de la ciudad ante los reflectores internacionales, as\u00ed como consolidar el liderazgo tur\u00edstico de Canc\u00fan.<\/p>\n\n\n\n<p>Record\u00f3 que, durante el 2022, el destino registr\u00f3 destacadas cifras en materia tur\u00edstica, como la llegada de m\u00e1s de 30 millones de pasajeros a trav\u00e9s del Aeropuerto Internacional de Canc\u00fan, as\u00ed como la ocupaci\u00f3n hotelera superior al 80 por ciento durante la temporada de invierno en las m\u00e1s de 40 mil habitaciones de hotel.<\/p>\n\n\n\n<p>A\u00f1adi\u00f3 que se buscar\u00e1 impulsar hermanamientos con ciudades espa\u00f1olas, as\u00ed como realizar firmas de convenio de colaboraci\u00f3n para mantener e incrementar el abanico de servicios que actualmente ofrece Canc\u00fan a sus turistas.<\/p>\n\n\n\n<p>Acompa\u00f1ando a la Primera Autoridad Municipal tambi\u00e9n acudir\u00e1n el secretario municipal de Turismo en Benito Ju\u00e1rez, Juan Pablo de Zulueta Razo y el regidor presidente de la Comisi\u00f3n de Turismo, Ecolog\u00eda y Ambiente, Eduardo Kuyoc Mart\u00ednez.<\/p>\n\n\n\n<p>Cabe se\u00f1alar que, adem\u00e1s, en el municipio se encuentran en proceso importantes obras de infraestructura que permitir\u00e1n modernizar la ciudad y mejorar la circulaci\u00f3n de visitantes y residentes, tal es el caso de la Rehabilitaci\u00f3n del Blvd. Luis Donaldo Colosio, la construcci\u00f3n del Puente Vehicular Nichupt\u00e9 y el Distribuidor Aeropuerto.<\/p>\n\n\n\n<figure class=\"wp-block-gallery has-nested-images columns-default is-cropped wp-block-gallery-1 is-layout-flex wp-block-gallery-is-layout-flex\">\n<figure class=\"wp-block-image size-large\"><img loading=\"lazy\" decoding=\"async\" width=\"1280\" height=\"867\" data-id=\"114121\" src=\"http:\/\/elcuartopoder.com.mx\/nw\/wp-content\/uploads\/2023\/01\/03-6.jpg\" alt=\"\" class=\"wp-image-114121\" srcset=\"http:\/\/elcuartopoder.com.mx\/nw\/wp-content\/uploads\/2023\/01\/03-6.jpg 1280w, http:\/\/elcuartopoder.com.mx\/nw\/wp-content\/uploads\/2023\/01\/03-6-300x203.jpg 300w, http:\/\/elcuartopoder.com.mx\/nw\/wp-content\/uploads\/2023\/01\/03-6-1024x694.jpg 1024w, http:\/\/elcuartopoder.com.mx\/nw\/wp-content\/uploads\/2023\/01\/03-6-768x520.jpg 768w, http:\/\/elcuartopoder.com.mx\/nw\/wp-content\/uploads\/2023\/01\/03-6-696x471.jpg 696w\" sizes=\"auto, (max-width: 1280px) 100vw, 1280px\" \/><\/figure>\n\n\n\n<figure class=\"wp-block-image size-large\"><img loading=\"lazy\" decoding=\"async\" width=\"1280\" height=\"853\" data-id=\"114120\" src=\"http:\/\/elcuartopoder.com.mx\/nw\/wp-content\/uploads\/2023\/01\/02-6.jpg\" alt=\"\" class=\"wp-image-114120\" srcset=\"http:\/\/elcuartopoder.com.mx\/nw\/wp-content\/uploads\/2023\/01\/02-6.jpg 1280w, http:\/\/elcuartopoder.com.mx\/nw\/wp-content\/uploads\/2023\/01\/02-6-300x200.jpg 300w, http:\/\/elcuartopoder.com.mx\/nw\/wp-content\/uploads\/2023\/01\/02-6-1024x682.jpg 1024w, http:\/\/elcuartopoder.com.mx\/nw\/wp-content\/uploads\/2023\/01\/02-6-768x512.jpg 768w, http:\/\/elcuartopoder.com.mx\/nw\/wp-content\/uploads\/2023\/01\/02-6-696x464.jpg 696w\" sizes=\"auto, (max-width: 1280px) 100vw, 1280px\" \/><\/figure>\n\n\n\n<figure class=\"wp-block-image size-large\"><img loading=\"lazy\" decoding=\"async\" width=\"1024\" height=\"741\" data-id=\"114119\" src=\"http:\/\/elcuartopoder.com.mx\/nw\/wp-content\/uploads\/2023\/01\/01-7.jpg\" alt=\"\" class=\"wp-image-114119\" srcset=\"http:\/\/elcuartopoder.com.mx\/nw\/wp-content\/uploads\/2023\/01\/01-7.jpg 1024w, http:\/\/elcuartopoder.com.mx\/nw\/wp-content\/uploads\/2023\/01\/01-7-300x217.jpg 300w, http:\/\/elcuartopoder.com.mx\/nw\/wp-content\/uploads\/2023\/01\/01-7-768x556.jpg 768w, http:\/\/elcuartopoder.com.mx\/nw\/wp-content\/uploads\/2023\/01\/01-7-324x235.jpg 324w, http:\/\/elcuartopoder.com.mx\/nw\/wp-content\/uploads\/2023\/01\/01-7-696x504.jpg 696w\" sizes=\"auto, (max-width: 1024px) 100vw, 1024px\" \/><\/figure>\n<\/figure>\n","protected":false},"excerpt":{"rendered":"<p>Canc\u00fan Q.Roo.-&nbsp;A fin de impulsar la oferta tur\u00edstica y atraer m\u00e1s inversi\u00f3n al destino, la Presidenta Municipal de Benito Ju\u00e1rez, Ana Patricia Peralta, inform\u00f3 que Canc\u00fan se encuentra listo para participar en la 43 edici\u00f3n de la Feria Internacional de Turismo (FITUR) que se realizar\u00e1 del 18 al 22 de enero en Madrid, Espa\u00f1a, en [&hellip;]<\/p>\n","protected":false},"author":2,"featured_media":114122,"comment_status":"open","ping_status":"open","sticky":false,"template":"","format":"standard","meta":{"footnotes":""},"categories":[6],"tags":[],"class_list":["post-114118","post","type-post","status-publish","format-standard","has-post-thumbnail","hentry","category-municipales"],"_links":{"self":[{"href":"http:\/\/elcuartopoder.com.mx\/nw\/wp-json\/wp\/v2\/posts\/114118","targetHints":{"allow":["GET"]}}],"collection":[{"href":"http:\/\/elcuartopoder.com.mx\/nw\/wp-json\/wp\/v2\/posts"}],"about":[{"href":"http:\/\/elcuartopoder.com.mx\/nw\/wp-json\/wp\/v2\/types\/post"}],"author":[{"embeddable":true,"href":"http:\/\/elcuartopoder.com.mx\/nw\/wp-json\/wp\/v2\/users\/2"}],"replies":[{"embeddable":true,"href":"http:\/\/elcuartopoder.com.mx\/nw\/wp-json\/wp\/v2\/comments?post=114118"}],"version-history":[{"count":2,"href":"http:\/\/elcuartopoder.com.mx\/nw\/wp-json\/wp\/v2\/posts\/114118\/revisions"}],"predecessor-version":[{"id":114124,"href":"http:\/\/elcuartopoder.com.mx\/nw\/wp-json\/wp\/v2\/posts\/114118\/revisions\/114124"}],"wp:featuredmedia":[{"embeddable":true,"href":"http:\/\/elcuartopoder.com.mx\/nw\/wp-json\/wp\/v2\/media\/114122"}],"wp:attachment":[{"href":"http:\/\/elcuartopoder.com.mx\/nw\/wp-json\/wp\/v2\/media?parent=114118"}],"wp:term":[{"taxonomy":"category","embeddable":true,"href":"http:\/\/elcuartopoder.com.mx\/nw\/wp-json\/wp\/v2\/categories?post=114118"},{"taxonomy":"post_tag","embeddable":true,"href":"http:\/\/elcuartopoder.com.mx\/nw\/wp-json\/wp\/v2\/tags?post=114118"}],"curies":[{"name":"wp","href":"https:\/\/api.w.org\/{rel}","templated":true}]}}