{"id":114146,"date":"2023-01-17T09:40:11","date_gmt":"2023-01-17T14:40:11","guid":{"rendered":"http:\/\/elcuartopoder.com.mx\/nw\/?p=114146"},"modified":"2023-01-17T09:40:15","modified_gmt":"2023-01-17T14:40:15","slug":"la-politica-del-maltrato","status":"publish","type":"post","link":"http:\/\/elcuartopoder.com.mx\/nw\/politica\/la-politica-del-maltrato\/","title":{"rendered":"La pol\u00edtica del maltrato"},"content":{"rendered":"\n<p>La pol\u00edtica del maltrato enmarca la crisis pol\u00edtica de Brasil y prende las alarmas en pa\u00edses como M\u00e9xico y Estados Unidos rumbo al 2024.<\/p>\n\n\n\n<p>La polarizaci\u00f3n con la que los pol\u00edticos capitalizan sus proyectos se ha vuelto el icono del maltrato al que los ciudadanos son sujetos. Porque es un acto de violencia que abre heridas, enciende el odio hacia lo opuesto, y sustituye a las propuestas por ataques.<\/p>\n\n\n\n<p>El aire social se vuelve t\u00f3xico, los pulmones negros, y se da vida a ese tipo de c\u00e1ncer que no curan las quimios. Por eso es que es tan importante tomar nota de lo que ocurre en Brasil.<\/p>\n\n\n\n<p>Al igual que en el caso del pa\u00eds sudamericano, las sociedades de los vecinos norteamericanos llegar\u00e1n polarizadas, compartiendo momentos hist\u00f3ricos de desconocimiento de resultados electorales y con proyectos opuestos que se rehusan a morir en batalla.<\/p>\n\n\n\n<p>Porque as\u00ed como el bolsonarismo est\u00e1 demostrando que no le gusta perder. El trumpismo y el obradorismo han demostrado que tampoco.<\/p>\n\n\n\n<p>Parece que los d\u00edas en que Estados Unidos \u201cexportaba democracia\u201d han quedado atr\u00e1s. Incluso podr\u00edamos decir que tal vez de tanto hacerlo se les acab\u00f3 y que lo que sea que ahora exportan, ha encontrado un mercado id\u00f3neo en Brasil. No obstante, tampoco habr\u00eda que descartar que esto ellos tambi\u00e9n lo podr\u00edan haber importado de otro lado.<\/p>\n\n\n\n<p>La pol\u00edtica estadounidense parece haberse latinomaericanizado y esto \u00faltimo hace que el norte se pierda en un momento global y sobretodo regional, en el que la democracia liberal parece estar en problemas.<\/p>\n\n\n\n<p>En las pocas semanas que han transcurrido desde que Lula da Silva asumi\u00f3 la presidencia, Brasil nos ha demostrado que la pol\u00edtica del maltrato es capaz de sobrepasar a los problemas econ\u00f3micos.<\/p>\n\n\n\n<p>Al asalto al coraz\u00f3n pol\u00edtico del pa\u00eds, le sigue un video publicado por Bolsonaro en redes sociales en el que desconoce el triunfo de Lula sosteniendo que \u201cno fue elegido por el pueblo\u201d ni gan\u00f3 en las urnas, sino que fue colocado a dedo por el Tribunal Supremo y el Tribunal Superior Electoral. Inyectado de esta manera vida a \u201cla verdad\u201d de muchos y \u201cla mentira de otros\u201d que propicia el maltrato y esto nos lleva a las similitudes que hay con Estados Unidos.<\/p>\n\n\n\n<p>Porque de la misma manera en que el 40% de los brasile\u00f1os cree que se cometi\u00f3 fraude en la \u00faltima elecci\u00f3n presidencial, seg\u00fan datos de Atlas Intel, el 40% de los estadounidenses siguen creyendo en la elecci\u00f3n de 2020 fue robada, tal y como lo muestra una encuesta de Redfield &amp; Wilton Strategies para Newsweek en noviembre de 2022. Manteniendo de esta manera la desconfianza hacia el sistema electoral y abriendo la puerta la pol\u00edtica del maltrato rumbo al 2024.<\/p>\n\n\n\n<p>De hecho, una encuesta realizada el a\u00f1o pasado por el Pew Research Center, arroja que solamente el 41% de los estadounidenses est\u00e1 satisfecho con su democracia y esto lo acerca a M\u00e9xico m\u00e1s all\u00e1 de la frontera. Porque un estudio realizado por Latinobar\u00f3metro en 2021, arroja que solamente el 43% de los mexicanos apoya a la democracia.<\/p>\n\n\n\n<p>Las pr\u00f3ximas elecciones de nuestro pa\u00eds ser\u00e1n cruciales para reforzar o anular el rumbo que se decidi\u00f3 tomar en el 2018 y el maltrato promete estar presente. Sobretodo, si el maltrato a lo opuesto asegura el monopolio de la verdad. No obstante, la pregunta que habr\u00edamos de hacernos es si la democracia tambi\u00e9n lo tiene.<\/p>\n\n\n\n<p>Solamente los cobardes maltratan.<\/p>\n","protected":false},"excerpt":{"rendered":"<p>La pol\u00edtica del maltrato enmarca la crisis pol\u00edtica de Brasil y prende las alarmas en pa\u00edses como M\u00e9xico y Estados Unidos rumbo al 2024. La polarizaci\u00f3n con la que los pol\u00edticos capitalizan sus proyectos se ha vuelto el icono del maltrato al que los ciudadanos son sujetos. Porque es un acto de violencia que abre [&hellip;]<\/p>\n","protected":false},"author":2,"featured_media":114147,"comment_status":"open","ping_status":"open","sticky":false,"template":"","format":"standard","meta":{"footnotes":""},"categories":[61],"tags":[],"class_list":["post-114146","post","type-post","status-publish","format-standard","has-post-thumbnail","hentry","category-politica"],"_links":{"self":[{"href":"http:\/\/elcuartopoder.com.mx\/nw\/wp-json\/wp\/v2\/posts\/114146","targetHints":{"allow":["GET"]}}],"collection":[{"href":"http:\/\/elcuartopoder.com.mx\/nw\/wp-json\/wp\/v2\/posts"}],"about":[{"href":"http:\/\/elcuartopoder.com.mx\/nw\/wp-json\/wp\/v2\/types\/post"}],"author":[{"embeddable":true,"href":"http:\/\/elcuartopoder.com.mx\/nw\/wp-json\/wp\/v2\/users\/2"}],"replies":[{"embeddable":true,"href":"http:\/\/elcuartopoder.com.mx\/nw\/wp-json\/wp\/v2\/comments?post=114146"}],"version-history":[{"count":1,"href":"http:\/\/elcuartopoder.com.mx\/nw\/wp-json\/wp\/v2\/posts\/114146\/revisions"}],"predecessor-version":[{"id":114148,"href":"http:\/\/elcuartopoder.com.mx\/nw\/wp-json\/wp\/v2\/posts\/114146\/revisions\/114148"}],"wp:featuredmedia":[{"embeddable":true,"href":"http:\/\/elcuartopoder.com.mx\/nw\/wp-json\/wp\/v2\/media\/114147"}],"wp:attachment":[{"href":"http:\/\/elcuartopoder.com.mx\/nw\/wp-json\/wp\/v2\/media?parent=114146"}],"wp:term":[{"taxonomy":"category","embeddable":true,"href":"http:\/\/elcuartopoder.com.mx\/nw\/wp-json\/wp\/v2\/categories?post=114146"},{"taxonomy":"post_tag","embeddable":true,"href":"http:\/\/elcuartopoder.com.mx\/nw\/wp-json\/wp\/v2\/tags?post=114146"}],"curies":[{"name":"wp","href":"https:\/\/api.w.org\/{rel}","templated":true}]}}