{"id":114161,"date":"2023-01-17T09:51:01","date_gmt":"2023-01-17T14:51:01","guid":{"rendered":"http:\/\/elcuartopoder.com.mx\/nw\/?p=114161"},"modified":"2023-01-17T09:51:05","modified_gmt":"2023-01-17T14:51:05","slug":"el-gobierno-britanico-tumba-la-ley-trans-escocesa-que-reducia-a-16-anos-la-edad-para-cambiar-de-genero","status":"publish","type":"post","link":"http:\/\/elcuartopoder.com.mx\/nw\/editorial\/el-gobierno-britanico-tumba-la-ley-trans-escocesa-que-reducia-a-16-anos-la-edad-para-cambiar-de-genero\/","title":{"rendered":"El Gobierno brit\u00e1nico tumba la &#8216;ley trans&#8217; escocesa que reduc\u00eda a 16 a\u00f1os la edad para cambiar de g\u00e9nero"},"content":{"rendered":"\n<p>El ministro brit\u00e1nico para Escocia, Alister Jack, ha emitido este lunes una orden que impide que el proyecto de ley sobre la autodeterminaci\u00f3n de g\u00e9nero en Escocia, aprobado el pasado mes de diciembre, sea finalmente ratificado.<\/p>\n\n\n\n<p>El ministro brit\u00e1nico para Escocia ha lanzado un comunicado en el que ha confirmado haber tomado la decisi\u00f3n \u00abtras<strong>&nbsp;una consideraci\u00f3n minuciosa<\/strong>&nbsp;y cuidadosa de todos los consejos relevantes y las implicaciones pol\u00edticas\u00bb.about:blank<\/p>\n\n\n\n<p>\u00abMe preocupa que esta legislaci\u00f3n tenga un impacto adverso en la funcionamiento de la legislaci\u00f3n sobre igualdad en Reino Unido\u00bb, ha reconocido Jack, quien ha incidido en que las personas transgenero \u00abmerecen el respeto, apoyo y comprensi\u00f3n\u00bb de las autoridades.<\/p>\n\n\n\n<p>En este punto, Jack ha incidido en que no ha tomado esta decisi\u00f3n \u00aba la ligera\u00bb, pero que en vistas de las consecuencias adversas que el proyecto de ley escoc\u00e9s podr\u00eda tener en el resto de territorios brit\u00e1nicos era \u00abnecesario y correcto\u00bb vetarlo.<\/p>\n\n\n\n<p>Finalmente, Jack ha apuntado que ha dado a conocer la decisi\u00f3n a las autoridades escocesas y ha instado a Edimburgo a presentar un proyecto de ley enmendado y con el que trabajar de forma conjunta y \u00abconstructiva\u00bb con Londres para que \u00abrespete\u00bb el funcionamiento del Parlamento brit\u00e1nico.<\/p>\n\n\n\n<p>Por su parte, la ministra principal de Escocia, Nicola Sturgeon, ha denunciado que la decisi\u00f3n de Londres es un<strong>&nbsp;\u00abataque frontal\u00bb<\/strong>&nbsp;al Parlamento escoc\u00e9s y a su capacidad para tomar sus propias decisiones.<\/p>\n\n\n\n<p>\u00abEl Gobierno de Escocia defender\u00e1 la legislaci\u00f3n y defender\u00e1 al Parlamento. Si este veto de Westminster tiene \u00e9xito, ser\u00e1 el primero de muchos\u00bb, ha alertado Sturgeon en su perfil oficial de la red social Twitter.<\/p>\n\n\n\n<p>Sturgeon ya hab\u00eda advertido este mismo lunes al Gobierno central de Reino Unido del riesgo de utilizar como \u00abarma pol\u00edtica\u00bb la ley que facilita la autodeterminaci\u00f3n de g\u00e9nero, avisando de que cualquier posible veto desde Londres ser\u00eda una \u00abatrocidad\u00bb.<\/p>\n\n\n\n<h3 class=\"wp-block-heading\">Una ley aprobada en diciembre<\/h3>\n\n\n\n<p>El Parlamento escoc\u00e9s dio luz verde a la ley en diciembre, por un amplio margen aunque no sin pol\u00e9mica, tanto dentro como fuera del \u00e1mbito estrictamente pol\u00edtico.<\/p>\n\n\n\n<p>La reforma reduce a 16 a\u00f1os la edad a la que se puede solicitar a la administraci\u00f3n un cambio de g\u00e9nero, elimina el requisito de presentar un informe m\u00e9dico y reduce a tres meses el tiempo en que la persona solicitante debe haber vivido conforme al g\u00e9nero que reclama &#8211;seis meses si se trata de menor de edad&#8211;.<\/p>\n\n\n\n<p>Londres ha hecho as\u00ed efectiva su capacidad para vetar el proyecto, en un movimiento in\u00e9dito y respecto al cual desde Downing Street han se\u00f1alado por la ma\u00f1ana que no se hab\u00eda tomado \u00abninguna decisi\u00f3n\u00bb hasta el momento, dejando por tanto la pelota en el tejado de un Jack que finalmente ha hecho uso de su capacidad de bloqueo.<\/p>\n\n\n\n<p>Fuente: ABC<\/p>\n","protected":false},"excerpt":{"rendered":"<p>El ministro brit\u00e1nico para Escocia, Alister Jack, ha emitido este lunes una orden que impide que el proyecto de ley sobre la autodeterminaci\u00f3n de g\u00e9nero en Escocia, aprobado el pasado mes de diciembre, sea finalmente ratificado. El ministro brit\u00e1nico para Escocia ha lanzado un comunicado en el que ha confirmado haber tomado la decisi\u00f3n \u00abtras&nbsp;una [&hellip;]<\/p>\n","protected":false},"author":2,"featured_media":114162,"comment_status":"open","ping_status":"open","sticky":false,"template":"","format":"standard","meta":{"footnotes":""},"categories":[63],"tags":[],"class_list":["post-114161","post","type-post","status-publish","format-standard","has-post-thumbnail","hentry","category-editorial"],"_links":{"self":[{"href":"http:\/\/elcuartopoder.com.mx\/nw\/wp-json\/wp\/v2\/posts\/114161","targetHints":{"allow":["GET"]}}],"collection":[{"href":"http:\/\/elcuartopoder.com.mx\/nw\/wp-json\/wp\/v2\/posts"}],"about":[{"href":"http:\/\/elcuartopoder.com.mx\/nw\/wp-json\/wp\/v2\/types\/post"}],"author":[{"embeddable":true,"href":"http:\/\/elcuartopoder.com.mx\/nw\/wp-json\/wp\/v2\/users\/2"}],"replies":[{"embeddable":true,"href":"http:\/\/elcuartopoder.com.mx\/nw\/wp-json\/wp\/v2\/comments?post=114161"}],"version-history":[{"count":1,"href":"http:\/\/elcuartopoder.com.mx\/nw\/wp-json\/wp\/v2\/posts\/114161\/revisions"}],"predecessor-version":[{"id":114163,"href":"http:\/\/elcuartopoder.com.mx\/nw\/wp-json\/wp\/v2\/posts\/114161\/revisions\/114163"}],"wp:featuredmedia":[{"embeddable":true,"href":"http:\/\/elcuartopoder.com.mx\/nw\/wp-json\/wp\/v2\/media\/114162"}],"wp:attachment":[{"href":"http:\/\/elcuartopoder.com.mx\/nw\/wp-json\/wp\/v2\/media?parent=114161"}],"wp:term":[{"taxonomy":"category","embeddable":true,"href":"http:\/\/elcuartopoder.com.mx\/nw\/wp-json\/wp\/v2\/categories?post=114161"},{"taxonomy":"post_tag","embeddable":true,"href":"http:\/\/elcuartopoder.com.mx\/nw\/wp-json\/wp\/v2\/tags?post=114161"}],"curies":[{"name":"wp","href":"https:\/\/api.w.org\/{rel}","templated":true}]}}