{"id":114170,"date":"2023-01-17T10:27:01","date_gmt":"2023-01-17T15:27:01","guid":{"rendered":"http:\/\/elcuartopoder.com.mx\/nw\/?p=114170"},"modified":"2023-01-17T10:27:03","modified_gmt":"2023-01-17T15:27:03","slug":"el-poder-de-los-vampiros-mas-alla-de-brad-pitt-y-tom-cruise","status":"publish","type":"post","link":"http:\/\/elcuartopoder.com.mx\/nw\/entretenimiento\/espectaculos\/el-poder-de-los-vampiros-mas-alla-de-brad-pitt-y-tom-cruise\/","title":{"rendered":"El poder de los vampiros, m\u00e1s all\u00e1 de Brad Pitt y Tom Cruise"},"content":{"rendered":"\n<p>Hay vida m\u00e1s all\u00e1 de<strong>\u00a0Tom Cruise y Brad Pitt<\/strong>. Los vampiros de la\u00a0escritora Anne Rice\u00a0vuelven a hacer uso de su condici\u00f3n de inmortales para resucitar, en esta ocasi\u00f3n, en pleno siglo XXI. Lejos queda la adaptaci\u00f3n noventera que protagonizaron los actores junto a Kirsten Dunst en la pel\u00edcula dirigida por Neil Jordan.<\/p>\n\n\n\n<p>La adaptaci\u00f3n televisiva, a cargo de Rolin Jones, recupera la esencia de la escritora y asume los riesgos de integrar a los \u00abmonstruos m\u00e1s sexis y rom\u00e1nticos\u00bb en la actualidad. \u00abLa idea de un vampiro que vive con tel\u00e9fonos m\u00f3viles es una cosa extra\u00f1a. Es m\u00e1s dif\u00edcil esconderse ahora con una c\u00e1mara en cada esquina\u00bb, bromea el creador de&nbsp;<strong>\u2018Entrevista con el vampiro, de Anne Rice\u2019<\/strong>, la serie que estren\u00f3 AMC+ hace un par de d\u00edas.about:blankabout:blank<\/p>\n\n\n\n<p>Eso s\u00ed, a&nbsp;<strong>Louis de Pointe du Lac<\/strong>&nbsp;(Jacob Anderson) le sigue gustando casi m\u00e1s hablar que&nbsp;<strong>Lestat<\/strong>&nbsp;(Sam Reed) o la sangre, como prueba la entrevista que le concede a Daniel, en los setenta y tambi\u00e9n en el mundo pospandemia.<\/p>\n\n\n\n<p>El vampiro tiene cuerda para rato, como la serie, que ya ha renovado por una segunda entrega: empezar\u00e1 a rodarse en abril y abordar\u00e1 la segunda parte de\u00a0la novela de Anne Rice,\u00a0el viaje de Louis de Pointe du Lac y Claudia por Europa del Este del que se prescindi\u00f3 en la pel\u00edcula de 1994. \u00abEs m\u00e1s grande en escala que la ya bastante grande primera temporada\u00bb, reconoce Jones, quien admite adem\u00e1s haber disfrutado de la confianza y sinton\u00eda de la cadena para abordar esta adaptaci\u00f3n.<\/p>\n\n\n\n<p>\u00abHe tenido m\u00e1s libertad creativa en esta serie que en cualquier otra que haya trabajado\u00bb, cuenta. Quiz\u00e1s, en parte, por el inter\u00e9s en estas criaturas, \u00abbuenos veh\u00edculos para la literatura dram\u00e1tica\u00bb porque act\u00faan una y otra debido a su condici\u00f3n de inmortales, que les obliga a reinventarse para justificar su existencia. \u00abSi est\u00e1n haciendo Spider-Man cada siete a\u00f1os, tal vez podamos hacer Anne Rice cada 30\u00bb, concluye.<\/p>\n\n\n\n<p>Fuente: ABC<\/p>\n","protected":false},"excerpt":{"rendered":"<p>Hay vida m\u00e1s all\u00e1 de\u00a0Tom Cruise y Brad Pitt. Los vampiros de la\u00a0escritora Anne Rice\u00a0vuelven a hacer uso de su condici\u00f3n de inmortales para resucitar, en esta ocasi\u00f3n, en pleno siglo XXI. Lejos queda la adaptaci\u00f3n noventera que protagonizaron los actores junto a Kirsten Dunst en la pel\u00edcula dirigida por Neil Jordan. La adaptaci\u00f3n televisiva, [&hellip;]<\/p>\n","protected":false},"author":2,"featured_media":114171,"comment_status":"open","ping_status":"open","sticky":false,"template":"","format":"standard","meta":{"footnotes":""},"categories":[11],"tags":[],"class_list":["post-114170","post","type-post","status-publish","format-standard","has-post-thumbnail","hentry","category-espectaculos"],"_links":{"self":[{"href":"http:\/\/elcuartopoder.com.mx\/nw\/wp-json\/wp\/v2\/posts\/114170","targetHints":{"allow":["GET"]}}],"collection":[{"href":"http:\/\/elcuartopoder.com.mx\/nw\/wp-json\/wp\/v2\/posts"}],"about":[{"href":"http:\/\/elcuartopoder.com.mx\/nw\/wp-json\/wp\/v2\/types\/post"}],"author":[{"embeddable":true,"href":"http:\/\/elcuartopoder.com.mx\/nw\/wp-json\/wp\/v2\/users\/2"}],"replies":[{"embeddable":true,"href":"http:\/\/elcuartopoder.com.mx\/nw\/wp-json\/wp\/v2\/comments?post=114170"}],"version-history":[{"count":1,"href":"http:\/\/elcuartopoder.com.mx\/nw\/wp-json\/wp\/v2\/posts\/114170\/revisions"}],"predecessor-version":[{"id":114172,"href":"http:\/\/elcuartopoder.com.mx\/nw\/wp-json\/wp\/v2\/posts\/114170\/revisions\/114172"}],"wp:featuredmedia":[{"embeddable":true,"href":"http:\/\/elcuartopoder.com.mx\/nw\/wp-json\/wp\/v2\/media\/114171"}],"wp:attachment":[{"href":"http:\/\/elcuartopoder.com.mx\/nw\/wp-json\/wp\/v2\/media?parent=114170"}],"wp:term":[{"taxonomy":"category","embeddable":true,"href":"http:\/\/elcuartopoder.com.mx\/nw\/wp-json\/wp\/v2\/categories?post=114170"},{"taxonomy":"post_tag","embeddable":true,"href":"http:\/\/elcuartopoder.com.mx\/nw\/wp-json\/wp\/v2\/tags?post=114170"}],"curies":[{"name":"wp","href":"https:\/\/api.w.org\/{rel}","templated":true}]}}