{"id":114200,"date":"2023-01-18T21:28:15","date_gmt":"2023-01-19T02:28:15","guid":{"rendered":"http:\/\/elcuartopoder.com.mx\/nw\/?p=114200"},"modified":"2023-01-18T21:28:19","modified_gmt":"2023-01-19T02:28:19","slug":"deudores-alimentarios-no-podran-ocupar-cargos-publicos-ni-de-eleccion-popular-determina-la-corte","status":"publish","type":"post","link":"http:\/\/elcuartopoder.com.mx\/nw\/nacionales\/deudores-alimentarios-no-podran-ocupar-cargos-publicos-ni-de-eleccion-popular-determina-la-corte\/","title":{"rendered":"Deudores alimentarios no podr\u00e1n ocupar cargos p\u00fablicos ni de elecci\u00f3n popular, determina la Corte"},"content":{"rendered":"\n<p class=\"wp-block-paragraph\">Con una mayor\u00eda de nueve votos, el Pleno de l<strong>a\u00a0Suprema Corte de Justicia de la Naci\u00f3n\u00a0(SCJN) ratific\u00f3 que los deudores en el pago de pensiones alimenticias<\/strong>\u00a0no podr\u00e1n acceder a cargos p\u00fablicos, en los que se incluy\u00f3, por primera ocasi\u00f3n, los puestos de elecci\u00f3n popular.<\/p>\n\n\n\n<p class=\"wp-block-paragraph\">E<strong>n otras sentencias la Corte ya hab\u00eda declarado como v\u00e1lidas este tipo de restricciones<\/strong>, pero por primera ocasi\u00f3n se incluye la posibilidad de ser candidatos a puestos de elecci\u00f3n, lo que hab\u00eda sido impugnado con una acci\u00f3n de inconstitucionalidad por la Comisi\u00f3n Nacional de Derechos Humanos (CNDH).<\/p>\n\n\n\n<p class=\"wp-block-paragraph\">El organismo aut\u00f3nomo, a cargo de Rosario Piedra, demand\u00f3 la invalidez de diversas disposiciones de las<strong>&nbsp;leyes de la Comisi\u00f3n de Derechos Humanos<\/strong>; de Instituciones y Procedimientos Electorales; de Transparencia y Acceso a la Informaci\u00f3n P\u00fablica y de Partidos Pol\u00edticos, y del C\u00f3digo de la Administraci\u00f3n P\u00fablica, todas del Estado de Yucat\u00e1n.<\/p>\n\n\n\n<p class=\"wp-block-paragraph\">En reformas<strong>&nbsp;aprobadas en 2022 por el Congreso del estado se estableci\u00f3 el requisito de no ser deudor alimentario<\/strong>&nbsp;moroso para ocupar la titularidad en las secretar\u00edas de Gobierno de la entidad, \u00f3rganos descentralizados y aut\u00f3nomos, as\u00ed como la titularidad de la Comisi\u00f3n Estatal de Derechos Humanos.<\/p>\n\n\n\n<p class=\"wp-block-paragraph\">En su impugnaci\u00f3n,<strong>&nbsp;la CNDH estableci\u00f3 que esta medida atentaba contra el derecho a la igualdad,<\/strong>&nbsp;no discriminaci\u00f3n, de libertad de trabajo y a ser votado, lo que dejaba a los afectados en una condici\u00f3n para no cumplir con sus obligaciones de pensiones alimentarias para sus hijos.<\/p>\n\n\n\n<p class=\"wp-block-paragraph\">En su proyecto,<strong>&nbsp;el ministro ponente Alberto P\u00e9rez Day\u00e1n, plante\u00f3 avalar las restricciones<\/strong>, como una medida para garantizar la atenci\u00f3n y el derecho de los menores a recibir una pensi\u00f3n alimenticia.<\/p>\n\n\n\n<blockquote class=\"wp-block-quote is-layout-flow wp-block-quote-is-layout-flow\"><p><\/p><\/blockquote>\n\n\n\n<blockquote class=\"wp-block-quote is-layout-flow wp-block-quote-is-layout-flow\"><p>\u201cLa medida tiene un fin constitucionalmente leg\u00edtimo, porque pretende garantizar y proteger el derecho de alimentos mediante la restricci\u00f3n del derecho del deudor alimentario moroso para acceder a cargos p\u00fablicos.<\/p><\/blockquote>\n\n\n\n<blockquote class=\"wp-block-quote is-layout-flow wp-block-quote-is-layout-flow\"><p>\u201cEs decir, la finalidad de la norma es desincentivar el incumplimiento de las obligaciones alimentarias, lo cual, en s\u00ed es constitucionalmente v\u00e1lido si se considera la situaci\u00f3n jur\u00eddica y materialmente indeseable en la que se encuentran quienes son personas acreedoras\u201d, indic\u00f3 el proyecto aprobado por mayor\u00eda.<\/p><\/blockquote>\n\n\n\n<p class=\"wp-block-paragraph\">De acuerdo con<strong>&nbsp;la resoluci\u00f3n de la Corte, el impedimento para que un deudor moroso<\/strong>&nbsp;pueda ocupar un cargo p\u00fablico o de elecci\u00f3n no es una cuesti\u00f3n definitiva, ya que est\u00e1 sujeta a su cancelaci\u00f3n en el momento que se cumpla con las obligaciones.<\/p>\n\n\n\n<blockquote class=\"wp-block-quote is-layout-flow wp-block-quote-is-layout-flow\"><p>\u201cLa restricci\u00f3n de acceso no es absoluta, sino que su actualizaci\u00f3n est\u00e1 condicionada a que el deudor alimentario moroso cancele la deuda, lo que es indicativo de que lo que se pretende no es impedir de modo absoluto y tajante que se acceda determinado cargo\u201d, estableci\u00f3 el ministro P\u00e9rez Day\u00e1n, en su proyecto.<\/p><\/blockquote>\n\n\n\n<p class=\"wp-block-paragraph\">De acuerdo con<strong>&nbsp;la legislaci\u00f3n de Yucat\u00e1n<\/strong>&nbsp;una persona es considerada como morosa en la pensi\u00f3n alimenticia, cuando lleva m\u00e1s de 90 d\u00edas sin cumplir con esta obligaci\u00f3n, cuando se tiene una orden judicial que lo ordene.<\/p>\n","protected":false},"excerpt":{"rendered":"<p>Con una mayor\u00eda de nueve votos, el Pleno de la\u00a0Suprema Corte de Justicia de la Naci\u00f3n\u00a0(SCJN) ratific\u00f3 que los deudores en el pago de pensiones alimenticias\u00a0no podr\u00e1n acceder a cargos p\u00fablicos, en los que se incluy\u00f3, por primera ocasi\u00f3n, los puestos de elecci\u00f3n popular. En otras sentencias la Corte ya hab\u00eda declarado como v\u00e1lidas este [&hellip;]<\/p>\n","protected":false},"author":2,"featured_media":114201,"comment_status":"open","ping_status":"open","sticky":false,"template":"","format":"standard","meta":{"footnotes":""},"categories":[55],"tags":[],"class_list":["post-114200","post","type-post","status-publish","format-standard","has-post-thumbnail","hentry","category-nacionales"],"_links":{"self":[{"href":"http:\/\/elcuartopoder.com.mx\/nw\/wp-json\/wp\/v2\/posts\/114200","targetHints":{"allow":["GET"]}}],"collection":[{"href":"http:\/\/elcuartopoder.com.mx\/nw\/wp-json\/wp\/v2\/posts"}],"about":[{"href":"http:\/\/elcuartopoder.com.mx\/nw\/wp-json\/wp\/v2\/types\/post"}],"author":[{"embeddable":true,"href":"http:\/\/elcuartopoder.com.mx\/nw\/wp-json\/wp\/v2\/users\/2"}],"replies":[{"embeddable":true,"href":"http:\/\/elcuartopoder.com.mx\/nw\/wp-json\/wp\/v2\/comments?post=114200"}],"version-history":[{"count":1,"href":"http:\/\/elcuartopoder.com.mx\/nw\/wp-json\/wp\/v2\/posts\/114200\/revisions"}],"predecessor-version":[{"id":114202,"href":"http:\/\/elcuartopoder.com.mx\/nw\/wp-json\/wp\/v2\/posts\/114200\/revisions\/114202"}],"wp:featuredmedia":[{"embeddable":true,"href":"http:\/\/elcuartopoder.com.mx\/nw\/wp-json\/wp\/v2\/media\/114201"}],"wp:attachment":[{"href":"http:\/\/elcuartopoder.com.mx\/nw\/wp-json\/wp\/v2\/media?parent=114200"}],"wp:term":[{"taxonomy":"category","embeddable":true,"href":"http:\/\/elcuartopoder.com.mx\/nw\/wp-json\/wp\/v2\/categories?post=114200"},{"taxonomy":"post_tag","embeddable":true,"href":"http:\/\/elcuartopoder.com.mx\/nw\/wp-json\/wp\/v2\/tags?post=114200"}],"curies":[{"name":"wp","href":"https:\/\/api.w.org\/{rel}","templated":true}]}}