{"id":114206,"date":"2023-01-19T08:50:32","date_gmt":"2023-01-19T13:50:32","guid":{"rendered":"http:\/\/elcuartopoder.com.mx\/nw\/?p=114206"},"modified":"2023-01-19T08:51:36","modified_gmt":"2023-01-19T13:51:36","slug":"mexico-acumula-12-semanas-con-la-pandemia-de-covid-19-al-alza-asegura-lopez-gatell","status":"publish","type":"post","link":"http:\/\/elcuartopoder.com.mx\/nw\/nacionales\/mexico-acumula-12-semanas-con-la-pandemia-de-covid-19-al-alza-asegura-lopez-gatell\/","title":{"rendered":"M\u00e9xico acumula 12 semanas con la pandemia de COVID-19 al alza, asegura L\u00f3pez-Gatell"},"content":{"rendered":"\n<p class=\"wp-block-paragraph\"><strong>Hugo L\u00f3pez-Gatell Ram\u00edrez<\/strong>, \u200b\u200b\u200b\u200b\u200b\u200b\u200bSubsecretario de Prevenci\u00f3n y Promoci\u00f3n de la Salud, inform\u00f3 la ma\u00f1ana de este martes que&nbsp;<strong>M\u00e9xico acumula 12 semanas con la pandemia de COVID-19 al alza<\/strong>.<\/p>\n\n\n\n<blockquote class=\"wp-block-quote is-layout-flow wp-block-quote-is-layout-flow\"><p>\u201cDe forma muy concreta, informo que la&nbsp;<strong>pandemia de COVID-19 en M\u00e9xico<\/strong>&nbsp;contin\u00faa, como ya mencion\u00f3 el doctor [Jorge] Alcocer, a la&nbsp;<strong>alza<\/strong>,&nbsp;<strong>12 semanas consecutivas<\/strong>\u201c, dijo en la conferencia de prensa del Presidente Andr\u00e9s Manuel L\u00f3pez Obrador.<\/p><\/blockquote>\n\n\n\n<p class=\"wp-block-paragraph\">El funcionario expuso que las semanas uno y dos del a\u00f1o, las cuales habitualmente no son consideradas hasta que cierra el ciclo de informaci\u00f3n, \u201cmuestran esta tendencia continua de alza\u201d en los casos estimados.<\/p>\n\n\n\n<blockquote class=\"wp-block-quote is-layout-flow wp-block-quote-is-layout-flow\"><p>\u201cSin embargo, la noticia positiva como lo ha sido en toda esta ola reciente y la ola anterior es que hay un gran contraste entre casos que siguen en aumento y un leve aumento de las hospitalizaciones y las defunciones\u201d, explic\u00f3.<\/p><\/blockquote>\n\n\n\n<p class=\"wp-block-paragraph\">Durante la presentaci\u00f3n de la secci\u00f3n conocida como \u201cEl Pulso de la Salud\u201d, L\u00f3pez-Gatell destac\u00f3 el \u201cefecto positivo de la inmunidad, de la protecci\u00f3n que brindan principalmente las vacunas y hacen que la enfermedad sea menos grave\u201d.<\/p>\n\n\n\n<p class=\"wp-block-paragraph\">De acuerdo con los datos proporcionados hoy, \u201cocho por ciento es la ocupaci\u00f3n hospitalaria en camas generales y tres por ciento en camas de terapia intensiva o su equivalente\u201d.<\/p>\n\n\n\n<blockquote class=\"wp-block-quote is-layout-flow wp-block-quote-is-layout-flow\"><p>\u201cPor \u00faltimo, en las defunciones tambi\u00e9n se ve una representaci\u00f3n pr\u00e1cticamente m\u00ednima comparado con cualquiera de las olas previas y es el resultado igualmente del efecto positivo de la vacuna en la protecci\u00f3n de las personas\u201d, reiter\u00f3 el tambi\u00e9n epidemi\u00f3logo.<\/p><\/blockquote>\n\n\n\n<p class=\"wp-block-paragraph\">En el \u00faltimo informe t\u00e9cnico semanal sobre la pandemia, emitido el pasado 10 de enero por la Secretar\u00eda de Salud (SSa), se hab\u00edan contabilizado siete millones 284 mil 502 casos de COVID-19 y&nbsp;331 mil 333 defunciones en M\u00e9xico.<\/p>\n\n\n\n<figure class=\"wp-block-image\" id=\"attachment_4313729\"><img decoding=\"async\" src=\"https:\/\/i1.wp.com\/www.sinembargo.mx\/wp-content\/uploads\/2023\/01\/hugo-lopez-gatell-conferencia-17-de-enero-de-2023.jpeg?resize=700%2C1051&amp;quality=80&amp;strip=all&amp;ssl=1\" alt=\"Hugo L\u00f3pez-Gatell Ram\u00edrez, \u200b\u200b\u200b\u200b\u200b\u200b\u200bSubsecretario de Prevenci\u00f3n y Promoci\u00f3n de la Salud, inform\u00f3 la ma\u00f1ana de este martes que M\u00e9xico acumula 12 semanas con la pandemia de COVID-19 al alza. \" class=\"wp-image-4313729\"\/><figcaption>Hugo L\u00f3pez-Gatell Ram\u00edrez, \u200b\u200b\u200b\u200b\u200b\u200b\u200bSubsecretario de Prevenci\u00f3n y Promoci\u00f3n de la Salud, inform\u00f3 la ma\u00f1ana de este martes que M\u00e9xico acumula 12 semanas con la pandemia de COVID-19 al alza. Foto: Gobierno de M\u00e9xico<\/figcaption><\/figure>\n\n\n\n<p class=\"wp-block-paragraph\">Seg\u00fan los datos, las 10 primeras entidades que concentran el mayor n\u00famero de casos son: Ciudad de M\u00e9xico, Estado de M\u00e9xico, Nuevo Le\u00f3n, Guanajuato, Jalisco, San Luis Potos\u00ed, Veracruz, Tabasco, Puebla y Sonora, que en conjunto conforman el 64 por ciento de todos los casos acumulados registrados en el pa\u00eds.<\/p>\n\n\n\n<p class=\"wp-block-paragraph\">Fuente: sinembargo<\/p>\n","protected":false},"excerpt":{"rendered":"<p>Hugo L\u00f3pez-Gatell Ram\u00edrez, \u200b\u200b\u200b\u200b\u200b\u200b\u200bSubsecretario de Prevenci\u00f3n y Promoci\u00f3n de la Salud, inform\u00f3 la ma\u00f1ana de este martes que&nbsp;M\u00e9xico acumula 12 semanas con la pandemia de COVID-19 al alza. \u201cDe forma muy concreta, informo que la&nbsp;pandemia de COVID-19 en M\u00e9xico&nbsp;contin\u00faa, como ya mencion\u00f3 el doctor [Jorge] Alcocer, a la&nbsp;alza,&nbsp;12 semanas consecutivas\u201c, dijo en la conferencia de [&hellip;]<\/p>\n","protected":false},"author":2,"featured_media":114207,"comment_status":"open","ping_status":"open","sticky":false,"template":"","format":"standard","meta":{"footnotes":""},"categories":[55],"tags":[],"class_list":["post-114206","post","type-post","status-publish","format-standard","has-post-thumbnail","hentry","category-nacionales"],"_links":{"self":[{"href":"http:\/\/elcuartopoder.com.mx\/nw\/wp-json\/wp\/v2\/posts\/114206","targetHints":{"allow":["GET"]}}],"collection":[{"href":"http:\/\/elcuartopoder.com.mx\/nw\/wp-json\/wp\/v2\/posts"}],"about":[{"href":"http:\/\/elcuartopoder.com.mx\/nw\/wp-json\/wp\/v2\/types\/post"}],"author":[{"embeddable":true,"href":"http:\/\/elcuartopoder.com.mx\/nw\/wp-json\/wp\/v2\/users\/2"}],"replies":[{"embeddable":true,"href":"http:\/\/elcuartopoder.com.mx\/nw\/wp-json\/wp\/v2\/comments?post=114206"}],"version-history":[{"count":1,"href":"http:\/\/elcuartopoder.com.mx\/nw\/wp-json\/wp\/v2\/posts\/114206\/revisions"}],"predecessor-version":[{"id":114208,"href":"http:\/\/elcuartopoder.com.mx\/nw\/wp-json\/wp\/v2\/posts\/114206\/revisions\/114208"}],"wp:featuredmedia":[{"embeddable":true,"href":"http:\/\/elcuartopoder.com.mx\/nw\/wp-json\/wp\/v2\/media\/114207"}],"wp:attachment":[{"href":"http:\/\/elcuartopoder.com.mx\/nw\/wp-json\/wp\/v2\/media?parent=114206"}],"wp:term":[{"taxonomy":"category","embeddable":true,"href":"http:\/\/elcuartopoder.com.mx\/nw\/wp-json\/wp\/v2\/categories?post=114206"},{"taxonomy":"post_tag","embeddable":true,"href":"http:\/\/elcuartopoder.com.mx\/nw\/wp-json\/wp\/v2\/tags?post=114206"}],"curies":[{"name":"wp","href":"https:\/\/api.w.org\/{rel}","templated":true}]}}