{"id":114209,"date":"2023-01-19T08:52:51","date_gmt":"2023-01-19T13:52:51","guid":{"rendered":"http:\/\/elcuartopoder.com.mx\/nw\/?p=114209"},"modified":"2023-01-19T08:52:55","modified_gmt":"2023-01-19T13:52:55","slug":"el-monstruo-de-los-andes-era-un-temido-homicida-que-mato-a-300-ninas-en-peru-colombia-y-ecuador","status":"publish","type":"post","link":"http:\/\/elcuartopoder.com.mx\/nw\/policiacas\/el-monstruo-de-los-andes-era-un-temido-homicida-que-mato-a-300-ninas-en-peru-colombia-y-ecuador\/","title":{"rendered":"\u00abEl monstruo de los Andes\u00bb era un temido homicida que mat\u00f3 a 300 ni\u00f1as en Per\u00fa, Colombia y Ecuador"},"content":{"rendered":"\n<p class=\"wp-block-paragraph\"><strong>Pedro Alonso L\u00f3pez, tambi\u00e9n conocido como el temible \u201cMonstruo de los Andes\u201d<\/strong>, naci\u00f3 en la comunidad de Venadillo, en la regi\u00f3n de Tolima,&nbsp;<strong>Colombia<\/strong>, el 8 de octubre de 1948 y desapareci\u00f3 el 22 de septiembre de 1999, y es mundialmente conocido por ser un asesino serial que, tras su captura en 1980, confes\u00f3 el asesinato de m\u00e1s de 300 ni\u00f1as y j\u00f3venes a lo largo de Colombia, Ecuador y Per\u00fa.<\/p>\n\n\n\n<p class=\"wp-block-paragraph\">Durante su confesi\u00f3n ante los investigadores,&nbsp;<strong>Pedro Alonso L\u00f3pez reconoci\u00f3 haber asesinado a por lo menos 110 mujeres en Ecuador, otras 100 en Colombia y \u00abmuchas m\u00e1s de 100\u00bb en Per\u00fa<\/strong>. Y ayud\u00f3 a ubicar un campo en Ambato, Ecuador, donde se hallaron 53 cuerpos, y cuatro m\u00e1s en otros lugares, aunque en otros puntos se\u00f1alados por \u00e9l mismo no se hallaron restos humanos. Si se da cr\u00e9dito a su versi\u00f3n,&nbsp;<strong>Pedro Alonso L\u00f3pez es el asesino en serie masculino que m\u00e1s asesinatos ha cometido<\/strong>.<\/p>\n\n\n\n<figure class=\"wp-block-image\"><img decoding=\"async\" src=\"https:\/\/heraldodemexico.com.mx\/u\/fotografias\/m\/2023\/1\/17\/f768x1-655723_655850_5050.png\" alt=\"\"\/><figcaption>Imagen del temible Pedro Alonso L\u00f3pez. Foto: Twitter&nbsp;@Araknne1<\/figcaption><\/figure>\n\n\n\n<h2 class=\"wp-block-heading\">No se sabe nada sobre el paradero del \u201cMonstruo de los Andes\u00bb<\/h2>\n\n\n\n<p class=\"wp-block-paragraph\">Mientras estuvo preso en Ecuador, hasta el a\u00f1o de 1994 y fue entregado a las autoridades colombianas por\u00a0<strong>pedido de extradici\u00f3n<\/strong>, donde fue recluido en un hospital psiqui\u00e1trico. A\u00f1os despu\u00e9s, en 1998 fue declarado sano y obtuvo su libertad. Pero, la \u00faltima vez que se lo vio fue el 22 de septiembre de 1999, cuando se present\u00f3 en la\u00a0<strong>Registradur\u00eda Nacional de Bogot\u00e1<\/strong>\u00a0para reclamar su nueva c\u00e9dula de ciudadan\u00eda. Varios documentales han revelado que al momento no se sabe de su paradero actual, aunque durante su detenci\u00f3n un grupo de padres de v\u00edctimas habr\u00eda manifestado \u00abhacer justicia por cuenta propia\u00bb si Alonso L\u00f3pez sal\u00eda nuevamente en libertad. Se presume que fue ejecutado ilegalmente.<\/p>\n\n\n\n<p class=\"wp-block-paragraph\"><strong>La realidad es que no se sabe nada sobre el paradero del \u201cMonstruo de los Andes\u00bb<\/strong>. Durante una entrevista a medios locales, su mam\u00e1 est\u00e1 segura de que sigue vivo pues, seg\u00fan cuenta, siempre que alguien cercano a ella se ha muerto, su esp\u00edritu se le ha \u201crevelado\u201d, cosa que no ha ocurrido con su hijo Pedro.<\/p>\n\n\n\n<p class=\"wp-block-paragraph\">Mientras que la Interpol lo busca desde el a\u00f1o 2002 por todos los asesinatos cometidos, adem\u00e1s posee una orden de captura. En el a\u00f1o 2012 en la ciudad de Tunja, capital del Departamento de Boyac\u00e1 ocurri\u00f3 el homicidio de\u00a0<strong>la ni\u00f1a Andrea Marcela Garc\u00eda Buitrago<\/strong>\u00a0y en el a\u00f1o 2013 el programa de televisi\u00f3n Cr\u00f3nicas RCN dijo que el \u201cMonstruo de los Andes\u201d era un posible sospechoso, debido a las caracter\u00edsticas del crimen que se asemejan con las d<strong>el asesinato de Flor Alba S\u00e1nchez<\/strong>, su primera v\u00edctima.<\/p>\n\n\n\n<p class=\"wp-block-paragraph\">Fuente: heraldodemexico<\/p>\n","protected":false},"excerpt":{"rendered":"<p>Pedro Alonso L\u00f3pez, tambi\u00e9n conocido como el temible \u201cMonstruo de los Andes\u201d, naci\u00f3 en la comunidad de Venadillo, en la regi\u00f3n de Tolima,&nbsp;Colombia, el 8 de octubre de 1948 y desapareci\u00f3 el 22 de septiembre de 1999, y es mundialmente conocido por ser un asesino serial que, tras su captura en 1980, confes\u00f3 el asesinato [&hellip;]<\/p>\n","protected":false},"author":2,"featured_media":114210,"comment_status":"open","ping_status":"open","sticky":false,"template":"","format":"standard","meta":{"footnotes":""},"categories":[23],"tags":[],"class_list":["post-114209","post","type-post","status-publish","format-standard","has-post-thumbnail","hentry","category-policiacas"],"_links":{"self":[{"href":"http:\/\/elcuartopoder.com.mx\/nw\/wp-json\/wp\/v2\/posts\/114209","targetHints":{"allow":["GET"]}}],"collection":[{"href":"http:\/\/elcuartopoder.com.mx\/nw\/wp-json\/wp\/v2\/posts"}],"about":[{"href":"http:\/\/elcuartopoder.com.mx\/nw\/wp-json\/wp\/v2\/types\/post"}],"author":[{"embeddable":true,"href":"http:\/\/elcuartopoder.com.mx\/nw\/wp-json\/wp\/v2\/users\/2"}],"replies":[{"embeddable":true,"href":"http:\/\/elcuartopoder.com.mx\/nw\/wp-json\/wp\/v2\/comments?post=114209"}],"version-history":[{"count":1,"href":"http:\/\/elcuartopoder.com.mx\/nw\/wp-json\/wp\/v2\/posts\/114209\/revisions"}],"predecessor-version":[{"id":114211,"href":"http:\/\/elcuartopoder.com.mx\/nw\/wp-json\/wp\/v2\/posts\/114209\/revisions\/114211"}],"wp:featuredmedia":[{"embeddable":true,"href":"http:\/\/elcuartopoder.com.mx\/nw\/wp-json\/wp\/v2\/media\/114210"}],"wp:attachment":[{"href":"http:\/\/elcuartopoder.com.mx\/nw\/wp-json\/wp\/v2\/media?parent=114209"}],"wp:term":[{"taxonomy":"category","embeddable":true,"href":"http:\/\/elcuartopoder.com.mx\/nw\/wp-json\/wp\/v2\/categories?post=114209"},{"taxonomy":"post_tag","embeddable":true,"href":"http:\/\/elcuartopoder.com.mx\/nw\/wp-json\/wp\/v2\/tags?post=114209"}],"curies":[{"name":"wp","href":"https:\/\/api.w.org\/{rel}","templated":true}]}}