{"id":114239,"date":"2023-01-19T16:07:53","date_gmt":"2023-01-19T21:07:53","guid":{"rendered":"http:\/\/elcuartopoder.com.mx\/nw\/?p=114239"},"modified":"2023-01-19T16:07:57","modified_gmt":"2023-01-19T21:07:57","slug":"atrapan-paloma-mafiosa-transportaba-metanfetaminas-en-mochila","status":"publish","type":"post","link":"http:\/\/elcuartopoder.com.mx\/nw\/qtp\/atrapan-paloma-mafiosa-transportaba-metanfetaminas-en-mochila\/","title":{"rendered":"Atrapan paloma &#8216;mafiosa&#8217;; transportaba metanfetaminas en &#8216;mochila&#8217;"},"content":{"rendered":"\n<p class=\"wp-block-paragraph\">Autoridades detectaron una paloma mensajera que transportaba anfetaminas al interior de una prisi\u00f3n en Canad\u00e1.<\/p>\n\n\n\n<p class=\"wp-block-paragraph\">De acuerdo con informaci\u00f3n de Global News, el ave intentaba transportar metanfetamina cuando fue vista por un guardia que dio aviso.<\/p>\n\n\n\n<p class=\"wp-block-paragraph\">John Randle, presidente de la Regi\u00f3n del Pac\u00edfico del Sindicato de Funcionarios Penitenciarios Canadienses, declar\u00f3 a un medio local: \u00abUna paloma fue localizada en la Instituci\u00f3n del Pac\u00edfico, dentro de los muros, y parec\u00eda llevar un peque\u00f1o paquete, una especie de mochila\u201d.<\/p>\n\n\n\n<p class=\"wp-block-paragraph\">El ave se encontr\u00f3 cerca de uno de los patios de la prisi\u00f3n de Abbotsford, Columbia, Brit\u00e1nica.<\/p>\n\n\n\n<p class=\"wp-block-paragraph\">\u00abPor supuesto, creo que hubo algo de trabajo creativo para rastrearlo y capturarlo, porque el p\u00e1jaro se mov\u00eda bastante. Pero estaba justo fuera de uno de los patios de la unidad cuando fue visto por primera vez\u201d, agreg\u00f3 el funcionario.<\/p>\n\n\n\n<p class=\"wp-block-paragraph\">La paloma llevaba en una mochilita 30 gramos de metanfetamina.<\/p>\n\n\n\n<p class=\"wp-block-paragraph\">En sus 13 a\u00f1os de carrera, Randle admiti\u00f3 que, si bien arrojar sustancias ilegales por encima del muro plantea un problema, nunca antes hab\u00eda visto este nuevo m\u00e9todo de contrabando de drogas.<\/p>\n\n\n\n<p class=\"wp-block-paragraph\">\u00abEs casi como si los reclusos y los delincuentes retrocedieran en el tiempo y utilizaran tecnolog\u00eda m\u00e1s antigua\u201d.<\/p>\n\n\n\n<p class=\"wp-block-paragraph\">Las autoridades\u00a0canadienses han estado m\u00e1s atento a \u00faltimos meses en el tema de contrabando, desde que el mes pasado un dron dej\u00f3 caer un arma de fuego dentro del centro penitenciario.<\/p>\n\n\n\n<p class=\"wp-block-paragraph\">Fuente: XEU<\/p>\n","protected":false},"excerpt":{"rendered":"<p>Autoridades detectaron una paloma mensajera que transportaba anfetaminas al interior de una prisi\u00f3n en Canad\u00e1. De acuerdo con informaci\u00f3n de Global News, el ave intentaba transportar metanfetamina cuando fue vista por un guardia que dio aviso. John Randle, presidente de la Regi\u00f3n del Pac\u00edfico del Sindicato de Funcionarios Penitenciarios Canadienses, declar\u00f3 a un medio local: [&hellip;]<\/p>\n","protected":false},"author":2,"featured_media":114240,"comment_status":"open","ping_status":"open","sticky":false,"template":"","format":"standard","meta":{"footnotes":""},"categories":[58],"tags":[],"class_list":["post-114239","post","type-post","status-publish","format-standard","has-post-thumbnail","hentry","category-qtp"],"_links":{"self":[{"href":"http:\/\/elcuartopoder.com.mx\/nw\/wp-json\/wp\/v2\/posts\/114239","targetHints":{"allow":["GET"]}}],"collection":[{"href":"http:\/\/elcuartopoder.com.mx\/nw\/wp-json\/wp\/v2\/posts"}],"about":[{"href":"http:\/\/elcuartopoder.com.mx\/nw\/wp-json\/wp\/v2\/types\/post"}],"author":[{"embeddable":true,"href":"http:\/\/elcuartopoder.com.mx\/nw\/wp-json\/wp\/v2\/users\/2"}],"replies":[{"embeddable":true,"href":"http:\/\/elcuartopoder.com.mx\/nw\/wp-json\/wp\/v2\/comments?post=114239"}],"version-history":[{"count":1,"href":"http:\/\/elcuartopoder.com.mx\/nw\/wp-json\/wp\/v2\/posts\/114239\/revisions"}],"predecessor-version":[{"id":114241,"href":"http:\/\/elcuartopoder.com.mx\/nw\/wp-json\/wp\/v2\/posts\/114239\/revisions\/114241"}],"wp:featuredmedia":[{"embeddable":true,"href":"http:\/\/elcuartopoder.com.mx\/nw\/wp-json\/wp\/v2\/media\/114240"}],"wp:attachment":[{"href":"http:\/\/elcuartopoder.com.mx\/nw\/wp-json\/wp\/v2\/media?parent=114239"}],"wp:term":[{"taxonomy":"category","embeddable":true,"href":"http:\/\/elcuartopoder.com.mx\/nw\/wp-json\/wp\/v2\/categories?post=114239"},{"taxonomy":"post_tag","embeddable":true,"href":"http:\/\/elcuartopoder.com.mx\/nw\/wp-json\/wp\/v2\/tags?post=114239"}],"curies":[{"name":"wp","href":"https:\/\/api.w.org\/{rel}","templated":true}]}}