{"id":114245,"date":"2023-01-19T16:38:22","date_gmt":"2023-01-19T21:38:22","guid":{"rendered":"http:\/\/elcuartopoder.com.mx\/nw\/?p=114245"},"modified":"2023-01-19T16:38:26","modified_gmt":"2023-01-19T21:38:26","slug":"asesora-de-tesis-de-yasmin-esquivel-reconocio-haber-compartido-investigacion-de-la-hoy-ministra-con-otros-estudiantes-pero-la-unam-ignoro-su-testimonio","status":"publish","type":"post","link":"http:\/\/elcuartopoder.com.mx\/nw\/opinion\/asesora-de-tesis-de-yasmin-esquivel-reconocio-haber-compartido-investigacion-de-la-hoy-ministra-con-otros-estudiantes-pero-la-unam-ignoro-su-testimonio\/","title":{"rendered":"Asesora de tesis de Yasm\u00edn Esquivel reconoci\u00f3 haber compartido investigaci\u00f3n de la hoy ministra con otros estudiantes, pero la UNAM ignor\u00f3 su testimonio"},"content":{"rendered":"\n<p class=\"wp-block-paragraph\"><strong>CIUDAD DE M\u00c9XICO, MX.-<\/strong>\u00a0Martha Rodr\u00edguez Ortiz, la asesora de tesis de la ministra Yasm\u00edn Esquivel Mossa, present\u00f3 su declaraci\u00f3n ante autoridades acad\u00e9micas de la Universidad Nacional Aut\u00f3noma de M\u00e9xico (UNAM), sobre el caso del plagio entre dos trabajos de titulaci\u00f3n.<\/p>\n\n\n\n<p class=\"wp-block-paragraph\">El testimonio de la asesora fue hecho por escrito en un documento de 14 hojas, el cual envi\u00f3 a Fernando Macedo Chagolla, el director de la Facultad de Estudios Superiores (FES) Arag\u00f3n, y que fue obtenido por el diario&nbsp;<strong>El Universal<\/strong>.<\/p>\n\n\n\n<p class=\"wp-block-paragraph\">En \u00e9ste, la acad\u00e9mica asegura que comparti\u00f3 con otros alumnos, que estaban en el proceso de titulaci\u00f3n, la tesis que la hoy ministra de la Suprema Corte de Justicia de la Naci\u00f3n se encontraba escribiendo en 1985, a\u00f1o en que comenz\u00f3 su proyecto.<\/p>\n\n\n\n<p class=\"wp-block-paragraph\">Entre los estudiantes se encontraba \u00c9dgar Ulises B\u00e1ez Guti\u00e9rrez, quien present\u00f3 su trabajo de titulaci\u00f3n antes que Yasm\u00edn Esquivel. De esta forma, la asesora explic\u00f3 los motivos por los cuales la ministra hizo su examen profesional hasta 1987.<\/p>\n\n\n\n<p class=\"wp-block-paragraph\">\u201cA\u00fan no contaba con el servicio social, requisito indispensable para iniciar los tr\u00e1mites administrativos para sustentar su examen profesional\u201d, es as\u00ed que una vez que lo finaliz\u00f3 present\u00f3 su trabajo, seg\u00fan la declaraci\u00f3n de Rodr\u00edguez Ortiz.<\/p>\n\n\n\n<p class=\"wp-block-paragraph\">Tras ello, asegur\u00f3 una vez m\u00e1s que el texto de Yasm\u00edn Esquivel es completamente original y de su autor\u00eda, ya que ella comenz\u00f3 a escribirlo dos a\u00f1os antes de que realizara su examen profesional.<\/p>\n\n\n\n<p class=\"wp-block-paragraph\">Del mismo modo, coment\u00f3 que ella hab\u00eda tomado la decisi\u00f3n de compartir el trabajo de la ministra, debido al \u201cesp\u00edritu de colaboraci\u00f3n y apoyo\u201d que se encuentra en la comunidad universitaria.<\/p>\n\n\n\n<p class=\"wp-block-paragraph\">Adem\u00e1s, se\u00f1al\u00f3 que recuerda perfectamente el trabajo de Yasm\u00edn Esquivel titulado Inoperancia de los sindicatos en los trabajadores de confianza del art\u00edculo 123 apartado A; no obstante, dijo no haber notado las similitudes entre \u00e9ste y el de \u00c9dgar Ulises B\u00e1ez Guti\u00e9rrez, de quien tambi\u00e9n fue asesora.<\/p>\n\n\n\n<p class=\"wp-block-paragraph\">\u201cResulta en ocasiones dif\u00edcil para mi memoria recordar el contenido de todas y cada una (de las tesis)\u201d, se lee en el documento, ya que Martha Rodr\u00edguez Ortiz se\u00f1al\u00f3 que desde 1983 a 2019 se ha encargado de asesorar m\u00e1s de 500 trabajos de titulaci\u00f3n.<\/p>\n\n\n\n<p class=\"wp-block-paragraph\">\u201cEn aquellos a\u00f1os no me percat\u00e9 que el contenido original de Yasm\u00edn Esquivel Mossa fue replicado en la tesis del alumno \u00c9dgar Ulises B\u00e1ez con motivo del material que le proporcion\u00e9\u201d, coment\u00f3.<\/p>\n\n\n\n<p class=\"wp-block-paragraph\">Tambi\u00e9n comparti\u00f3 que no est\u00e1 de acuerdo con que se le quiera inculpar por el caso, ya que en esa \u00e9poca no contaba con los \u201crecursos tecnol\u00f3gicos\u201d que hoy facilitan conocer si alguien cometi\u00f3 plagio.<\/p>\n\n\n\n<p class=\"wp-block-paragraph\">\u201cSer\u00eda una injusticia destruir la carrera acad\u00e9mica y profesional de una persona que ha dado la vida por la universidad s\u00f3lo por un tema pol\u00edtico. He dado m\u00e1s a la universidad que una sola tesis, he dado mi vida entera\u201d, se\u00f1ala la acad\u00e9mica.<\/p>\n\n\n\n<h3 class=\"wp-block-heading\">Yasm\u00edn Esquivel s\u00ed cometi\u00f3 plagio: UNAM<\/h3>\n\n\n\n<p class=\"wp-block-paragraph\">A pesar de esta declaraci\u00f3n, el pasado 11 de enero, la UNAM dio a conocer que el Comit\u00e9 de Integridad Acad\u00e9mica y Cient\u00edfica de la FES Arag\u00f3n determin\u00f3 que la ministra \u201ccopi\u00f3 parte sustancial del contenido de la tesis presentada un a\u00f1o atr\u00e1s por el alumno de la Facultad de Derecho, \u00c9dgar Ulises B\u00e1ez\u201d.<\/p>\n\n\n\n<p class=\"wp-block-paragraph\">Tras ello, Enrique Graue, rector de la UNAM, envi\u00f3 una carta a la Secretar\u00eda de Educaci\u00f3n P\u00fablica (SEP), en donde expuso que no hab\u00eda alguna autoridad universitaria que pudiera emitir una resoluci\u00f3n sobre el caso.<\/p>\n\n\n\n<p class=\"wp-block-paragraph\">De esta forma, pidi\u00f3 a la Direcci\u00f3n General de Profesiones que se encargara de cancelar el t\u00edtulo de Esquivel Mossa; sin embargo, la SEP dio a conocer que esta instituci\u00f3n no puede actuar al respecto.<\/p>\n\n\n\n<p class=\"wp-block-paragraph\">\u201cHay instancias que en este caso deben de resolver el asunto que son el Consejo Universitario y el Tribunal Universitario (\u2026) que emitan ellos una resoluci\u00f3n\u201d. De esta forma, explicaron que ahora solo pueden cancelar el registro del t\u00edtulo de Yasm\u00edn Esquivel.<\/p>\n\n\n\n<h3 class=\"wp-block-heading\">La ministra no renunciar\u00e1 a su cargo<\/h3>\n\n\n\n<p class=\"wp-block-paragraph\">Pese al dictamen de la FES Arag\u00f3n sobre el caso de plagio, la ministra asegur\u00f3 que no dejar\u00e1 su cargo en la SCJN, pues se\u00f1al\u00f3 que no est\u00e1 de acuerdo con la resoluci\u00f3n a la que lleg\u00f3 el comit\u00e9.<\/p>\n\n\n\n<p class=\"wp-block-paragraph\">\u201cEs una resoluci\u00f3n que no comparto evidentemente, no existi\u00f3 un procedimiento, no hubo una valoraci\u00f3n de las pruebas que determinan contundentemente que la tesis es de mi autor\u00eda y no he sido notificada de ning\u00fan dictamen ni de ninguna acta\u201d, coment\u00f3 en una entrevista para el diario&nbsp;<strong>Milenio<\/strong>.<\/p>\n\n\n\n<p class=\"wp-block-paragraph\">Adem\u00e1s, agreg\u00f3: \u201cTengo una carrera impecable, no tengo nada de qu\u00e9 avergonzarme y continuar\u00e9 trabajando intensamente, participar\u00e9 en la sesi\u00f3n de hoy y todas las subsecuentes\u201d.<\/p>\n\n\n\n<p class=\"wp-block-paragraph\">Fuente: Noticaribe<\/p>\n","protected":false},"excerpt":{"rendered":"<p>CIUDAD DE M\u00c9XICO, MX.-\u00a0Martha Rodr\u00edguez Ortiz, la asesora de tesis de la ministra Yasm\u00edn Esquivel Mossa, present\u00f3 su declaraci\u00f3n ante autoridades acad\u00e9micas de la Universidad Nacional Aut\u00f3noma de M\u00e9xico (UNAM), sobre el caso del plagio entre dos trabajos de titulaci\u00f3n. El testimonio de la asesora fue hecho por escrito en un documento de 14 hojas, [&hellip;]<\/p>\n","protected":false},"author":2,"featured_media":114246,"comment_status":"open","ping_status":"open","sticky":false,"template":"","format":"standard","meta":{"footnotes":""},"categories":[62],"tags":[],"class_list":["post-114245","post","type-post","status-publish","format-standard","has-post-thumbnail","hentry","category-opinion"],"_links":{"self":[{"href":"http:\/\/elcuartopoder.com.mx\/nw\/wp-json\/wp\/v2\/posts\/114245","targetHints":{"allow":["GET"]}}],"collection":[{"href":"http:\/\/elcuartopoder.com.mx\/nw\/wp-json\/wp\/v2\/posts"}],"about":[{"href":"http:\/\/elcuartopoder.com.mx\/nw\/wp-json\/wp\/v2\/types\/post"}],"author":[{"embeddable":true,"href":"http:\/\/elcuartopoder.com.mx\/nw\/wp-json\/wp\/v2\/users\/2"}],"replies":[{"embeddable":true,"href":"http:\/\/elcuartopoder.com.mx\/nw\/wp-json\/wp\/v2\/comments?post=114245"}],"version-history":[{"count":1,"href":"http:\/\/elcuartopoder.com.mx\/nw\/wp-json\/wp\/v2\/posts\/114245\/revisions"}],"predecessor-version":[{"id":114247,"href":"http:\/\/elcuartopoder.com.mx\/nw\/wp-json\/wp\/v2\/posts\/114245\/revisions\/114247"}],"wp:featuredmedia":[{"embeddable":true,"href":"http:\/\/elcuartopoder.com.mx\/nw\/wp-json\/wp\/v2\/media\/114246"}],"wp:attachment":[{"href":"http:\/\/elcuartopoder.com.mx\/nw\/wp-json\/wp\/v2\/media?parent=114245"}],"wp:term":[{"taxonomy":"category","embeddable":true,"href":"http:\/\/elcuartopoder.com.mx\/nw\/wp-json\/wp\/v2\/categories?post=114245"},{"taxonomy":"post_tag","embeddable":true,"href":"http:\/\/elcuartopoder.com.mx\/nw\/wp-json\/wp\/v2\/tags?post=114245"}],"curies":[{"name":"wp","href":"https:\/\/api.w.org\/{rel}","templated":true}]}}