{"id":114361,"date":"2023-01-23T12:01:04","date_gmt":"2023-01-23T17:01:04","guid":{"rendered":"http:\/\/elcuartopoder.com.mx\/nw\/?p=114361"},"modified":"2023-01-23T12:01:04","modified_gmt":"2023-01-23T17:01:04","slug":"por-que-gloria-trevi-no-ha-denunciado-a-sergio-andrade-tras-nueva-acusacion-en-eeuu-por-corrupcion-de-menores","status":"publish","type":"post","link":"http:\/\/elcuartopoder.com.mx\/nw\/opinion\/por-que-gloria-trevi-no-ha-denunciado-a-sergio-andrade-tras-nueva-acusacion-en-eeuu-por-corrupcion-de-menores\/","title":{"rendered":"Por qu\u00e9 Gloria Trevi no ha denunciado a Sergio Andrade tras nueva acusaci\u00f3n en EEUU por corrupci\u00f3n de menores"},"content":{"rendered":"\n<p class=\"wp-block-paragraph\">Bioserie en producci\u00f3n, gira musical, demanda por difamaci\u00f3n en contra de<strong>\u00a0Pati Chapoy\u00a0<\/strong>con avance a su favor y m\u00e1s situaciones hicieron pensar a los fans de\u00a0<strong>Gloria Trevi<\/strong>\u00a0que el a\u00f1o 2023 pintaba para ser uno de los mejores para la cantante, tanto en su vida personal como profesional. Sin embargo, un nuevo giro en la historia podr\u00eda cambiar dicho panorama y revivir su pasado con\u00a0<strong>Sergio Andrade<\/strong>.<\/p>\n\n\n\n<p class=\"wp-block-paragraph\">Durante los \u00faltimos d\u00edas de 2022, la revista<em>&nbsp;Rolling Stone<\/em>&nbsp;dio a conocer que dos personas acusaron a la compositora en Estados Unidos de haberlas reclutado siendo menores de edad a finales de la d\u00e9cada de 1990 para ser parte de su grupo de trabajo, el cual en ese entonces estaba a cargo del productor musical.<\/p>\n\n\n\n<p class=\"wp-block-paragraph\">Una vez dentro, presuntamente habr\u00edan sido violadas, golpeadas, maltratadas psicol\u00f3gicamente y aisladas de sus familias, por lo que acusaron que se trataba de una red corrupci\u00f3n de menores, secuestro y violaci\u00f3n.<\/p>\n\n\n\n<p class=\"wp-block-paragraph\">Las nuevas demandas fueron presentadas gracias a la moratoria de tres a\u00f1os que concedi\u00f3 el Estado de California para que personas que hayan sido v\u00edctimas de abuso sexual reclamaran, aunque los casos ya hayan prescrito. Las denunciantes de este caso pudieron aplicar en Estados Unidos porque se\u00f1alan que gran parte de los abusos que vivieron se produjeron en California.<img loading=\"lazy\" decoding=\"async\" alt=\"En el a\u00f1o 2000 ambos, junto a Mary Boquitas, fueron detenidos en Brasil \n(Foto: archivo) \" height=\"461\" width=\"750\" class=\"\" src=\"https:\/\/cloudfront-us-east-1.images.arcpublishing.com\/infobae\/7533UMPYW5BRRJB4WZR7GIGHWM.jpg\" srcset=\"https:\/\/www.infobae.com\/new-resizer\/IOHoKI6Gf5klPYjAbGZI42a4tEw=\/992x606\/filters:format(webp):quality(85)\/cloudfront-us-east-1.images.arcpublishing.com\/infobae\/7533UMPYW5BRRJB4WZR7GIGHWM.jpg 992w\">En el a\u00f1o 2000 ambos, junto a Mary Boquitas, fueron detenidos en Brasil (Foto: archivo)<\/p>\n\n\n\n<p class=\"wp-block-paragraph\">Sin embargo, m\u00e1s de uno se ha cuestionado por qu\u00e9 Trevi no ha hecho lo mismo en contra de Andrade, a pesar de que las autoridades mexicanas la han declarado inocente hace casi dos d\u00e9cadas del primer juicio en el estado de Chihuahua, as\u00ed como ella misma ha negado todo tipo de acusaci\u00f3n en su contra desde entonces.<\/p>\n\n\n\n<p class=\"wp-block-paragraph\">La conductora del matutino<em>\u00a0Sale el Sol,<\/em><strong>\u00a0Ana Mar\u00eda Alvarado,<\/strong>\u00a0entrevist\u00f3 en su canal de\u00a0<em>YouTube<\/em>\u00a0a la periodista de espect\u00e1culos\u00a0<strong>In\u00e9s Moreno<\/strong>, donde debatiendo el caso, dando argumentos, nombres y posibles teor\u00edas sobre las nuevas denuncias en contra de la cantante, retomaron el cuestionamiento.<\/p>\n\n\n\n<figure class=\"wp-block-embed is-type-video is-provider-youtube wp-block-embed-youtube wp-embed-aspect-4-3 wp-has-aspect-ratio\"><div class=\"wp-block-embed__wrapper\">\n<iframe loading=\"lazy\" title=\"Gloria Trevi entrevista desde Brasil\" width=\"696\" height=\"522\" src=\"https:\/\/www.youtube.com\/embed\/-qR4j2-Y5Gc?feature=oembed\" frameborder=\"0\" allow=\"accelerometer; autoplay; clipboard-write; encrypted-media; gyroscope; picture-in-picture; web-share\" allowfullscreen><\/iframe>\n<\/div><\/figure>\n\n\n\n<p class=\"wp-block-paragraph\">\u201cLo que yo pienso es: Gloria debi\u00f3 haber sido, desde hace mucho,&nbsp;<strong>la primera que denunciara a Sergio Andrade<\/strong>. \u00bfPor qu\u00e9?, ella es la primera que<strong>&nbsp;se ve afectada<\/strong>&nbsp;en todo esto porque siguen llam\u00e1ndola criminal\u201d, extern\u00f3 la corresponsal de<em>&nbsp;Univision<\/em>, idea que fue respaldada por la presentadora del matutino de&nbsp;<em>Imagen Televisi\u00f3n<\/em>.<\/p>\n\n\n\n<p class=\"wp-block-paragraph\">\u201cAhora, como comentaba con la reportera&nbsp;<strong>Lidia Barr\u00f3n<\/strong>, que fue quien le hizo esa entrevista en Brasil tan buena, \u2018Es que Gloria deber\u00eda ser la primera, por qu\u00e9 no denuncia a Sergio Andrade, porque es muy padre hablar en las redes, en unos Premios Lo Nuestro, de que yo y mi verdugo, etc.\u2019, pero no lo hace legalmente. Y ella me dice \u2018<strong>Es que ser\u00eda hacerse&nbsp;<\/strong><em><strong>harakiri<\/strong><\/em>\u2019\u201d, agreg\u00f3 In\u00e9s Moreno.<img loading=\"lazy\" decoding=\"async\" alt=\"Se especula que Sergio Andrade actualmente vive en Cuernavaca, Morelos \n(Foto: Getty Images)\" height=\"471\" width=\"770\" class=\"\" src=\"https:\/\/cloudfront-us-east-1.images.arcpublishing.com\/infobae\/RHD6U6GJHNAXXLGFGVLKCUUK3Y.jpg\" srcset=\"https:\/\/www.infobae.com\/new-resizer\/uEnsFJgFCWrVu46E-2mPA77inDA=\/992x606\/filters:format(webp):quality(85)\/cloudfront-us-east-1.images.arcpublishing.com\/infobae\/RHD6U6GJHNAXXLGFGVLKCUUK3Y.jpg 992w\">Se especula que Sergio Andrade actualmente vive en Cuernavaca, Morelos (Foto: Getty Images)<\/p>\n\n\n\n<p class=\"wp-block-paragraph\">Aunque el significado de dicho t\u00e9rmino hace referencia a un suicidio ritual de origen japon\u00e9s, que se realiza por razones de honor y consiste en abrirse el vientre con un arma blanca, el sentido metaf\u00f3rico en M\u00e9xico har\u00eda referencia a<strong>\u00a0auto perjudicarse<\/strong>.<\/p>\n\n\n\n<p class=\"wp-block-paragraph\">\u201cTiene raz\u00f3n, por qu\u00e9<strong>&nbsp;investigar es salir involucrado ante la ley por complicidad<\/strong>\u201d, respondi\u00f3 Moreno, a lo que Ana Mar\u00eda Alvarado remat\u00f3: \u201cS\u00ed, porque ah\u00ed habr\u00eda que definir<strong>&nbsp;hasta qu\u00e9 punto hizo cada qui\u00e9n<\/strong>, por qu\u00e9 Gloria fue absuelta, por qu\u00e9 ella dice que es inocente del juicio pasado, pero esto es diferente, en M\u00e9xico no encontraron pruebas suficientes en su contra\u201d.<\/p>\n\n\n\n<p class=\"wp-block-paragraph\">El 13 de enero del a\u00f1o 2000 Trevi, Sergio Andrade y Mary Boquitas fueron detenidos en Brasil acusados de los delitos de secuestro, violaci\u00f3n y corrupci\u00f3n de menores. Desde Brasilia, la cantante ofreci\u00f3 una entrevista donde\u00a0<strong>Lidia Barr\u00f3n<\/strong>\u00a0le pregunt\u00f3 \u201cpor qu\u00e9 la gente pensaba que\u00a0<strong>no se defendi\u00f3 a s\u00ed misma<\/strong>\u201d, teniendo as\u00ed la versi\u00f3n Gloria sobre el mismo cuestionamiento.<\/p>\n\n\n\n<p class=\"wp-block-paragraph\">\u201c<strong>\u00bfC\u00f3mo quieren que me defienda?<\/strong>\u00a0\u2018Ay s\u00ed, fui una v\u00edctima y \u00e9l es culpable y ya me salgo yo\u2019, disc\u00falpame, yo no soy rata\u201d, a lo que fue interrumpida por un \u201c\u00bfHaces esto por Sergio?\u201d, contestando nuevamente Trevi: \u201cNo,\u00a0<strong>lo hago porque es la verdad<\/strong>\u201d.<\/p>\n\n\n\n<p class=\"wp-block-paragraph\">Fuente: infobae<\/p>\n","protected":false},"excerpt":{"rendered":"<p>Bioserie en producci\u00f3n, gira musical, demanda por difamaci\u00f3n en contra de\u00a0Pati Chapoy\u00a0con avance a su favor y m\u00e1s situaciones hicieron pensar a los fans de\u00a0Gloria Trevi\u00a0que el a\u00f1o 2023 pintaba para ser uno de los mejores para la cantante, tanto en su vida personal como profesional. Sin embargo, un nuevo giro en la historia podr\u00eda [&hellip;]<\/p>\n","protected":false},"author":2,"featured_media":114362,"comment_status":"open","ping_status":"open","sticky":false,"template":"","format":"standard","meta":{"footnotes":""},"categories":[62],"tags":[],"class_list":["post-114361","post","type-post","status-publish","format-standard","has-post-thumbnail","hentry","category-opinion"],"_links":{"self":[{"href":"http:\/\/elcuartopoder.com.mx\/nw\/wp-json\/wp\/v2\/posts\/114361","targetHints":{"allow":["GET"]}}],"collection":[{"href":"http:\/\/elcuartopoder.com.mx\/nw\/wp-json\/wp\/v2\/posts"}],"about":[{"href":"http:\/\/elcuartopoder.com.mx\/nw\/wp-json\/wp\/v2\/types\/post"}],"author":[{"embeddable":true,"href":"http:\/\/elcuartopoder.com.mx\/nw\/wp-json\/wp\/v2\/users\/2"}],"replies":[{"embeddable":true,"href":"http:\/\/elcuartopoder.com.mx\/nw\/wp-json\/wp\/v2\/comments?post=114361"}],"version-history":[{"count":1,"href":"http:\/\/elcuartopoder.com.mx\/nw\/wp-json\/wp\/v2\/posts\/114361\/revisions"}],"predecessor-version":[{"id":114363,"href":"http:\/\/elcuartopoder.com.mx\/nw\/wp-json\/wp\/v2\/posts\/114361\/revisions\/114363"}],"wp:featuredmedia":[{"embeddable":true,"href":"http:\/\/elcuartopoder.com.mx\/nw\/wp-json\/wp\/v2\/media\/114362"}],"wp:attachment":[{"href":"http:\/\/elcuartopoder.com.mx\/nw\/wp-json\/wp\/v2\/media?parent=114361"}],"wp:term":[{"taxonomy":"category","embeddable":true,"href":"http:\/\/elcuartopoder.com.mx\/nw\/wp-json\/wp\/v2\/categories?post=114361"},{"taxonomy":"post_tag","embeddable":true,"href":"http:\/\/elcuartopoder.com.mx\/nw\/wp-json\/wp\/v2\/tags?post=114361"}],"curies":[{"name":"wp","href":"https:\/\/api.w.org\/{rel}","templated":true}]}}