{"id":114365,"date":"2023-01-23T12:17:48","date_gmt":"2023-01-23T17:17:48","guid":{"rendered":"http:\/\/elcuartopoder.com.mx\/nw\/?p=114365"},"modified":"2023-01-23T12:17:52","modified_gmt":"2023-01-23T17:17:52","slug":"fuerte-incendio-en-tulum-consumio-5-viviendas-y-afecto-varias-mas","status":"publish","type":"post","link":"http:\/\/elcuartopoder.com.mx\/nw\/policiacas\/fuerte-incendio-en-tulum-consumio-5-viviendas-y-afecto-varias-mas\/","title":{"rendered":"Fuerte incendio en Tulum consumi\u00f3 5 viviendas y afect\u00f3 varias m\u00e1s"},"content":{"rendered":"\n<p class=\"wp-block-paragraph\">Este 21 de enero hubo un<strong>\u00a0incendio en el municipio de Tulum, Quintana Roo\u00a0<\/strong>que\u00a0<strong>consumi\u00f3 cinco viviendas\u00a0<\/strong>y afect\u00f3 algunas m\u00e1s. Fue aproximadamente a las 12:00 horas que comenz\u00f3 el fuego en la colonia 2 de octubre, donde ninguna persona result\u00f3 lesionada.<\/p>\n\n\n\n<p class=\"wp-block-paragraph\">La Coordinaci\u00f3n Estatal de Protecci\u00f3n Civil Quintana Roo (Coeproc) inform\u00f3 que recibi\u00f3 el<strong>&nbsp;reporte mediante una llamada al n\u00famero de emergencia<\/strong>, tras lo cual los cuerpos de emergencia acudieron r\u00e1pidamente. Desde el inicio mencion\u00f3 que la situaci\u00f3n estaba bajo control, aunque exhortaron a la poblaci\u00f3n a estar pendientes de instrucciones por parte de las autoridades.<\/p>\n\n\n\n<p class=\"wp-block-paragraph\">\u201cRecibimos a trav\u00e9s del 911 el reporte de un\u00a0incendio\u00a0en<strong>\u00a05 caba\u00f1as en un asentamiento irregular<\/strong>\u00a0en el municipio de Tulum, donde hasta el momento personal de la\u00a0<strong>Coordinaci\u00f3n Estatal de Protecci\u00f3n Civil, Protecci\u00f3n Civil Municipal de Tulum, Bomberos, Polic\u00eda Quintana Roo<\/strong>, ya tienen controlada la situaci\u00f3n y apoyando a la ciudadan\u00eda\u201d, inform\u00f3 la Coeproc.<\/p>\n\n\n\n<figure class=\"wp-block-embed is-type-rich is-provider-twitter wp-block-embed-twitter\"><div class=\"wp-block-embed__wrapper\">\n<blockquote class=\"twitter-tweet\" data-width=\"550\" data-dnt=\"true\"><p lang=\"es\" dir=\"ltr\">Tras registrarse el incendio de varias viviendas y negocios en el municipio de Tulum, <a href=\"https:\/\/twitter.com\/hashtag\/QuintanaRoo?src=hash&amp;ref_src=twsrc%5Etfw\">#QuintanaRoo<\/a>, la <a href=\"https:\/\/twitter.com\/hashtag\/GuardiaNacional?src=hash&amp;ref_src=twsrc%5Etfw\">#GuardiaNacional<\/a> activ\u00f3 el <a href=\"https:\/\/twitter.com\/hashtag\/PlanGN_A?src=hash&amp;ref_src=twsrc%5Etfw\">#PlanGN_A<\/a>, con el fin de colaborar con las autoridades de protecci\u00f3n civil y agilizar el control del siniestro. <a href=\"https:\/\/t.co\/KX4L0GtaBo\">pic.twitter.com\/KX4L0GtaBo<\/a><\/p>&mdash; Guardia Nacional (@GN_MEXICO_) <a href=\"https:\/\/twitter.com\/GN_MEXICO_\/status\/1616920033015517186?ref_src=twsrc%5Etfw\">January 21, 2023<\/a><\/blockquote><script async src=\"https:\/\/platform.twitter.com\/widgets.js\" charset=\"utf-8\"><\/script>\n<\/div><figcaption>La\u00a0<strong>Guardia Nacional\u00a0<\/strong>(GN) tambi\u00e9n atendi\u00f3 la emergencia al activar el\u00a0<strong>Plan GN-A<\/strong>, \u201ccon el fin de colaborar con las autoridades de protecci\u00f3n civil y agilizar el control del siniestro\u201d, seg\u00fan inform\u00f3 el organismo en redes sociales.<\/figcaption><\/figure>\n\n\n\n<p class=\"wp-block-paragraph\">Despu\u00e9s de las 14:00 horas, Guillermo N\u00fa\u00f1ez Leal, titular de la Coeproc inform\u00f3 que las cuerpos de emergencia lograron controlar el fuego. \u201cPor parte de bomberos y Protecci\u00f3n Civil en coordinaci\u00f3n con polic\u00eda estatal y municipal ya tienen controlada la situaci\u00f3n. Ya est\u00e1n ah\u00ed la autoridades competentes,&nbsp;<strong>no hay lesionados afortunadamente y son da\u00f1os materiales<\/strong>\u201d, se\u00f1al\u00f3.<\/p>\n\n\n\n<p class=\"wp-block-paragraph\">Hasta el momento se desconocen las causas del incendio, aunque de manera extraoficial se dio a conocer que un tanque de gas habr\u00eda explotado.<\/p>\n\n\n\n<h2 class=\"wp-block-heading\">Una f\u00e1brica y el cerro de Xaltepec, entre los afectados por primeros incendios del a\u00f1o<\/h2>\n\n\n\n<p class=\"wp-block-paragraph\">El incendio en Tulum se sum\u00f3 a por lo menos tres m\u00e1s registrados en lo que va del a\u00f1o. Entre los incidentes registrados est\u00e1 uno ocurrido en una<strong>\u00a0f\u00e1brica de la colonia Nueva Industrial Vallejo<\/strong>, en la Ciudad de M\u00e9xico.<\/p>\n\n\n\n<p class=\"wp-block-paragraph\"><img loading=\"lazy\" decoding=\"async\" alt=\"Una f\u00e1brica fue consumida parcialmento por un incendio en Azcapotzalco (especial)\" height=\"1080\" width=\"1920\" class=\"\" src=\"https:\/\/cloudfront-us-east-1.images.arcpublishing.com\/infobae\/Z3S5AL4MDZFYVJG722D7ACQG4M.jpg\" srcset=\"https:\/\/www.infobae.com\/new-resizer\/T9l-rBFGDEzkGOzdR3cLTaijg2c=\/420x236\/filters:format(webp):quality(85)\/cloudfront-us-east-1.images.arcpublishing.com\/infobae\/Z3S5AL4MDZFYVJG722D7ACQG4M.jpg 420w,https:\/\/www.infobae.com\/new-resizer\/RsQENTnoqA5E9MA0_b9R6uzhGkA=\/768x432\/filters:format(webp):quality(85)\/cloudfront-us-east-1.images.arcpublishing.com\/infobae\/Z3S5AL4MDZFYVJG722D7ACQG4M.jpg 768w,https:\/\/www.infobae.com\/new-resizer\/WPodshaasmFaFY5b01K1M6Izf8o=\/992x558\/filters:format(webp):quality(85)\/cloudfront-us-east-1.images.arcpublishing.com\/infobae\/Z3S5AL4MDZFYVJG722D7ACQG4M.jpg 992w,https:\/\/www.infobae.com\/new-resizer\/-hoNRTMzBbbsDlXY1InEyEJqA5I=\/1200x675\/filters:format(webp):quality(85)\/cloudfront-us-east-1.images.arcpublishing.com\/infobae\/Z3S5AL4MDZFYVJG722D7ACQG4M.jpg 1200w,https:\/\/www.infobae.com\/new-resizer\/gPzGRKzOF4Av4svJTIn-q0d7kM8=\/1440x810\/filters:format(webp):quality(85)\/cloudfront-us-east-1.images.arcpublishing.com\/infobae\/Z3S5AL4MDZFYVJG722D7ACQG4M.jpg 1440w\">Una f\u00e1brica fue consumida parcialmento por un incendio en Azcapotzalco (especial)<\/p>\n\n\n\n<p class=\"wp-block-paragraph\">Fue alrededor de las 22:00 horas del 10 de enero que comenz\u00f3 el siniestro en la alcald\u00eda Azcapotzalco. El incendio comenz\u00f3 en una bodega de almacenaje de libros y se extendi\u00f3 hasta dos m\u00e1s donde se almacenaban medicamentos y objetos de papeler\u00eda.<\/p>\n\n\n\n<p class=\"wp-block-paragraph\"><strong>El fuego consumi\u00f3 las tres bodegas<\/strong>&nbsp;antes mencionadas, pero no se extendi\u00f3 m\u00e1s all\u00e1 debido a la intervenci\u00f3n de los bomberos que pusieron bajo control la situaci\u00f3n.<\/p>\n\n\n\n<p class=\"wp-block-paragraph\"><strong>No hubo lesionados en el incendio<\/strong>, ya que las bodegas fueron desocupadas por los trabajadores desde su hora de salida que es a las 6 de la tarde.<img loading=\"lazy\" decoding=\"async\" alt=\"Se registr\u00f3 un incendio que consumi\u00f3 parte del cerro de Xaltepec, ubicado en la alcald\u00eda Tl\u00e1huac).\n(@AzucenaBaldera7\/@Leo_Re22)\" height=\"924\" width=\"1640\" class=\"\" src=\"https:\/\/cloudfront-us-east-1.images.arcpublishing.com\/infobae\/4AQ542OUEVDXDHDVEZE3MRZBB4.jpg\" srcset=\"https:\/\/www.infobae.com\/new-resizer\/tyCZgI10Z9xmzQdT1Qxa9aOvKqQ=\/420x236\/filters:format(webp):quality(85)\/cloudfront-us-east-1.images.arcpublishing.com\/infobae\/4AQ542OUEVDXDHDVEZE3MRZBB4.jpg 420w,https:\/\/www.infobae.com\/new-resizer\/CMCNCPijNT9GWEEfVXgRyF0rybc=\/768x432\/filters:format(webp):quality(85)\/cloudfront-us-east-1.images.arcpublishing.com\/infobae\/4AQ542OUEVDXDHDVEZE3MRZBB4.jpg 768w,https:\/\/www.infobae.com\/new-resizer\/BO0PG4PJ4YLZU1u00PjPBvbruyE=\/992x558\/filters:format(webp):quality(85)\/cloudfront-us-east-1.images.arcpublishing.com\/infobae\/4AQ542OUEVDXDHDVEZE3MRZBB4.jpg 992w,https:\/\/www.infobae.com\/new-resizer\/24290aEquhOcnopX84XBNY3AHLU=\/1200x675\/filters:format(webp):quality(85)\/cloudfront-us-east-1.images.arcpublishing.com\/infobae\/4AQ542OUEVDXDHDVEZE3MRZBB4.jpg 1200w,https:\/\/www.infobae.com\/new-resizer\/23WWek5Engykqh1Tq33Dkk2Y8ic=\/1440x810\/filters:format(webp):quality(85)\/cloudfront-us-east-1.images.arcpublishing.com\/infobae\/4AQ542OUEVDXDHDVEZE3MRZBB4.jpg 1440w\">Se registr\u00f3 un incendio que consumi\u00f3 parte del cerro de Xaltepec, ubicado en la alcald\u00eda Tl\u00e1huac). (@AzucenaBaldera7\/@Leo_Re22)<\/p>\n\n\n\n<p class=\"wp-block-paragraph\">Por otra parte, el 14 de enero se registr\u00f3 una&nbsp;<strong>fuerte incendio en el cerro de Xaltepec<\/strong>, ubicado en los l\u00edmites de las alcald\u00edas Tl\u00e1huac e Iztapalapa.<\/p>\n\n\n\n<p class=\"wp-block-paragraph\"><strong>La columna de fuego y humo fueron visibles desde varios puntos<\/strong>&nbsp;de la Ciudad de M\u00e9xico, adem\u00e1s de que la&nbsp;<strong>mala calidad del aire<\/strong>&nbsp;se propag\u00f3 en zonas aleda\u00f1as al volc\u00e1n. Pese a la intensidad de las llamas, las autoridades negaron que existiera riesgo para la poblaci\u00f3n.<\/p>\n\n\n\n<p class=\"wp-block-paragraph\">A estos se sum\u00f3 uno m\u00e1s que ocurri\u00f3 el 6 de enero en&nbsp;<strong>San Mart\u00edn de la Pir\u00e1mides, Estado de M\u00e9xico&nbsp;<\/strong>(Edomex). Presuntamente<strong>&nbsp;fue la quema de pl\u00e1sticos, basura y llantas en un basurero clandestino lo que deton\u00f3 el incendio&nbsp;<\/strong>en el que los pastizales de un terreno bald\u00edo se consumieron por completo mientras bomberos apoyados con pipas enviadas de municipios aleda\u00f1os trabajaron por horas.<\/p>\n","protected":false},"excerpt":{"rendered":"<p>Este 21 de enero hubo un\u00a0incendio en el municipio de Tulum, Quintana Roo\u00a0que\u00a0consumi\u00f3 cinco viviendas\u00a0y afect\u00f3 algunas m\u00e1s. Fue aproximadamente a las 12:00 horas que comenz\u00f3 el fuego en la colonia 2 de octubre, donde ninguna persona result\u00f3 lesionada. La Coordinaci\u00f3n Estatal de Protecci\u00f3n Civil Quintana Roo (Coeproc) inform\u00f3 que recibi\u00f3 el&nbsp;reporte mediante una llamada [&hellip;]<\/p>\n","protected":false},"author":2,"featured_media":114366,"comment_status":"open","ping_status":"open","sticky":false,"template":"","format":"standard","meta":{"footnotes":""},"categories":[23],"tags":[],"class_list":["post-114365","post","type-post","status-publish","format-standard","has-post-thumbnail","hentry","category-policiacas"],"_links":{"self":[{"href":"http:\/\/elcuartopoder.com.mx\/nw\/wp-json\/wp\/v2\/posts\/114365","targetHints":{"allow":["GET"]}}],"collection":[{"href":"http:\/\/elcuartopoder.com.mx\/nw\/wp-json\/wp\/v2\/posts"}],"about":[{"href":"http:\/\/elcuartopoder.com.mx\/nw\/wp-json\/wp\/v2\/types\/post"}],"author":[{"embeddable":true,"href":"http:\/\/elcuartopoder.com.mx\/nw\/wp-json\/wp\/v2\/users\/2"}],"replies":[{"embeddable":true,"href":"http:\/\/elcuartopoder.com.mx\/nw\/wp-json\/wp\/v2\/comments?post=114365"}],"version-history":[{"count":1,"href":"http:\/\/elcuartopoder.com.mx\/nw\/wp-json\/wp\/v2\/posts\/114365\/revisions"}],"predecessor-version":[{"id":114367,"href":"http:\/\/elcuartopoder.com.mx\/nw\/wp-json\/wp\/v2\/posts\/114365\/revisions\/114367"}],"wp:featuredmedia":[{"embeddable":true,"href":"http:\/\/elcuartopoder.com.mx\/nw\/wp-json\/wp\/v2\/media\/114366"}],"wp:attachment":[{"href":"http:\/\/elcuartopoder.com.mx\/nw\/wp-json\/wp\/v2\/media?parent=114365"}],"wp:term":[{"taxonomy":"category","embeddable":true,"href":"http:\/\/elcuartopoder.com.mx\/nw\/wp-json\/wp\/v2\/categories?post=114365"},{"taxonomy":"post_tag","embeddable":true,"href":"http:\/\/elcuartopoder.com.mx\/nw\/wp-json\/wp\/v2\/tags?post=114365"}],"curies":[{"name":"wp","href":"https:\/\/api.w.org\/{rel}","templated":true}]}}