{"id":115012,"date":"2023-02-09T10:23:23","date_gmt":"2023-02-09T15:23:23","guid":{"rendered":"http:\/\/elcuartopoder.com.mx\/nw\/?p=115012"},"modified":"2023-02-09T10:23:26","modified_gmt":"2023-02-09T15:23:26","slug":"amlo-anuncia-que-se-construiran-4-parques-eolicos-en-corredor-del-istmo-y-financiados-por-eu","status":"publish","type":"post","link":"http:\/\/elcuartopoder.com.mx\/nw\/politica\/amlo-anuncia-que-se-construiran-4-parques-eolicos-en-corredor-del-istmo-y-financiados-por-eu\/","title":{"rendered":"AMLO anuncia que se construir\u00e1n 4 parques e\u00f3licos en Corredor del Istmo y financiados por EU"},"content":{"rendered":"\n<p class=\"wp-block-paragraph\">El presidente Andr\u00e9s Manuel L\u00f3pez Obrador revel\u00f3 que existe la posibilidad de cuatro de los 10&nbsp;parques industriales&nbsp;que se construir\u00e1n en el&nbsp;Corredor Trans\u00edstmico&nbsp;sean destinados para el desarrollo de energ\u00eda e\u00f3lica y que sean financiado por Estados Unidos.<\/p>\n\n\n\n<p class=\"wp-block-paragraph\">En conferencia de prensa ma\u00f1anera, el presidente indic\u00f3 que este es un compromiso que se tiene con el gobierno de Estados Unidos para contribuir a enfrentar el problema del&nbsp;cambio clim\u00e1tico&nbsp;y &nbsp;por este motivo existe la posibilidad de que el pr\u00f3ximo 21 de marzo,&nbsp;John Kerry, enviado especial para el cambio clim\u00e1tico de Estados Unidos, est\u00e9 en Oaxaca para visitar estos parques.&nbsp;<\/p>\n\n\n\n<p class=\"wp-block-paragraph\">\u201cEn el Corredor del Istmo son 10 parques industriales y ya se va a lanzar la convocatoria ya pronto. Hay el compromiso, si se dan las condiciones, que cuatro parques de los 10 se dediquen a la generaci\u00f3n de energ\u00eda el\u00e9ctrica,&nbsp;energ\u00eda e\u00f3lica.<\/p>\n\n\n\n<p class=\"wp-block-paragraph\">\u00abEste es un acuerdo de Estados Unidos para contribuir a enfrentar el problema del cambio clim\u00e1tico. Van a estar con nosotros el d\u00eda 19 de marzo en el Itsmo y en Veracruz legisladores, esa es la propuesta estadounidense, vienen con el embajador&nbsp;Ken Salazar, el d\u00eda 19 y el d\u00eda 21 de marzo, que yo tengo que estar, vamos a estar, como siempre, vamos a estar en Guelatao por la tarde; despu\u00e9s de ese acto, de esa ceremonia, vamos de nuevo al Istmo porque es probable que est\u00e9 John Kerry para lo de los parques e\u00f3licos\u00bb, explic\u00f3 el mandatario.&nbsp;<\/p>\n\n\n\n<p class=\"wp-block-paragraph\">\u201cAh\u00ed el prop\u00f3sito es que sean parques de la CFE y que el financiamiento lo aporte Estados Unidos o bancos de Estados Unidos con tasas muy bajas, cero, tasas de intereses a la CFE, y que los construyan empresas mexicanas y estadounidenses. Es el acuerdo que tenemos inicial\u201d, dijo.<\/p>\n","protected":false},"excerpt":{"rendered":"<p>El presidente Andr\u00e9s Manuel L\u00f3pez Obrador revel\u00f3 que existe la posibilidad de cuatro de los 10&nbsp;parques industriales&nbsp;que se construir\u00e1n en el&nbsp;Corredor Trans\u00edstmico&nbsp;sean destinados para el desarrollo de energ\u00eda e\u00f3lica y que sean financiado por Estados Unidos. En conferencia de prensa ma\u00f1anera, el presidente indic\u00f3 que este es un compromiso que se tiene con el gobierno [&hellip;]<\/p>\n","protected":false},"author":2,"featured_media":115013,"comment_status":"open","ping_status":"open","sticky":false,"template":"","format":"standard","meta":{"footnotes":""},"categories":[61],"tags":[],"class_list":["post-115012","post","type-post","status-publish","format-standard","has-post-thumbnail","hentry","category-politica"],"_links":{"self":[{"href":"http:\/\/elcuartopoder.com.mx\/nw\/wp-json\/wp\/v2\/posts\/115012","targetHints":{"allow":["GET"]}}],"collection":[{"href":"http:\/\/elcuartopoder.com.mx\/nw\/wp-json\/wp\/v2\/posts"}],"about":[{"href":"http:\/\/elcuartopoder.com.mx\/nw\/wp-json\/wp\/v2\/types\/post"}],"author":[{"embeddable":true,"href":"http:\/\/elcuartopoder.com.mx\/nw\/wp-json\/wp\/v2\/users\/2"}],"replies":[{"embeddable":true,"href":"http:\/\/elcuartopoder.com.mx\/nw\/wp-json\/wp\/v2\/comments?post=115012"}],"version-history":[{"count":1,"href":"http:\/\/elcuartopoder.com.mx\/nw\/wp-json\/wp\/v2\/posts\/115012\/revisions"}],"predecessor-version":[{"id":115014,"href":"http:\/\/elcuartopoder.com.mx\/nw\/wp-json\/wp\/v2\/posts\/115012\/revisions\/115014"}],"wp:featuredmedia":[{"embeddable":true,"href":"http:\/\/elcuartopoder.com.mx\/nw\/wp-json\/wp\/v2\/media\/115013"}],"wp:attachment":[{"href":"http:\/\/elcuartopoder.com.mx\/nw\/wp-json\/wp\/v2\/media?parent=115012"}],"wp:term":[{"taxonomy":"category","embeddable":true,"href":"http:\/\/elcuartopoder.com.mx\/nw\/wp-json\/wp\/v2\/categories?post=115012"},{"taxonomy":"post_tag","embeddable":true,"href":"http:\/\/elcuartopoder.com.mx\/nw\/wp-json\/wp\/v2\/tags?post=115012"}],"curies":[{"name":"wp","href":"https:\/\/api.w.org\/{rel}","templated":true}]}}