{"id":115015,"date":"2023-02-09T10:33:58","date_gmt":"2023-02-09T15:33:58","guid":{"rendered":"http:\/\/elcuartopoder.com.mx\/nw\/?p=115015"},"modified":"2023-02-09T10:34:02","modified_gmt":"2023-02-09T15:34:02","slug":"un-nino-de-2-anos-murio-cuando-se-activaron-las-bolsas-de-aire-viajaba-adelante-en-el-regazo-de-su-abuelita","status":"publish","type":"post","link":"http:\/\/elcuartopoder.com.mx\/nw\/policiacas\/un-nino-de-2-anos-murio-cuando-se-activaron-las-bolsas-de-aire-viajaba-adelante-en-el-regazo-de-su-abuelita\/","title":{"rendered":"Un ni\u00f1o de 2 a\u00f1os muri\u00f3 cuando se activaron las bolsas de aire, viajaba adelante en el regazo de su abuelita"},"content":{"rendered":"\n<p class=\"wp-block-paragraph\">Los\u00a0<strong>accidentes viales\u00a0<\/strong>pueden ocurrir en cualquier momento, para evitar\u00a0<strong>consecuencias graves\u00a0<\/strong>se recomienda usar el cintur\u00f3n de seguridad, respetar los\u00a0<strong>l\u00edmites de velocidad\u00a0<\/strong>y se\u00f1ales, especialmente cuando se vieja con\u00a0<strong>menores de edad<\/strong>. Por esta raz\u00f3n,\u00a0las\u00a0<strong>sillas para beb\u00e9s\u00a0<\/strong>est\u00e1n pensadas en los y las peque\u00f1as, a fin de garantizar la\u00a0<strong>protecci\u00f3n\u00a0<\/strong>en caso de alg\u00fan choque.\u00a0<\/p>\n\n\n\n<p class=\"wp-block-paragraph\">En este contexto, recientemente se dio a conocer un caso que conmocion\u00f3 a habitantes de&nbsp;<strong>Ciudad Obreg\u00f3n<\/strong>, Sonora. Se trata de&nbsp;<strong>la<\/strong>&nbsp;<strong>muerte de un ni\u00f1o de dos a\u00f1os<\/strong>&nbsp;de edad. Los hechos ocurrieron cuando el menor de edad viajaba en el&nbsp;<strong>regazo&nbsp;<\/strong>de una persona adulta en el&nbsp;<strong>asiento delantero&nbsp;<\/strong>de un veh\u00edculo, de acuerdo con lo que dio a conocer la Fiscal\u00eda General del Estado (<strong>FGE<\/strong>)&nbsp;de&nbsp;<strong>Sonora<\/strong>.<\/p>\n\n\n\n<figure class=\"wp-block-image\"><img decoding=\"async\" src=\"https:\/\/heraldodemexico.com.mx\/u\/fotografias\/m\/2023\/2\/8\/f768x1-669090_669217_74.png\" alt=\"\"\/><figcaption>La Fiscal\u00eda de Sonora inform\u00f3 sobre la muerte del menor. | FOTO: Twitter&nbsp;@fgjesonora<\/figcaption><\/figure>\n\n\n\n<p class=\"wp-block-paragraph\">Repentinamente, se activaron las bolsas de aire, las cuales<strong>&nbsp;golpearon a ambos<\/strong>, pero el menor de edad recibi\u00f3 un golpe directo en el rostro. Posteriormente, la mujer en compa\u00f1\u00eda del conductor del auto, se trasladaron a una&nbsp;<strong>farmacia&nbsp;<\/strong>cercana para solicitar auxilio en el&nbsp;<strong>consultorio<\/strong>, sin embargo, el peque\u00f1o<strong>&nbsp;ya hab\u00eda fallecido<\/strong>, por lo que personal de la Fiscal\u00eda de Sonora acudi\u00f3 para iniciar con las investigaciones y posteriormente, trasladar al anfiteatro&nbsp;el cuerpo sin vida del menor de edad para realizarle la autopsia de ley.<\/p>\n\n\n\n<p class=\"wp-block-paragraph\">Asimismo, se inici\u00f3 una<strong>&nbsp;carpeta de investigaci\u00f3n&nbsp;<\/strong>por lo ocurrido y el reporte fue atendido por elementos de la&nbsp;<strong>Polic\u00eda Municipal&nbsp;<\/strong>y de la&nbsp;<strong>Unidad de Atenci\u00f3n a Violencia intrafamiliar<\/strong>. No obstante, de acuerdo con versiones period\u00edsticas, la abuela, quien llevaba al ni\u00f1o en su regazo, refiri\u00f3 que<strong>&nbsp;las bolsas de aire se habr\u00edan activado repentinamente,&nbsp;<\/strong>sin raz\u00f3n aparente&nbsp;supuestamente, esto ocasion\u00f3 que el cuerpo del ni\u00f1o fuera empujado hacia las&nbsp;<strong>rodillas&nbsp;<\/strong>de la se\u00f1ora y se golpe\u00f3 fuertemente.<\/p>\n\n\n\n<h2 class=\"wp-block-heading\">\u00bfPor qu\u00e9 los menores de edad deben viajar en el asiento trasero?<\/h2>\n\n\n\n<p class=\"wp-block-paragraph\">Dentro de un veh\u00edculo motorizado, los y las menores son los pasajeros m\u00e1s&nbsp;<strong>vulnerables&nbsp;<\/strong>debido a su corta estatura, por lo que es conocido que siempre existe la recomendaci\u00f3n de que viajen en el<strong>&nbsp;asiento trasero<\/strong>&nbsp;asimismo, que se evite trasladarlos en&nbsp;<strong>brazos&nbsp;<\/strong>en el asiento del&nbsp;<strong>copiloto&nbsp;<\/strong>o&nbsp;<strong>piloto<\/strong>, adem\u00e1s de que en estos casos, generalmente no se usa el<strong>&nbsp;cintur\u00f3n de seguridad,&nbsp;<\/strong>lo que&nbsp;<strong>aumenta hasta cinco veces<\/strong>&nbsp;sufrir lesiones mortales.<\/p>\n\n\n\n<figure class=\"wp-block-image\"><img decoding=\"async\" src=\"https:\/\/heraldodemexico.com.mx\/u\/fotografias\/m\/2023\/2\/8\/f768x1-669094_669221_15.jpg\" alt=\"\"\/><figcaption>Una de las recomendaciones b\u00e1sicas es usar el cintur\u00f3n de seguridad. | FOTO: Pexels<\/figcaption><\/figure>\n\n\n\n<p class=\"wp-block-paragraph\">Por este hecho, el Gobierno de M\u00e9xico emiti\u00f3 algunas&nbsp;<strong>recomendaciones&nbsp;<\/strong>generales a fin de evitar accidentes graves o mortales:<\/p>\n\n\n\n<ul class=\"wp-block-list\"><li>Procurar que los menores viajen&nbsp;<strong>relajados&nbsp;<\/strong>para tranquilidad propia y del conductor.<\/li><li>Sentarlos<strong>&nbsp;atr\u00e1s del veh\u00edculo<\/strong>, nunca en el asiento delantero, y evitar que toquen manijas, ventanas o puertas.<\/li><li>Si son menores de un a\u00f1o deben ir en un&nbsp;<strong>asiento especial&nbsp;<\/strong>colocado en sentido contrario a la marcha o como lo indique el manual de la sillita.<\/li><li>Es muy recomendable que viajen en&nbsp;<strong>asiento infantil&nbsp;<\/strong>con respaldo hasta que alcance 135 cent\u00edmetros de estatura.<\/li><\/ul>\n\n\n\n<p class=\"wp-block-paragraph\">Cabe destacar que cada entidad tiene sus propias disposiciones en este tema, por lo que la<strong>&nbsp;Ley de Tr\u00e1nsito del Estado de Sonora<\/strong>&nbsp;establece que: \u00abLos menores de seis a\u00f1os de edad deber\u00e1n viajar,&nbsp;<strong>obligatoriamente<\/strong>,<strong>&nbsp;en el asiento trasero<\/strong>&nbsp;del veh\u00edculo y en un&nbsp;<strong>asiento de seguridad para ni\u00f1os<\/strong>, debiendo sujetarlos con el<strong>&nbsp;cintur\u00f3n de seguridad para adultos<\/strong>, siguiendo las instrucciones del fabricante del veh\u00edculo y del asiento de seguridad se\u00f1aladas para ese efecto, seg\u00fan las posibilidades del veh\u00edculo.\u00bb<\/p>\n","protected":false},"excerpt":{"rendered":"<p>Los\u00a0accidentes viales\u00a0pueden ocurrir en cualquier momento, para evitar\u00a0consecuencias graves\u00a0se recomienda usar el cintur\u00f3n de seguridad, respetar los\u00a0l\u00edmites de velocidad\u00a0y se\u00f1ales, especialmente cuando se vieja con\u00a0menores de edad. Por esta raz\u00f3n,\u00a0las\u00a0sillas para beb\u00e9s\u00a0est\u00e1n pensadas en los y las peque\u00f1as, a fin de garantizar la\u00a0protecci\u00f3n\u00a0en caso de alg\u00fan choque.\u00a0 En este contexto, recientemente se dio a conocer [&hellip;]<\/p>\n","protected":false},"author":2,"featured_media":115016,"comment_status":"open","ping_status":"open","sticky":false,"template":"","format":"standard","meta":{"footnotes":""},"categories":[23],"tags":[],"class_list":["post-115015","post","type-post","status-publish","format-standard","has-post-thumbnail","hentry","category-policiacas"],"_links":{"self":[{"href":"http:\/\/elcuartopoder.com.mx\/nw\/wp-json\/wp\/v2\/posts\/115015","targetHints":{"allow":["GET"]}}],"collection":[{"href":"http:\/\/elcuartopoder.com.mx\/nw\/wp-json\/wp\/v2\/posts"}],"about":[{"href":"http:\/\/elcuartopoder.com.mx\/nw\/wp-json\/wp\/v2\/types\/post"}],"author":[{"embeddable":true,"href":"http:\/\/elcuartopoder.com.mx\/nw\/wp-json\/wp\/v2\/users\/2"}],"replies":[{"embeddable":true,"href":"http:\/\/elcuartopoder.com.mx\/nw\/wp-json\/wp\/v2\/comments?post=115015"}],"version-history":[{"count":1,"href":"http:\/\/elcuartopoder.com.mx\/nw\/wp-json\/wp\/v2\/posts\/115015\/revisions"}],"predecessor-version":[{"id":115017,"href":"http:\/\/elcuartopoder.com.mx\/nw\/wp-json\/wp\/v2\/posts\/115015\/revisions\/115017"}],"wp:featuredmedia":[{"embeddable":true,"href":"http:\/\/elcuartopoder.com.mx\/nw\/wp-json\/wp\/v2\/media\/115016"}],"wp:attachment":[{"href":"http:\/\/elcuartopoder.com.mx\/nw\/wp-json\/wp\/v2\/media?parent=115015"}],"wp:term":[{"taxonomy":"category","embeddable":true,"href":"http:\/\/elcuartopoder.com.mx\/nw\/wp-json\/wp\/v2\/categories?post=115015"},{"taxonomy":"post_tag","embeddable":true,"href":"http:\/\/elcuartopoder.com.mx\/nw\/wp-json\/wp\/v2\/tags?post=115015"}],"curies":[{"name":"wp","href":"https:\/\/api.w.org\/{rel}","templated":true}]}}