{"id":115018,"date":"2023-02-09T10:36:36","date_gmt":"2023-02-09T15:36:36","guid":{"rendered":"http:\/\/elcuartopoder.com.mx\/nw\/?p=115018"},"modified":"2023-02-09T10:37:05","modified_gmt":"2023-02-09T15:37:05","slug":"desde-un-lamborghini-hasta-un-yate-privado-los-lujos-de-garcia-luna-que-saldrian-a-la-luz-en-su-juicio","status":"publish","type":"post","link":"http:\/\/elcuartopoder.com.mx\/nw\/politica\/desde-un-lamborghini-hasta-un-yate-privado-los-lujos-de-garcia-luna-que-saldrian-a-la-luz-en-su-juicio\/","title":{"rendered":"Desde un Lamborghini hasta un yate privado: los lujos de Garc\u00eda Luna que saldr\u00edan a la luz en su juicio"},"content":{"rendered":"\n<p class=\"wp-block-paragraph\">El juicio<strong>\u00a0contra Genaro Garc\u00eda Luna<\/strong>\u00a0est\u00e1 llegando a su recta final y las especulaciones sobre qui\u00e9nes ser\u00e1n los \u00faltimos testigos han encendido un debate en las redes sociales. Lo que s\u00ed es una realidad es que el equipo de la fiscal\u00eda estadounidense\u00a0<strong>tiene planeado revelar unas fotograf\u00edas\u00a0<\/strong>de propiedades, autos y hasta una imagen del colaborador del expresidente Felipe Calder\u00f3n Hinojosa conduciendo un\u00a0<strong>Lamborghini en el a\u00f1o 2010.\u00a0<\/strong><\/p>\n\n\n\n<p class=\"wp-block-paragraph\">Los asistentes de la fiscal\u00eda tienen ese contenido debido a que agentes de investigaci\u00f3n del Departamento de Justicia tuvieron acceso a los dispositivos electr\u00f3nicos del&nbsp;<strong>exsecretario de Seguridad P\u00fablica de 2006 a 2012.<\/strong>&nbsp;Algunos de los bienes est\u00e1n en sus primeras declaraciones patrimoniales que hizo p\u00fablicas el \u00abs\u00faperpolic\u00eda\u00bb y mientras encabezaba la&nbsp;<strong>Agencia Federal de Investigaci\u00f3n (AFI),&nbsp;<\/strong>de 2000 a 2006, durante la administraci\u00f3n de Vicente Fox.&nbsp;<\/p>\n\n\n\n<figure class=\"wp-block-image\"><img decoding=\"async\" src=\"https:\/\/heraldodemexico.com.mx\/u\/fotografias\/m\/2023\/1\/17\/f768x1-655916_656043_5050.jpeg\" alt=\"\"\/><figcaption>Los asistentes de la fiscal\u00eda tienen ese contenido debido a que agentes de investigaci\u00f3n del Departamento de Justicia tuvieron acceso a los dispositivos electr\u00f3nicos del exsecretario de Seguridad P\u00fablica de 2006 a 2012<br>Foto: Especial<\/figcaption><\/figure>\n\n\n\n<p class=\"wp-block-paragraph\">De acuerdo con informaci\u00f3n de la<em>\u00a0<\/em>periodista<em>\u00a0Nadia Sanders,<\/em>\u00a0durante el juicio fueron proyectadas las im\u00e1genes de una casa con fachada blanca ubicada en el municipio de J<strong>iutepec, estado de Morelos<\/strong>, propiedad de Garc\u00eda Luna. El inmueble\u00a0<strong>cuenta con una peque\u00f1a psicina,\u00a0un clima calido y un gran jard\u00edn.\u00a0<\/strong><\/p>\n\n\n\n<p class=\"wp-block-paragraph\">Se habla de que el pr\u00f3ximo lunes 13 de febrero se mostrar\u00e1n&nbsp;<strong>postales de las armas que ten\u00eda Genaro Garc\u00eda Luna,&nbsp;<\/strong>de un Mustang en su residencia de Miami, de un veh\u00edculo Land Rover, de&nbsp;<strong>motocicletas&nbsp;Harley Davidson y un yate privado<\/strong>. Seg\u00fan las autoridades, la riqueza de Garc\u00eda Luna es previo a 2013, cuando abandon\u00f3 el gobierno.&nbsp;<\/p>\n\n\n\n<p class=\"wp-block-paragraph\">Respecto a las motocicletas se confirmar\u00eda el testimonio que hace unas semanas comparti\u00f3 Sergio Villarreal \u00abEl Grande\u00bb, jefe de sicarios de los Beltr\u00e1n Leyva. De acuerdo al narcotraficante,<strong>&nbsp;entre 2001 y 2004 el exfuncionario recib\u00eda de un mill\u00f3n a mill\u00f3n y medio de d\u00f3lares mensuales,&nbsp;<\/strong>aunque hubo una ocasi\u00f3n en que le dieron 16 millones en billetes de 100 d\u00f3lares dentro de una caja de cart\u00f3n.<\/p>\n\n\n\n<figure class=\"wp-block-image\"><img decoding=\"async\" src=\"https:\/\/heraldodemexico.com.mx\/u\/fotografias\/m\/2022\/12\/16\/f768x1-638068_638195_5050.jpg\" alt=\"\"\/><figcaption>El juicio contra Genaro Garc\u00eda Luna est\u00e1 llegando a su recta final y las especulaciones sobre qui\u00e9nes ser\u00e1n los \u00faltimos testigos han encendido un debate en las redes sociales<br>Foto: Especial<\/figcaption><\/figure>\n\n\n\n<p class=\"wp-block-paragraph\">El&nbsp;<strong>periodista&nbsp;Keegan Hamilton,&nbsp;<\/strong>de&nbsp;Vice News,&nbsp;inform\u00f3 mediante un hilo de Twitter lo ocurrido en el juicio, as\u00ed se supo que el capo habl\u00f3 sobre&nbsp;la corrupci\u00f3n en M\u00e9xico,&nbsp;diciendo que \u201cHay dos tipos: uno es cuando le pagas a un oficial para que mire hacia otro lado para dejar pasar algo.&nbsp;<strong>El otro tipo es cuando participa en las actividades de la organizaci\u00f3n<\/strong>\u201d, asegurando que Garc\u00eda Luna es del segundo.&nbsp;<\/p>\n\n\n\n<p class=\"wp-block-paragraph\">Trascendi\u00f3 tambi\u00e9n que&nbsp;Arturo&nbsp;Beltr\u00e1n Leyva le regal\u00f3 a Garc\u00eda Luna una motocicleta&nbsp;<strong>Harley Davidson&nbsp;<\/strong>edici\u00f3n especial,&nbsp;la cual compr\u00f3&nbsp;<strong>mediante su cu\u00f1ado Carlos.&nbsp;<\/strong>Por otro lado, tambi\u00e9n se revelar\u00edan los permisos de importanci\u00f3n de las motocicletas Harley Davidson y fotos del restaurante Los Cedros, propiedad de su esposa&nbsp;<strong>Cristina Pereyra,&nbsp;<\/strong>esto con el objetivo de demostrar que ten\u00eda&nbsp;<strong>acceso a negocios con dinero.&nbsp;<\/strong><\/p>\n\n\n\n<figure class=\"wp-block-image\"><img decoding=\"async\" src=\"https:\/\/heraldodemexico.com.mx\/u\/fotografias\/m\/2023\/2\/8\/f768x1-669425_669552_134.jpg\" alt=\"\"\/><figcaption>Se habla de que el pr\u00f3ximo lunes 13 de febrero se mostrar\u00e1n postales de las armas que ten\u00eda Genaro Garc\u00eda Luna, de un Mustang en su residencia de Miami, de un veh\u00edculo Land Rover, de motocicletas&nbsp;Harley Davidson y un yate privado<br>Foto: Especial<\/figcaption><\/figure>\n\n\n\n<p class=\"wp-block-paragraph\">Alrededor de las 21:00 horas, mediante un comunicado que<strong>\u00a0fue enviado para el juez Brian Cogan,\u00a0<\/strong>la fiscal\u00eda norteamericana inform\u00f3 sobre una\u00a0actualizaci\u00f3n en el calendario de las audiencias, pues se espera que llamen al estrado a 4 testigos m\u00e1s. Adem\u00e1s, pidieron que el juicio se\u00a0<strong>suspenda temprano\u00a0para este mi\u00e9rcoles 8 de febrero.\u00a0<\/strong><\/p>\n\n\n\n<p class=\"wp-block-paragraph\">De igual manera se adelant\u00f3 que los alegatos&nbsp;podr\u00edan finalizar el pr\u00f3ximo martes 14 de febrero,&nbsp;fecha en que se busca descansar el caso, pues ya no se presentar\u00edan m\u00e1s testigos.<\/p>\n\n\n\n<figure class=\"wp-block-image\"><img decoding=\"async\" src=\"https:\/\/heraldodemexico.com.mx\/u\/fotografias\/m\/2023\/2\/8\/f768x1-669426_669553_5050.jpg\" alt=\"\"\/><figcaption>Seg\u00fan las autoridades, la riqueza de Garc\u00eda Luna es previo a 2013, cuando abandon\u00f3 el gobierno<br>Foto: Especial<\/figcaption><\/figure>\n\n\n\n<p class=\"wp-block-paragraph\">Cabe se\u00f1alar que en dado caso de que los testigos de los fiscales terminen de declarar para&nbsp;<strong>D\u00eda de San Valent\u00edn,<\/strong>&nbsp;esto no significa&nbsp;que para dicha fecha habr\u00e1 un&nbsp;veredicto final, pues todav\u00eda faltan las acciones que&nbsp;<strong>pueden realizar los&nbsp;abogados del ex secretario de Seguridad.<\/strong><\/p>\n","protected":false},"excerpt":{"rendered":"<p>El juicio\u00a0contra Genaro Garc\u00eda Luna\u00a0est\u00e1 llegando a su recta final y las especulaciones sobre qui\u00e9nes ser\u00e1n los \u00faltimos testigos han encendido un debate en las redes sociales. Lo que s\u00ed es una realidad es que el equipo de la fiscal\u00eda estadounidense\u00a0tiene planeado revelar unas fotograf\u00edas\u00a0de propiedades, autos y hasta una imagen del colaborador del expresidente [&hellip;]<\/p>\n","protected":false},"author":2,"featured_media":115019,"comment_status":"open","ping_status":"open","sticky":false,"template":"","format":"standard","meta":{"footnotes":""},"categories":[61],"tags":[],"class_list":["post-115018","post","type-post","status-publish","format-standard","has-post-thumbnail","hentry","category-politica"],"_links":{"self":[{"href":"http:\/\/elcuartopoder.com.mx\/nw\/wp-json\/wp\/v2\/posts\/115018","targetHints":{"allow":["GET"]}}],"collection":[{"href":"http:\/\/elcuartopoder.com.mx\/nw\/wp-json\/wp\/v2\/posts"}],"about":[{"href":"http:\/\/elcuartopoder.com.mx\/nw\/wp-json\/wp\/v2\/types\/post"}],"author":[{"embeddable":true,"href":"http:\/\/elcuartopoder.com.mx\/nw\/wp-json\/wp\/v2\/users\/2"}],"replies":[{"embeddable":true,"href":"http:\/\/elcuartopoder.com.mx\/nw\/wp-json\/wp\/v2\/comments?post=115018"}],"version-history":[{"count":1,"href":"http:\/\/elcuartopoder.com.mx\/nw\/wp-json\/wp\/v2\/posts\/115018\/revisions"}],"predecessor-version":[{"id":115020,"href":"http:\/\/elcuartopoder.com.mx\/nw\/wp-json\/wp\/v2\/posts\/115018\/revisions\/115020"}],"wp:featuredmedia":[{"embeddable":true,"href":"http:\/\/elcuartopoder.com.mx\/nw\/wp-json\/wp\/v2\/media\/115019"}],"wp:attachment":[{"href":"http:\/\/elcuartopoder.com.mx\/nw\/wp-json\/wp\/v2\/media?parent=115018"}],"wp:term":[{"taxonomy":"category","embeddable":true,"href":"http:\/\/elcuartopoder.com.mx\/nw\/wp-json\/wp\/v2\/categories?post=115018"},{"taxonomy":"post_tag","embeddable":true,"href":"http:\/\/elcuartopoder.com.mx\/nw\/wp-json\/wp\/v2\/tags?post=115018"}],"curies":[{"name":"wp","href":"https:\/\/api.w.org\/{rel}","templated":true}]}}