{"id":115024,"date":"2023-02-09T10:48:28","date_gmt":"2023-02-09T15:48:28","guid":{"rendered":"http:\/\/elcuartopoder.com.mx\/nw\/?p=115024"},"modified":"2023-02-09T10:48:32","modified_gmt":"2023-02-09T15:48:32","slug":"vivir-sin-retrete-la-realidad-diaria-de-3-600-millones-de-personas","status":"publish","type":"post","link":"http:\/\/elcuartopoder.com.mx\/nw\/destacadas\/vivir-sin-retrete-la-realidad-diaria-de-3-600-millones-de-personas\/","title":{"rendered":"Vivir sin retrete: la realidad diaria de 3.600 millones de personas"},"content":{"rendered":"\n<p class=\"wp-block-paragraph\">El agua es un bien escaso y a la vez vital para la supervivencia humana, a pesar de ello 3 de cada 10 personas carecen de acceso a servicios de agua potable seguros. Un n\u00famero, bien es cierto, que se ha reducido con el paso de los a\u00f1os y los esfuerzos internacionales. \u00abEl 45 % de los pa\u00edses est\u00e1 en camino de lograr sus objetivos de cobertura de agua potable definidos a nivel nacional\u00bb, se\u00f1ala la Organizaci\u00f3n Mundial de la Salud (OMS) en su \u00faltimo informe Global Analysis and Assessment of Sanitation and Drinking-Water (GLAAS). Aunque, \u00absolo el 25 % de los pa\u00edses est\u00e1 en camino de lograr sus objetivos nacionales de saneamiento\u00bb, advierte.<\/p>\n\n\n\n<p class=\"wp-block-paragraph\">Una tarea pendiente que cuesta la vida diaria de 1.000 ni\u00f1os, seg\u00fan Unicef. \u00abFallecen a causa de enfermedades diarreicas asociadas con agua potable contaminada, saneamiento deficiente o malas pr\u00e1cticas de higiene\u00bb, a\u00f1aden. \u00abNo es una cuesti\u00f3n tecnol\u00f3gica, sino de voluntad pol\u00edtica\u00bb, se\u00f1ala Johannes Cullman, vicepresidente de ONU-Agua, el mecanismo de coordinaci\u00f3n del organismo mundial para cuestiones relacionadas con el agua.<\/p>\n\n\n\n<p class=\"wp-block-paragraph\">Si bien ha habido un aumento en los presupuestos relacionados con esta materia en algunos pa\u00edses, m\u00e1s del 75% de los pa\u00edses inform\u00f3 de fondos insuficientes para implementar sus planes y estrategias de saneamiento e higienizaci\u00f3n del agua. Una merma que se refleja, por ejemplo, en que 3.600 millones de personas no tengan acceso a un retrete y 892 millones hagan sus\u00a0necesidades b\u00e1sicas\u00a0al aire libre todos los d\u00edas. \u00abVivir sin un saneamiento gestionado de forma segura supone una amenaza para su salud, es perjudicial para el medioambiente y obstaculiza el desarrollo econ\u00f3mico\u00bb, alertaba el mes pasado Antonio Guterres, secretario general de Naciones Unidas.<\/p>\n\n\n\n<p class=\"wp-block-paragraph\">892 millones hacen sus necesidades b\u00e1sicas al aire libre todos los d\u00edas<\/p>\n\n\n\n<p class=\"wp-block-paragraph\">La falta de inodoros e infraestructuras saludables aumenta el riesgo de esparcir los excrementos humanos en r\u00edos, lagos y suelos, contaminando as\u00ed los recursos h\u00eddricos subterr\u00e1neos que suponen el 99% del\u00a0agua dulce l\u00edquida del planeta\u00a0. Adem\u00e1s, se desconoce la salubridad de estos embalses bajo tierra debido a la falta de datos.<\/p>\n\n\n\n<p class=\"wp-block-paragraph\">En el momento en el que el agua usada y sucia se vierte directamente en la tierra, contamina de inmediato la capa fre\u00e1tica de la que sale el agua potable y \u00abexpone a la poblaci\u00f3n a un sinn\u00famero de agentes infecciosos asociados al agua contaminada y a una insuficiente higiene\u00bb, destaca el informe de la OMS. Esto provoca enfermedades diarreicas, virus intestinales como el Rotavirus, c\u00f3lera, fiebre tifoidea causada por la bacteria Salmonella, polio, leptospitosis, muchos par\u00e1sitos y el virus de la hepatitis A, \u00abdonde los m\u00e1s j\u00f3venes son los principales afectados\u00bb, informa la Organizaci\u00f3n Mundial de la Salud. \u00abPor cada d\u00f3lar invertido en retretes y saneamiento, se consigue ahorrar hasta cinco d\u00f3lares en gastos m\u00e9dicos\u00bb, detalla Guterres.<\/p>\n\n\n\n<p class=\"wp-block-paragraph\">\u00abHacemos un llamado a los gobiernos y socios para el desarrollo para que fortalezcan estos sistemas y aumenten dr\u00e1sticamente la inversi\u00f3n para extender el acceso a servicios de agua potable y saneamiento administrados de manera segura para todos para 2030, comenzando con los m\u00e1s vulnerables\u00bb, revela Tedros Adhanom Ghebreyesus, director general de la OMS.<\/p>\n\n\n\n<p class=\"wp-block-paragraph\">Fuente: ABC<\/p>\n","protected":false},"excerpt":{"rendered":"<p>El agua es un bien escaso y a la vez vital para la supervivencia humana, a pesar de ello 3 de cada 10 personas carecen de acceso a servicios de agua potable seguros. Un n\u00famero, bien es cierto, que se ha reducido con el paso de los a\u00f1os y los esfuerzos internacionales. \u00abEl 45 % [&hellip;]<\/p>\n","protected":false},"author":2,"featured_media":115025,"comment_status":"open","ping_status":"open","sticky":false,"template":"","format":"standard","meta":{"footnotes":""},"categories":[59],"tags":[],"class_list":["post-115024","post","type-post","status-publish","format-standard","has-post-thumbnail","hentry","category-destacadas"],"_links":{"self":[{"href":"http:\/\/elcuartopoder.com.mx\/nw\/wp-json\/wp\/v2\/posts\/115024","targetHints":{"allow":["GET"]}}],"collection":[{"href":"http:\/\/elcuartopoder.com.mx\/nw\/wp-json\/wp\/v2\/posts"}],"about":[{"href":"http:\/\/elcuartopoder.com.mx\/nw\/wp-json\/wp\/v2\/types\/post"}],"author":[{"embeddable":true,"href":"http:\/\/elcuartopoder.com.mx\/nw\/wp-json\/wp\/v2\/users\/2"}],"replies":[{"embeddable":true,"href":"http:\/\/elcuartopoder.com.mx\/nw\/wp-json\/wp\/v2\/comments?post=115024"}],"version-history":[{"count":1,"href":"http:\/\/elcuartopoder.com.mx\/nw\/wp-json\/wp\/v2\/posts\/115024\/revisions"}],"predecessor-version":[{"id":115026,"href":"http:\/\/elcuartopoder.com.mx\/nw\/wp-json\/wp\/v2\/posts\/115024\/revisions\/115026"}],"wp:featuredmedia":[{"embeddable":true,"href":"http:\/\/elcuartopoder.com.mx\/nw\/wp-json\/wp\/v2\/media\/115025"}],"wp:attachment":[{"href":"http:\/\/elcuartopoder.com.mx\/nw\/wp-json\/wp\/v2\/media?parent=115024"}],"wp:term":[{"taxonomy":"category","embeddable":true,"href":"http:\/\/elcuartopoder.com.mx\/nw\/wp-json\/wp\/v2\/categories?post=115024"},{"taxonomy":"post_tag","embeddable":true,"href":"http:\/\/elcuartopoder.com.mx\/nw\/wp-json\/wp\/v2\/tags?post=115024"}],"curies":[{"name":"wp","href":"https:\/\/api.w.org\/{rel}","templated":true}]}}