{"id":115201,"date":"2023-02-15T15:54:08","date_gmt":"2023-02-15T20:54:08","guid":{"rendered":"http:\/\/elcuartopoder.com.mx\/nw\/?p=115201"},"modified":"2023-02-15T15:54:12","modified_gmt":"2023-02-15T20:54:12","slug":"hallan-una-tumba-romana-con-un-esqueleto-del-siglo-v-en-unas-obras-en-el-centro-de-barcelona","status":"publish","type":"post","link":"http:\/\/elcuartopoder.com.mx\/nw\/internacionales\/hallan-una-tumba-romana-con-un-esqueleto-del-siglo-v-en-unas-obras-en-el-centro-de-barcelona\/","title":{"rendered":"Hallan una tumba romana con un esqueleto del siglo V en unas obras en el centro de Barcelona"},"content":{"rendered":"\n<p class=\"wp-block-paragraph\">Sorpresa en las obras de remodelaci\u00f3n de la Via Laietana de Barcelona. Los trabajos arqueol\u00f3gicos en la plaza Antoni Maura han sacado a la luz una tumba de la \u00e9poca romana tard\u00eda (siglo V) correspondiente a un hombre adulto de entre 30 y 65 a\u00f1os.<\/p>\n\n\n\n<p class=\"wp-block-paragraph\">El hallazgo corresponde a un \u00abesqueleto robusto\u00bb que ten\u00eda las extremidades inferiores seccionadas y un brazo estirado, y tras la exhumaci\u00f3n, se realizar\u00e1 un estudio de laboratorio con todos los elementos localizados, han informado fuentes del Institut de Cultura de Barcelona (ICUB).<\/p>\n\n\n\n<p class=\"wp-block-paragraph\">En la misma plaza Antoni Maura, aparecieron restos de \u00e9poca moderna y medieval, como muros, pavimentos y silos correspondientes a una parte de una \u00abprobable zona artesanal de los siglos XII &#8211; XIV\u00bb, en unas cronolog\u00edas que se tienen que terminar de comprobar a partir de un estudio.<\/p>\n\n\n\n<p class=\"wp-block-paragraph\">Los arque\u00f3logos del Servicio Municipal de Arqueolog\u00eda trabajan para desenterrar unos restos \u00f3seos que ya han permitido determinar algunas caracter\u00edsticas sobre c\u00f3mo era este barcelon\u00e9s romano: \u00abLos huesos son gruesos y largos; por tanto, se trata de un individuo robusto. Tambi\u00e9n sabemos que es un adulto porque los huesos se han terminado de fusionar y tiene los dientes permanentes\u00bb, ha explicado la antrop\u00f3loga f\u00edsica J\u00falia Benet. Los primeros estudios apuntan a que el hombre tendr\u00eda entre 35 y 60 a\u00f1os.<\/p>\n\n\n\n<p class=\"wp-block-paragraph\">Fuente: ABC<\/p>\n","protected":false},"excerpt":{"rendered":"<p>Sorpresa en las obras de remodelaci\u00f3n de la Via Laietana de Barcelona. Los trabajos arqueol\u00f3gicos en la plaza Antoni Maura han sacado a la luz una tumba de la \u00e9poca romana tard\u00eda (siglo V) correspondiente a un hombre adulto de entre 30 y 65 a\u00f1os. El hallazgo corresponde a un \u00abesqueleto robusto\u00bb que ten\u00eda las [&hellip;]<\/p>\n","protected":false},"author":2,"featured_media":115202,"comment_status":"open","ping_status":"open","sticky":false,"template":"","format":"standard","meta":{"footnotes":""},"categories":[8],"tags":[],"class_list":["post-115201","post","type-post","status-publish","format-standard","has-post-thumbnail","hentry","category-internacionales"],"_links":{"self":[{"href":"http:\/\/elcuartopoder.com.mx\/nw\/wp-json\/wp\/v2\/posts\/115201","targetHints":{"allow":["GET"]}}],"collection":[{"href":"http:\/\/elcuartopoder.com.mx\/nw\/wp-json\/wp\/v2\/posts"}],"about":[{"href":"http:\/\/elcuartopoder.com.mx\/nw\/wp-json\/wp\/v2\/types\/post"}],"author":[{"embeddable":true,"href":"http:\/\/elcuartopoder.com.mx\/nw\/wp-json\/wp\/v2\/users\/2"}],"replies":[{"embeddable":true,"href":"http:\/\/elcuartopoder.com.mx\/nw\/wp-json\/wp\/v2\/comments?post=115201"}],"version-history":[{"count":1,"href":"http:\/\/elcuartopoder.com.mx\/nw\/wp-json\/wp\/v2\/posts\/115201\/revisions"}],"predecessor-version":[{"id":115203,"href":"http:\/\/elcuartopoder.com.mx\/nw\/wp-json\/wp\/v2\/posts\/115201\/revisions\/115203"}],"wp:featuredmedia":[{"embeddable":true,"href":"http:\/\/elcuartopoder.com.mx\/nw\/wp-json\/wp\/v2\/media\/115202"}],"wp:attachment":[{"href":"http:\/\/elcuartopoder.com.mx\/nw\/wp-json\/wp\/v2\/media?parent=115201"}],"wp:term":[{"taxonomy":"category","embeddable":true,"href":"http:\/\/elcuartopoder.com.mx\/nw\/wp-json\/wp\/v2\/categories?post=115201"},{"taxonomy":"post_tag","embeddable":true,"href":"http:\/\/elcuartopoder.com.mx\/nw\/wp-json\/wp\/v2\/tags?post=115201"}],"curies":[{"name":"wp","href":"https:\/\/api.w.org\/{rel}","templated":true}]}}